{"id":198812,"date":"2025-11-04T09:46:16","date_gmt":"2025-11-04T09:46:16","guid":{"rendered":"https:\/\/www.europesays.com\/it\/198812\/"},"modified":"2025-11-04T09:46:16","modified_gmt":"2025-11-04T09:46:16","slug":"a-masnago-arriva-la-virtus-tricolore","status":"publish","type":"post","link":"https:\/\/www.europesays.com\/it\/198812\/","title":{"rendered":"a Masnago arriva la Virtus tricolore"},"content":{"rendered":"<p>\t\t\t\t\t\t\t\t\t\t\t\t\t\t\t\t\t\t\t\t\t\t\t\t\t\t\t\t\t<img decoding=\"async\" loading=\"lazy\" fetchpriority=\"low\" width=\"610\" height=\"431\" src=\"https:\/\/www.europesays.com\/it\/wp-content\/uploads\/2025\/11\/caricamento-temporaneo-per-contributo-17614236973je4bc9d04sd6das-1969699.610x431.jpg\" alt=\"Openjobmetis Varese - Dolomiti Energia Trento 74-85\"\/>\t\t\t\t\t\t\t\t\t\t\t\t\t\t\t\t\t\t\t<\/p>\n<p>Torna in campo con un solo giorno di pausa la <strong>Openjobmetis<\/strong> che \u00e8 rientrata a Varese nella<strong> tarda serata di domenica da Venezia<\/strong> e che <strong>marted\u00ec 4 (ore 20)<\/strong> ospita a Masnago i campioni d\u2019Italia della <strong>Virtus Bologna<\/strong> nell\u2019anticipo della 6a di campionato. Una condizione particolare: i biancorossi sono<strong> gli unici a giocare due volte in 48 ore,<\/strong> colpa di un turno infilato in una settimana in cui le coppe europee non si fermano e anche di un <strong>peso politico<\/strong> che di certo non \u00e8 attualmente ai massimi storici per la societ\u00e0 bosina.<\/p>\n<p>Certo, la <strong>Virtus \u00e8 messa poco meglio,<\/strong> visto che poi <strong>\u201crimbalzer\u00e0\u201d nei Paesi Baschi<\/strong> per il match di Eurolega previsto gioved\u00ec sera a Vitoria, ma chi disputa la massima competizione continentale lo ha scelto e ha <strong>l\u2019abitudine ai confronti ravvicinati.<\/strong> Non a caso coach Ivanovic potr\u00e0 scegliere da una <strong>rosa di otto stranieri<\/strong> per pescare i sei da mandare a referto alla Itelyum Arena. Chi saranno gli esclusi <strong>non si sa:<\/strong> il tecnico montenegrino \u00e8 abituato a decidere all\u2019ultimo, anche se<strong> qualche spiffero indica nel funambolico Carsten Edwards<\/strong> uno degli uomini destinati a rifiatare.<\/p>\n<p>La <strong>Openjobmetis,<\/strong> comunque, dovr\u00e0 <strong>guardare prima a se stessa<\/strong> e poi agli altri, un po\u2019 perch\u00e9 si trova nel <strong>mezzo di una variazione tecnico-tattica<\/strong> importante (inserimento di un nuovo play, passaggio ai sei stranieri, utilizzo finalmente della coppia Nkamhoua-Renfro), un po\u2019 perch\u00e9 la profondit\u00e0 della <strong>Olidata<\/strong> (nuovo abbinamento delle Vu Nere) \u00e8 tale che rende <strong>difficile prendere le contromisure sui singoli.<\/strong><\/p>\n<p>La squadra di Kastritis <strong>si \u00e8 allenata al luned\u00ec<\/strong> con un<strong> programma pi\u00f9 \u201cconservativo\u201d<\/strong> del solito e svolger\u00e0 la consueta <strong>seduta di tiro nel giorno della partita,<\/strong> sperando che non siano troppe le scorie del match del Taliercio e dell\u2019immediato viaggio in pullman. Nel complesso comunque l\u2019Openjobmetis sta piuttosto bene e <strong>spera di avere passi avanti da Librizzi<\/strong>: dopo l\u2019influenza il capitano ha provato a Venezia ma non era evidentemente in forma. <strong>Lo scorso anno tocc\u00f2 a lui far saltare il banco<\/strong> con una prova da <strong>28 punti e 5\/7 da tre<\/strong> ad un\u2019attonita difesa virtussina in una serata memorabile per Libro e per tutti i tifosi.<\/p>\n<blockquote>\n<p><strong>\u201cDAL PARQUET\u201d:<\/strong> ascolta la 5a puntata<\/p>\n<\/blockquote>\n<p>Ripetersi sar\u00e0 dura, inutile negarlo: <strong>Bologna \u00e8 nel poker di squadre che comanda la classifica,<\/strong> sta facendo bene in Europa (4 vinte, 4 perse) e ha fallito \u2013 clamorosamente \u2013 solo in occasione del match interno con Cremona. Un\u2019esperienza che Pajola e soci non intendono ripetere. La OJM dal canto suo ha mostrato <strong>miglioramenti a Venezia, anche grazie all\u2019inserimento di Iroegbu<\/strong> che ha segnato tanto ma che soprattutto ha mostrato quelle qualit\u00e0 \u2013 saltare l\u2019uomo, distribuire la palla sugli scarichi (Alviti ringrazia), reggere i contatti in entrata \u2013 mancate a Moody. Quest\u2019ultimo sar\u00e0 ovviamente ancora della comitiva ma le<strong> fortune biancorosse<\/strong> dovranno per forza passare prima di tutto da gente come Alviti, Renfro e in parte anche Freeman (il pi\u00f9 deludente dell\u2019ultima settimana) e Assui. Giocatori in cerca di riscatto: baster\u00e0 l\u2019atmosfera da coppa europea a dar loro una spinta in pi\u00f9?<\/p>\n<p><strong>BULLERI ESONERATO<\/strong> \u2013 Salta intanto la prima panchina in LBA: \u00e8 quella dell\u2019ex biancorosso (giocatore e allenatore) <strong>Massimo Bulleri a Sassari<\/strong>, a secco di vittorie dopo cinque partite. Al suo posto potrebbe arrivare un altro grande ex di casa nostra, <strong>Veljko Mrsic.<\/strong> Per ora comunque la squadra \u00e8 affidata al vice Oltolini.<\/p>\n<p><strong>DIRETTAVN<\/strong> \u2013 La gara della Itelyum Arena sar\u00e0 raccontata dal nostro giornale con la consueta <strong>#direttaVN,<\/strong> il <strong>liveblog<\/strong> gi\u00e0 attivo dal luned\u00ec con all\u2019interno notizie, curiosit\u00e0 e il sondaggio-pronostico pregara. Poi dalle 19,30 di marted\u00ec il racconto azione per azione del match. Per accedere al live \u00e8 sufficiente <a href=\"https:\/\/www.24liveblog.com\/live\/UJhH3\" target=\"_blank\" rel=\"noopener nofollow\"><strong>CLICCARE QUI<\/strong><\/a>.<\/p>\n<p><strong>CLASSIFICA<\/strong> (dopo 5 giornate): Tortona, V. Bologna, Brescia, Milano 8; Venezia, Trento, Cremona, Trieste 6; Trapani (-4), Napoli, Cant\u00f9, Reggio Emilia 4; Udine, VARESE 2; Treviso, Sassari 0.<\/p>\n<p>  <a style=\"display: inline-block;\" href=\"https:\/\/www.varesenews.it\/radio-materia\/\" rel=\"nofollow noopener\" target=\"_blank\"><br \/>\n    <img decoding=\"async\" src=\"https:\/\/www.europesays.com\/it\/wp-content\/uploads\/2025\/08\/materia-banner-radio_300x175.png\" alt=\"\"\/><br \/>\n  <\/a><br \/>\n  <a style=\"display: inline-block;\" href=\"https:\/\/www.materiaspaziolibero.it\/eventi\" target=\"_blank\" rel=\"nofollow noopener\"><br \/>\n    <img decoding=\"async\" src=\"https:\/\/www.europesays.com\/it\/wp-content\/uploads\/2025\/10\/materia-banner-eventi_novembre_300x175.png\" alt=\"\"\/><br \/>\n  <\/a><\/p>\n","protected":false},"excerpt":{"rendered":"Torna in campo con un solo giorno di pausa la Openjobmetis che \u00e8 rientrata a Varese nella tarda&hellip;\n","protected":false},"author":3,"featured_media":198813,"comment_status":"","ping_status":"","sticky":false,"template":"","format":"standard","meta":{"footnotes":""},"categories":[176],"tags":[1756,1537,90,89,5126,245,244],"class_list":{"0":"post-198812","1":"post","2":"type-post","3":"status-publish","4":"format-standard","5":"has-post-thumbnail","7":"category-sport","8":"tag-basket","9":"tag-it","10":"tag-italia","11":"tag-italy","12":"tag-pallacanestro-varese","13":"tag-sport","14":"tag-sports"},"share_on_mastodon":{"url":"https:\/\/pubeurope.com\/@it\/115490795802550904","error":""},"_links":{"self":[{"href":"https:\/\/www.europesays.com\/it\/wp-json\/wp\/v2\/posts\/198812","targetHints":{"allow":["GET"]}}],"collection":[{"href":"https:\/\/www.europesays.com\/it\/wp-json\/wp\/v2\/posts"}],"about":[{"href":"https:\/\/www.europesays.com\/it\/wp-json\/wp\/v2\/types\/post"}],"author":[{"embeddable":true,"href":"https:\/\/www.europesays.com\/it\/wp-json\/wp\/v2\/users\/3"}],"replies":[{"embeddable":true,"href":"https:\/\/www.europesays.com\/it\/wp-json\/wp\/v2\/comments?post=198812"}],"version-history":[{"count":0,"href":"https:\/\/www.europesays.com\/it\/wp-json\/wp\/v2\/posts\/198812\/revisions"}],"wp:featuredmedia":[{"embeddable":true,"href":"https:\/\/www.europesays.com\/it\/wp-json\/wp\/v2\/media\/198813"}],"wp:attachment":[{"href":"https:\/\/www.europesays.com\/it\/wp-json\/wp\/v2\/media?parent=198812"}],"wp:term":[{"taxonomy":"category","embeddable":true,"href":"https:\/\/www.europesays.com\/it\/wp-json\/wp\/v2\/categories?post=198812"},{"taxonomy":"post_tag","embeddable":true,"href":"https:\/\/www.europesays.com\/it\/wp-json\/wp\/v2\/tags?post=198812"}],"curies":[{"name":"wp","href":"https:\/\/api.w.org\/{rel}","templated":true}]}}