{"id":198830,"date":"2025-11-04T10:02:11","date_gmt":"2025-11-04T10:02:11","guid":{"rendered":"https:\/\/www.europesays.com\/it\/198830\/"},"modified":"2025-11-04T10:02:11","modified_gmt":"2025-11-04T10:02:11","slug":"wellens-a-ruota-libera-le-vittorie-il-tour-il-ginocchio-di-pogacar-la-crescita-di-del-toro","status":"publish","type":"post","link":"https:\/\/www.europesays.com\/it\/198830\/","title":{"rendered":"WELLENS A RUOTA LIBERA. \u00abLE VITTORIE, IL TOUR, IL GINOCCHIO DI POGACAR, LA CRESCITA DI DEL TORO&#8230;\u00bb"},"content":{"rendered":"<p><strong>Tim Wellens \u00e8 uno dei corridori pi\u00f9 esperti del gruppo<\/strong> e la sua UAE Emirates anche quest\u2019anno \u00e8 stata la squadra con il maggior numero di vittorie. A 34 anni, Wellens prova ancora la stessa emozione nell&#8217;appuntare un numero di gara sulla sua maglia da campione belga e alla fine di questo 2025 si ritiene soddisfatto per le vittorie ottenute:<strong> il titolo di campione nazionale belga e la vittoria di tappa alla quindicesima del Tour de France<\/strong>, portando cos\u00ec a <strong>41 il numero dei suoi successi in carriera.<\/strong> A breve inizieranno le vacanze per il fiammingo, che trascorrer\u00e0 alcuni giorni di vacanza a Bali e prima di partire ha voluto fare delle riflessioni e <strong>raccontare dei momenti pi\u00f9 difficili al Tour, quando Pogacar per un problema al ginocchio, aveva anche pensato al ritiro.\u00a0\u00a0<\/strong>\n            <\/p>\n<p>\u00abQuesto \u00e8 sicuramente l&#8217;anno in cui ho ottenuto le mie due pi\u00f9 grandi vittorie: il titolo di campione nazionale belga e la vittoria di tappa al Tour de France \u2013 ha detto Wellens al Criterium Saitama -. La maglia di campione nazionale \u00e8 una delle pi\u00f9 belle da indossare per un anno intero. <strong>Per il mio successo al Tour de France, sono rimasto sorpreso dalla sua risonanza anche con un pubblico non necessariamente interessato al ciclismo<\/strong>. So che il Tour \u00e8 la corsa pi\u00f9 importante del mondo, ma non pensavo avesse un impatto cos\u00ec forte. <strong>Se dovessi scegliere tra dieci tappe al Giro d&#8217;Italia e una al Tour de France, sceglierei sicuramente la seconda.<\/strong> Anche quando entro dal fornaio adesso tutti mi riconoscono\u00bb.\u00a0\n            <\/p>\n<p>Nel 2026 la UAE Emirates vuole riconfermarsi come la squadra pi\u00f9 forte del World Tour, grazie a <strong>Tadej Pogacar<\/strong>, ma anche con corridori pi\u00f9 giovani come<strong> Isaac Del Toro<\/strong> e altri giovani talenti, ma anche Wellens vuole ottenere qualcosa in un momento della sua carriera nel quale si iniziano a tirare le somme.<\/p>\n<p>\u00ab<strong>Le mie due priorit\u00e0 saranno le Classiche in Belgio e il Tour<\/strong>. Se la squadra mi chiedesse se preferisco correre le Classiche Fiamminghe o Valloni, <strong>sceglierei le Classiche delle Ardenne perch\u00e9 sono gare molto meno stressanti.<\/strong> Non devi lottare per la posizione in ogni curva; ti servono solo le gambe per ottenere un risultato. \u00c8 mentalmente estenuante, ma so anche di non avere la capacit\u00e0 di competere per una vittoria o un podio nelle Classiche Valloni e, dato che mi diverto anche a correre bene e ottenere buoni risultati, se potessi vincere una Classica, sarebbe fantastico e sarebbe bello se anche Tadej ci fosse, perch\u00e9 quando c\u2019\u00e8 lui in corsa, per noi diventa tutto pi\u00f9 facile\u00bb.<\/p>\n<p><strong>Wellens e Pogacar sono due corridori molto uniti e abbiamo visto spesso il belga stare in testa al gruppo<\/strong>\u00a0poco prima di un attacco dello sloveno. Il Tour che vediamo in televisione, non sempre ci mostra ci\u00f2 che accade veramente nel gruppo e alcune cose restano nascoste tra i corridori, come un problema al ginocchio per Pogacar durante il Tour.<\/p>\n<p>\u00abTadej ha recentemente menzionato, in un podcast,<strong> il dolore al ginocchio che lo ha ostacolato durante il Tour e posso dire che era grave.<\/strong> Durante la diciassettesima tappa, verso Valence, \u00e8 venuto a trovarmi a un certo punto perch\u00e9 aveva un dolore fortissimo. \u00c8 persino dovuto andare all&#8217;auto medica. <strong>La sera non si sentiva\u00a0 bene e lo staff ha deciso di portarlo in ospedale per una risonanza magnetica.<\/strong> Dato che era un ospedale pubblico, ero convinto che la visita sarebbe trapelata e sarebbe diventata di dominio pubblico, ma per fortuna nessuno lo ha scoperto. I medici hanno riscontrato un problema durante la risonanza magnetica e <strong>ha sofferto molto verso la fine del Tour. In squadra eravamo molto preoccupati e pensavamo che avrebbe abbandonato la corsa.<\/strong> Il suo corpo non funzionava pi\u00f9 come doveva e questo era evidente:<strong> le sue gambe erano gonfie e piene di liquido. Era persino ingrassato per questo.<\/strong> \u00c8 stato un sollievo arrivare a Parigi\u00bb.<\/p>\n<p>La UAE Emirates \u00e8 una squadra molto forte, sicuramente la pi\u00f9 forte in questo momento, i corridori lo sanno e questa forza, li rende anche meno stressati in gara.\u00a0<br \/>\u00abNon mi rendo conto di come gli altri ci vedono, forse perch\u00e9 anch&#8217;io sono un corridore della UAE. Percepisco la fiducia nelle nostre capacit\u00e0 soprattutto durante i briefing. <strong>A Montreal, ad esempio, avevamo programmato una gara molto aggressiva per decidere rapidamente l&#8217;esito,<\/strong> ed \u00e8 quello che \u00e8 successo con la doppietta di McNulty e Pogacar. A volte ci diciamo, senza urlarlo troppo, che siamo i migliori e che non c&#8217;\u00e8 motivo di stressarsi. Quindi, possiamo dire che stiamo mettendo in pratica quello che diciamo. Ma spero che gli altri corridori non lo considerino troppo arrogante. <strong>Capisco che il nostro dominio possa essere stancante, ma non ho ancora percepito alcuna animosit\u00e0.<\/strong> Ci\u00f2 che a volte mi colpisce \u00e8 che ho la sensazione che alcuni pensino di aver gi\u00e0 perso prima ancora che la gara inizi perch\u00e9, ai loro occhi, abbiamo la bici migliore, il casco migliore e cos\u00ec via. Ma credo soprattutto che sia la qualit\u00e0 dei corridori a fare la differenza\u00bb.<\/p>\n<p>Pogacar \u00e8 il pi\u00f9 grande corridore e spesso viene accostato a Eddy Merckx, ma nella sua UAE Emirates sono tanti i giovani di talento che stanno emergendo e che presto potrebbero arrivare vicini al livello dello sloveno. Tra questi c\u2019\u00e8 <strong>Isaac Del Toro, che da molti viene considerato gi\u00e0 l\u2019erede di Pogacar.<\/strong><\/p>\n<p>\u00abIsaac \u00e8 molto intelligente, ma anche molto maturo. Ha solo 21 anni, ma ne dimostra 30. Essere costretto ad ambientarsi da solo in Europa dopo essere arrivato dal Messico ti fa maturare. <strong>\u00c8 davvero molto professionale e ha anche un ottimo atteggiamento con i suoi compagni di squadra.<\/strong> Dopo il suo secondo posto al Giro, anche se la maglia rosa gli \u00e8 sfuggita di mano solo alla fine, ha fatto un grande regalo a tutti i ragazzi, perch\u00e9 sa di aver bisogno di tutti per arrivare a vincere un grande giro. Non sta ancora guadagnando una fortuna e il fatto che abbia voluto spendere soldi per fare un regalo a tutti,\u00a0 rende il suo gesto ancora pi\u00f9 importante. <strong>Alla sua et\u00e0, non credo che avrei mostrato la stessa gratitudine per gli altri.<\/strong> E\u2019 forte e lo vedrete vincere sempre di pi\u00f9\u00bb.<\/p>\n<p>Anche a Pogacar piace fare regali ai suoi compagni, ma lui oltre ad essere generoso \u00e8 anche originale, come in quella volta in cui dopo la vittoria al Tour, decise di sorprendere tutta la squadra con qualcosa di veramente unico.<br \/>\u00abGrazie alle vittorie di Pogacar, otteniamo dei bonus importanti, ma quando vuole impressionarci, si diverte a farci dei regali veramente originali. <strong>Un anno, prima che entrassi in squadra, regal\u00f2 una Vespa gialla a tutti<\/strong>\u00bb.<\/p>\n<p>Wellens ha da poco rinnovato il suo contratto con la UAE Emirates e correr\u00e0 fino al 2027, anche se non nasconde di voler correre fino al 2030, anno in cui scadr\u00e0 il contratto di Pogacar.<\/p>\n<p>\u00abSono ancora in grado di allenarmi sotto la pioggia e di correre certi rischi in gara, questo \u00e8 il mio barometro della motivazione. Non mi sento esausto e vorrei continuare fino al 2029 o al 2030. Anche Tadej ama ancora quello che fa e penso che correr\u00e0 ancora per molti anni ancora\u00bb.<\/p>\n","protected":false},"excerpt":{"rendered":"Tim Wellens \u00e8 uno dei corridori pi\u00f9 esperti del gruppo e la sua UAE Emirates anche quest\u2019anno \u00e8&hellip;\n","protected":false},"author":3,"featured_media":198831,"comment_status":"","ping_status":"","sticky":false,"template":"","format":"standard","meta":{"footnotes":""},"categories":[1456],"tags":[1824,1825,1537,90,89,245,244,1826,1830],"class_list":{"0":"post-198830","1":"post","2":"type-post","3":"status-publish","4":"format-standard","5":"has-post-thumbnail","7":"category-ciclismo","8":"tag-ciclismo","9":"tag-cycling","10":"tag-it","11":"tag-italia","12":"tag-italy","13":"tag-sport","14":"tag-sports","15":"tag-tour-de-france","16":"tag-uae-emirates"},"share_on_mastodon":{"url":"https:\/\/pubeurope.com\/@it\/115490858146415406","error":""},"_links":{"self":[{"href":"https:\/\/www.europesays.com\/it\/wp-json\/wp\/v2\/posts\/198830","targetHints":{"allow":["GET"]}}],"collection":[{"href":"https:\/\/www.europesays.com\/it\/wp-json\/wp\/v2\/posts"}],"about":[{"href":"https:\/\/www.europesays.com\/it\/wp-json\/wp\/v2\/types\/post"}],"author":[{"embeddable":true,"href":"https:\/\/www.europesays.com\/it\/wp-json\/wp\/v2\/users\/3"}],"replies":[{"embeddable":true,"href":"https:\/\/www.europesays.com\/it\/wp-json\/wp\/v2\/comments?post=198830"}],"version-history":[{"count":0,"href":"https:\/\/www.europesays.com\/it\/wp-json\/wp\/v2\/posts\/198830\/revisions"}],"wp:featuredmedia":[{"embeddable":true,"href":"https:\/\/www.europesays.com\/it\/wp-json\/wp\/v2\/media\/198831"}],"wp:attachment":[{"href":"https:\/\/www.europesays.com\/it\/wp-json\/wp\/v2\/media?parent=198830"}],"wp:term":[{"taxonomy":"category","embeddable":true,"href":"https:\/\/www.europesays.com\/it\/wp-json\/wp\/v2\/categories?post=198830"},{"taxonomy":"post_tag","embeddable":true,"href":"https:\/\/www.europesays.com\/it\/wp-json\/wp\/v2\/tags?post=198830"}],"curies":[{"name":"wp","href":"https:\/\/api.w.org\/{rel}","templated":true}]}}