{"id":198862,"date":"2025-11-04T10:28:20","date_gmt":"2025-11-04T10:28:20","guid":{"rendered":"https:\/\/www.europesays.com\/it\/198862\/"},"modified":"2025-11-04T10:28:20","modified_gmt":"2025-11-04T10:28:20","slug":"italiani-in-campo-paolini-si-gioca-la-qualificazione-a-riad-derby-cobolli-sonego-a-metz","status":"publish","type":"post","link":"https:\/\/www.europesays.com\/it\/198862\/","title":{"rendered":"Italiani in campo: Paolini si gioca la qualificazione a Riad, derby Cobolli-Sonego a Metz"},"content":{"rendered":"<p>Una giornata ricca di sfide interessanti tra i tornei Atp 250 e poi le Wta Finals con Jasmine Paolini che non pu\u00f2 sbagliare. <\/p>\n<p><img data-lazyloaded=\"1\" fetchpriority=\"high\" decoding=\"async\" width=\"1024\" height=\"683\" src=\"https:\/\/www.europesays.com\/it\/wp-content\/uploads\/2025\/11\/PAOLINI_USopen-2025_00032747-1024x683.jpg\" alt=\"\" class=\"wp-image-104284\"  data-\/><br \/>Foto di Ray Giubilo<\/p>\n<p>Si entra nel vivo di questa settimana tennistica e ci sono sfide interessanti per il tennis italiano sia nel maschile che nel femminile. Partendo da quest\u2019ultimo proseguono le Wta Finals di Riad con<strong> Jasmine Paolini<\/strong> che, dopo la sconfitta all\u2019esordio, si gioca la qualificazione in pratica con l\u2019americana Coco Gauff. Le due hanno entrambe perso all\u2019esordio e una sconfitta farebbe dire addio o quasi ai sogni di qualificazione in semifinale. Nell\u2019altro match del girone Aryna Sabalenka e Jessica Pegula si giocano la qualificazione ed il primo posto del girone. Jasmine giocher\u00e0 il primo match di giornata alle ore 15.<\/p>\n<p>Tabellone aperto anche nel maschile con tre italiani in campo a Metz ed un derby all\u2019attivo. Sfida interessante per il giovane tennista azzurro <strong>Francesco Passaro <\/strong>che affronter\u00e0 il belga Blockx, classe 2005 e vicinissimo all\u2019ingresso in Top 100. Come primo match del programma serale occhio al derby italiano tra <strong>Flavio Cobolli<\/strong> e <strong>Lorenzo Sonego,<\/strong> una sfida che si preannuncia molto interessante. Tra i match da vedere a Metz c\u2019\u00e8 l\u2019ennesima sfida tra il giovane Tien e Daniil Medvedev, atleti che pi\u00f9 volte abbiamo visto in questa stagione.<\/p>\n<p>Nel torneo di Atene invece \u2013 in attesa del debutto di <strong>Lorenzo Musetti<\/strong> \u2013 oggi \u00e8 il giorno dell\u2019uomo pi\u00f9 atteso, il campione serbo <strong>Novak Djokovic. <\/strong>E chiss\u00e0 se a fine match arriveranno dichiarazioni in ottica Finals. Il tennista balcanico affronter\u00e0 il cileno Tabilo. In chiave Challenger occhio a ci\u00f2 che accade ad Helsinki dove scendono in campo Luca Nardi, Federico Cin\u00e0 e infine chiude il programma Stefano Travaglia.<\/p>\n","protected":false},"excerpt":{"rendered":"Una giornata ricca di sfide interessanti tra i tornei Atp 250 e poi le Wta Finals con Jasmine&hellip;\n","protected":false},"author":3,"featured_media":198863,"comment_status":"","ping_status":"","sticky":false,"template":"","format":"standard","meta":{"footnotes":""},"categories":[1457],"tags":[1537,90,89,13617,245,244,1273],"class_list":{"0":"post-198862","1":"post","2":"type-post","3":"status-publish","4":"format-standard","5":"has-post-thumbnail","7":"category-tennis","8":"tag-it","9":"tag-italia","10":"tag-italy","11":"tag-jasmine-paolini","12":"tag-sport","13":"tag-sports","14":"tag-tennis"},"share_on_mastodon":{"url":"https:\/\/pubeurope.com\/@it\/115490961046515443","error":""},"_links":{"self":[{"href":"https:\/\/www.europesays.com\/it\/wp-json\/wp\/v2\/posts\/198862","targetHints":{"allow":["GET"]}}],"collection":[{"href":"https:\/\/www.europesays.com\/it\/wp-json\/wp\/v2\/posts"}],"about":[{"href":"https:\/\/www.europesays.com\/it\/wp-json\/wp\/v2\/types\/post"}],"author":[{"embeddable":true,"href":"https:\/\/www.europesays.com\/it\/wp-json\/wp\/v2\/users\/3"}],"replies":[{"embeddable":true,"href":"https:\/\/www.europesays.com\/it\/wp-json\/wp\/v2\/comments?post=198862"}],"version-history":[{"count":0,"href":"https:\/\/www.europesays.com\/it\/wp-json\/wp\/v2\/posts\/198862\/revisions"}],"wp:featuredmedia":[{"embeddable":true,"href":"https:\/\/www.europesays.com\/it\/wp-json\/wp\/v2\/media\/198863"}],"wp:attachment":[{"href":"https:\/\/www.europesays.com\/it\/wp-json\/wp\/v2\/media?parent=198862"}],"wp:term":[{"taxonomy":"category","embeddable":true,"href":"https:\/\/www.europesays.com\/it\/wp-json\/wp\/v2\/categories?post=198862"},{"taxonomy":"post_tag","embeddable":true,"href":"https:\/\/www.europesays.com\/it\/wp-json\/wp\/v2\/tags?post=198862"}],"curies":[{"name":"wp","href":"https:\/\/api.w.org\/{rel}","templated":true}]}}