{"id":198876,"date":"2025-11-04T10:38:19","date_gmt":"2025-11-04T10:38:19","guid":{"rendered":"https:\/\/www.europesays.com\/it\/198876\/"},"modified":"2025-11-04T10:38:19","modified_gmt":"2025-11-04T10:38:19","slug":"resto-con-i-piedi-per-terra-grazie-ad-amici-e-maremma","status":"publish","type":"post","link":"https:\/\/www.europesays.com\/it\/198876\/","title":{"rendered":"\u00abResto con i piedi per terra grazie ad amici e Maremma\u00bb"},"content":{"rendered":"<p><a href=\"https:\/\/www.ilmattino.it\/t\/lucio-corsi\" rel=\"nofollow noopener\" target=\"_blank\">Lucio Corsi<\/a> non \u00e8 pi\u00f9 una promessa, ma una realt\u00e0 della canzone d\u2019autore italiana. C\u2019\u00e8 voluto il secondo posto all\u2019ultimo Sanremo per sdoganarlo da oggetto di culto e di nicchia, ma da allora ha fatto passi importanti, mettendo a frutto l\u2019essere finito sotto i riflettori mainstream senza annacquare la sua proposta, anzi. Rispetto al gi\u00e0 convincente tour visto a Napoli alla Casa della Musica, la prova offerta all\u2019ultimo <strong>Premio Tenco <\/strong>ha messo in mostra una crescita esponenziale sul palco, forte anche di un risultato eccezionale, la doppia Targa Tenco per il miglior album dell\u2019anno e per la miglior canzone dell\u2019anno (impresa riuscita solo a De Andr\u00e9, Conte e Bersani), \u00abVolevo essere un duro\u00bb, appunto: un po\u2019 <strong>Randy Newman<\/strong>, un po\u2019 Ivan Graziani, meno glam rock che negli show precedenti, molta originalit\u00e0 e credibilit\u00e0.<\/p>\n<p><p>APPROFONDIMENTI<\/p>\n<\/p>\n<p>Per (ri)vederlo dal vivo <strong>dovremo aspettare l\u2019inverno 2026<\/strong> col tour nei palasport, a meno di non approfittare di \u00abLa chitarra nella roccia &#8211; Lucio Corsi dal vivo all\u2019abbazia di San Galgano\u00bb, film concerto, girato in pellicola 16mm l\u2019estate scorsa nel complesso del XII secolo a Chiusdino (Siena). Visto in anteprima alla \u00abFesta del cinema di Roma\u00bb, il documentario \u00e8 firmato da Tommaso Ottomano, \u00abfratello\u00bb artistico, prima ancora che coautore, del cantautorocker: ieri sera il debutto in casa, al The Space di Grosseto, da oggi a mercoled\u00ec negli altri cinema del circuito. <\/p>\n<p><a class=\"link_item\" data-linked_from=\"9164748\" href=\"https:\/\/www.ilmattino.it\/spettacoli\/musica\/la_nina_tosca_di_marco_co_altra_meta_premio_tenco-9147454.html\" rel=\"nofollow noopener\" target=\"_blank\">La Ni\u00f1a, Tosca, Di Marco &amp; Co: l\u2019altra met\u00e0 del Premio Tenco<\/a><\/p>\n<p>\u00abTra le rovine di questo luogo magico che si staglia in mezzo ai campi della Toscana, <strong>sono atterrati due amplificatori giganti<\/strong>, 16 musicisti e i loro strumenti\u00bb, ricorda Lucio, alla testa di una formazione allargata, con l\u2019aggiunta di 2 coriste, 4 fiati, un percussionista, oltre all\u2019ormai onnipresente fotografo Francis Delacroix e lo stesso Tommaso Ottomano. Il 14 novembre uscir\u00e0 il disco dal vivo, dallo stesso titolo del docufilm: \u00abIo mi ricordo di San Galgano fin da bambino, i miei genitori mi ci portavano spesso e negli anni mi \u00e8 venuta voglia, cio\u00e8 ho iniziato a immaginarci dentro un palcoscenico. Nonostante l\u2019abbazia non abbia tetto, cosa che consentirebbe alla musica una facile via di fuga nel cielo, le canzoni sono state intrappolate anche in un album live, il cui obiettivo non \u00e8 la precisione ma il sentimento, dove le spie fischiano, le voci sono rotte e tremano come le luci dei lampioni\u00bb. <\/p>\n<p>Corsi <strong>sa di star vivendo un momento magico<\/strong>, ma anche rischioso, il sistema del pop \u00e8 spietato: \u00abSanremo \u00e8 stata una sorpresa. In questi mesi \u00e8 cresciuto il numero delle date, qualcosa che sognavo da sempre. Ma io passo le giornate con gli stessi ragazzi da una vita, suono con loro, vivo con loro\u00bb. Nemmeno l\u2019\u00abEurovision\u00bb lo ha fatto sbandare: \u00abLa Maremma mi insegna a tenere i piedi per terra. La casa dove sono nato \u00e8 circondata da alberi che sbirciano il panorama intorno, vanno in alto, ma rimanendo piantati dove sono nati. \u00c8 una cosa poetica, ma anche una lezione. La mia terra e le amicizie mi lasciano concentrato sulle cose importanti: la musica, <strong>le canzoni e la sincerit\u00e0 tra di noi<\/strong>\u00bb.  <\/p>\n<p> <img loading=\"lazy\" decoding=\"async\" alt=\"Video\" height=\"180\" class=\"wnv-lazy\" src=\"https:\/\/utils.cedsdigital.it\/img\/placeholders\/video.svg\" style=\"max-width:100%;height:auto;display:block;margin:auto;left:0;bottom:0;right:0;top:0;position:absolute\" width=\"340\"\/>   <\/p>\n<p>\u00abIl mio sogno\u00bb, racconta ancora, \u00ab\u00e8 che ci siano due Sanremo, con eguale importanza, che il Premio Tenco abbia lo stesso livello di attenzione e di visibilit\u00e0 del Festival. Io e <strong>Tommaso Ottomano<\/strong> con cui scrivo da quando eravamo ragazzini, siamo cresciuti e ci siamo appassionati alla musica in provincia, vivendo in una quiete che \u00e8 molto simile alla noia e ci ha spinto a fuggire con l\u2019immaginazione attraverso la chitarra. C\u2019\u00e8 un legame affettivo con gli strumenti, sono loro che ci hanno traghettati da altre parti. Al Tenco mi sembra che queste cose emergano di pi\u00f9\u00bb, conclude. <\/p>\n","protected":false},"excerpt":{"rendered":"Lucio Corsi non \u00e8 pi\u00f9 una promessa, ma una realt\u00e0 della canzone d\u2019autore italiana. C\u2019\u00e8 voluto il secondo&hellip;\n","protected":false},"author":3,"featured_media":198877,"comment_status":"","ping_status":"","sticky":false,"template":"","format":"standard","meta":{"footnotes":""},"categories":[1443],"tags":[203,204,1537,90,89,119156,15869,1538,1539,112086],"class_list":{"0":"post-198876","1":"post","2":"type-post","3":"status-publish","4":"format-standard","5":"has-post-thumbnail","7":"category-musica","8":"tag-entertainment","9":"tag-intrattenimento","10":"tag-it","11":"tag-italia","12":"tag-italy","13":"tag-la-chitarra-nella-roccia","14":"tag-lucio-corsi","15":"tag-music","16":"tag-musica","17":"tag-premio-tenco"},"share_on_mastodon":{"url":"https:\/\/pubeurope.com\/@it\/115490999980207274","error":""},"_links":{"self":[{"href":"https:\/\/www.europesays.com\/it\/wp-json\/wp\/v2\/posts\/198876","targetHints":{"allow":["GET"]}}],"collection":[{"href":"https:\/\/www.europesays.com\/it\/wp-json\/wp\/v2\/posts"}],"about":[{"href":"https:\/\/www.europesays.com\/it\/wp-json\/wp\/v2\/types\/post"}],"author":[{"embeddable":true,"href":"https:\/\/www.europesays.com\/it\/wp-json\/wp\/v2\/users\/3"}],"replies":[{"embeddable":true,"href":"https:\/\/www.europesays.com\/it\/wp-json\/wp\/v2\/comments?post=198876"}],"version-history":[{"count":0,"href":"https:\/\/www.europesays.com\/it\/wp-json\/wp\/v2\/posts\/198876\/revisions"}],"wp:featuredmedia":[{"embeddable":true,"href":"https:\/\/www.europesays.com\/it\/wp-json\/wp\/v2\/media\/198877"}],"wp:attachment":[{"href":"https:\/\/www.europesays.com\/it\/wp-json\/wp\/v2\/media?parent=198876"}],"wp:term":[{"taxonomy":"category","embeddable":true,"href":"https:\/\/www.europesays.com\/it\/wp-json\/wp\/v2\/categories?post=198876"},{"taxonomy":"post_tag","embeddable":true,"href":"https:\/\/www.europesays.com\/it\/wp-json\/wp\/v2\/tags?post=198876"}],"curies":[{"name":"wp","href":"https:\/\/api.w.org\/{rel}","templated":true}]}}