{"id":198914,"date":"2025-11-04T11:07:10","date_gmt":"2025-11-04T11:07:10","guid":{"rendered":"https:\/\/www.europesays.com\/it\/198914\/"},"modified":"2025-11-04T11:07:10","modified_gmt":"2025-11-04T11:07:10","slug":"allenatore-muore-dinfarto-in-serbia-durante-la-partita-mladen-zizovic-del-radnicki","status":"publish","type":"post","link":"https:\/\/www.europesays.com\/it\/198914\/","title":{"rendered":"Allenatore muore d&#8217;infarto in Serbia durante la partita, Mladen Zizovic del Radnicki"},"content":{"rendered":"<p>                                Zizovic, ex nazionale bosniaco, si \u00e8 sentito male a met\u00e0 del primo tempo del match contro il Mladost Lucani, poi sospeso all&#8217;annuncio del decesso. La disperazione di giocatori e staff<\/p>\n<p>                    4 novembre 2025 (modifica alle 12:02)  &#8211; MILANO<\/p>\n<p class=\"paragraph\" spellcheck=\"true\">Tragedia nel calcio serbo. Il tecnico del Radnicki, Mladen Zizovic, ha perso la vita per un infarto che lo ha colpito durante il match contro il Mladost Lucani. Il 44enne allenatore bosniaco si \u00e8 sentito male  intorno verso la met\u00e0 del primo tempo ed \u00e8 stato immediatamente soccorso e poi trasportato in ospedale. Al 40&#8242; per\u00f2 l&#8217;arbitro ha sospeso la partita dopo aver annunciato il decesso del tecnico per la commozione dei giocatori e dello staff tecnico del Radnicki, ma anche degli avversari del Mladost.\u00a0<\/p>\n<p>    la disperazione\u2014 \u00a0<\/p>\n<p class=\"paragraph is-inline\" spellcheck=\"true\">Davvero toccanti le foto e i video che riportano la disperazione allo stadio. La Federcalcio serba ha confermato la notizia ed espresso il proprio cordoglio con un comunicato per la scomparsa di Zizovic, allenatore ed ex calciatore che ha vestito anche la maglia della nazionale bosniaca: &#8220;La Federazione calcistica serba conferma con profonda tristezza e incredulit\u00e0 la notizia della morte improvvisa dell&#8217;allenatore del Radnicki 1923, Mladen Zizovic, durante la partita del campionato serbo tra Mladost e Radnicki 1923 a Lucani&#8221;.<\/p>\n<p class=\"is-above-copyright is-mr-r-10\" spellcheck=\"true\">La Gazzetta dello Sport<\/p>\n<p class=\"is-copyright\">\u00a9 RIPRODUZIONE RISERVATA<\/p>\n","protected":false},"excerpt":{"rendered":"Zizovic, ex nazionale bosniaco, si \u00e8 sentito male a met\u00e0 del primo tempo del match contro il Mladost&hellip;\n","protected":false},"author":3,"featured_media":198915,"comment_status":"","ping_status":"","sticky":false,"template":"","format":"standard","meta":{"footnotes":""},"categories":[176],"tags":[1960,119171,119172,34545,1537,90,89,119169,61467,1290,119167,245,244,3375,119170,119168],"class_list":{"0":"post-198914","1":"post","2":"type-post","3":"status-publish","4":"format-standard","5":"has-post-thumbnail","7":"category-sport","8":"tag-allenatore","9":"tag-bosniaco","10":"tag-bosniaco-sentito","11":"tag-disperazione","12":"tag-it","13":"tag-italia","14":"tag-italy","15":"tag-lucani","16":"tag-mladost","17":"tag-partita","18":"tag-radnicki","19":"tag-sport","20":"tag-sports","21":"tag-tecnico","22":"tag-tecnico-radnicki","23":"tag-zizovic"},"share_on_mastodon":{"url":"https:\/\/pubeurope.com\/@it\/115491113701993526","error":""},"_links":{"self":[{"href":"https:\/\/www.europesays.com\/it\/wp-json\/wp\/v2\/posts\/198914","targetHints":{"allow":["GET"]}}],"collection":[{"href":"https:\/\/www.europesays.com\/it\/wp-json\/wp\/v2\/posts"}],"about":[{"href":"https:\/\/www.europesays.com\/it\/wp-json\/wp\/v2\/types\/post"}],"author":[{"embeddable":true,"href":"https:\/\/www.europesays.com\/it\/wp-json\/wp\/v2\/users\/3"}],"replies":[{"embeddable":true,"href":"https:\/\/www.europesays.com\/it\/wp-json\/wp\/v2\/comments?post=198914"}],"version-history":[{"count":0,"href":"https:\/\/www.europesays.com\/it\/wp-json\/wp\/v2\/posts\/198914\/revisions"}],"wp:featuredmedia":[{"embeddable":true,"href":"https:\/\/www.europesays.com\/it\/wp-json\/wp\/v2\/media\/198915"}],"wp:attachment":[{"href":"https:\/\/www.europesays.com\/it\/wp-json\/wp\/v2\/media?parent=198914"}],"wp:term":[{"taxonomy":"category","embeddable":true,"href":"https:\/\/www.europesays.com\/it\/wp-json\/wp\/v2\/categories?post=198914"},{"taxonomy":"post_tag","embeddable":true,"href":"https:\/\/www.europesays.com\/it\/wp-json\/wp\/v2\/tags?post=198914"}],"curies":[{"name":"wp","href":"https:\/\/api.w.org\/{rel}","templated":true}]}}