{"id":199411,"date":"2025-11-04T18:09:10","date_gmt":"2025-11-04T18:09:10","guid":{"rendered":"https:\/\/www.europesays.com\/it\/199411\/"},"modified":"2025-11-04T18:09:10","modified_gmt":"2025-11-04T18:09:10","slug":"tom-dumoulin-sono-felice-di-non-essere-piu-un-corridore-e-diventato-tutto-scientifico-e-difficile","status":"publish","type":"post","link":"https:\/\/www.europesays.com\/it\/199411\/","title":{"rendered":"Tom Dumoulin: &#8220;Sono felice di non essere pi\u00f9 un corridore. \u00c8 diventato tutto scientifico e difficile&#8221;"},"content":{"rendered":"<p>\t\t\t\t\t<a href=\"https:\/\/cyclingpro.net\/spaziociclismo\/altro\/scopri-lapp-ufficiale-di-spaziociclismo\/\" title=\"\" rel=\"nofollow noopener\" target=\"_blank\"><br \/>\n\t\t\t\t\t\t<img loading=\"lazy\" decoding=\"async\" src=\"https:\/\/www.europesays.com\/it\/wp-content\/uploads\/2025\/09\/1758060682_662_Banner-App-SpazioCiclismo.png\" alt=\"\" width=\"728\" height=\"91\"\/><br \/>\n\t\t\t\t\t<\/a><\/p>\n<p><strong><a href=\"https:\/\/cyclingpro.net\/spaziociclismo\/tour-2025\/tour-de-france-2025-tom-dumoulin-bacchetta-gli-ex-compagni-della-vismalease-a-bike-dopo-il-tappone-alpino-tante-grandi-parole-e-alla-fine-non-si-e-capito-cosa-volessero-fare\/\" target=\"_blank\" rel=\"noopener nofollow\">Tom Dumoulin<\/a>\u00a0<\/strong>ammette che non sarebbe entusiasta di correre oggi. Il neerlandese ha terminato la sua carriera nell\u2019agosto 2022, dopo l\u2019ultima esperienza triennale nella\u00a0<strong>Jumbo-Visma<\/strong>, nella quale ha ottenuto l\u2019ultimo successo da professionista (il campionato nazionale a cronometro nel 2021) e lavorato a lungo per i propri compagni di squadra. Gi\u00e0 nelle ultime stagioni, il classe \u201990 aveva mostrato una certa insofferenza per la direzione verso cui stava andando il ciclismo, sempre pi\u00f9 indirizzato verso una preparazione scientifica tanto negli allenamenti quanto nell\u2019alimentazione. Un cambiamento epocale pi\u00f9 volte sottolineato nelle interviste sia dai campioni contemporanei sia da chi aveva invece scelto di smettere con il professionismo.<\/p>\n<p>In un\u2019intervista ad\u00a0As, il vincitore del\u00a0<strong>Giro d\u2019Italia 2017\u00a0<\/strong>ha parlato di com\u2019\u00e8 cambiato il modo di prepararsi alle corse negli ultimi anni, quasi tirando un sospiro di sollievo per essere riuscito a vivere appena prima dell\u2019ultima rivoluzione tecnologica e alimentare: \u201cSono felice di non essere pi\u00f9 un corridore. Ho molto rispetto per i ragazzi di oggi, ma \u00e8 diventato un mondo completamente diverso. \u00c8 diventato tutto cos\u00ec scientifico e duro. Naturalmente anche prima era pi\u00f9 o meno cos\u00ec, ma ora \u00e8 davvero incredibile fino a che punto si spinge\u201d.<\/p>\n<p>Riguardo a\u00a0<strong>Tadej Pogacar<\/strong>, <a href=\"https:\/\/cyclingpro.net\/spaziociclismo\/worldtour\/tom-dumoulin-non-mi-annoio-a-veder-vincere-pogacar-anche-se-preferirei-battaglie-come-al-giro-2017\/\" target=\"_blank\" rel=\"noopener nofollow\">per il quale aveva gi\u00e0 speso parole di ammirazione<\/a>,\u00a0<strong>Tom Dumolin\u00a0<\/strong>ha invece scherzato: \u201cQuello che fa \u00e8 incredibile\u2026 e talvolta un po\u2019 noioso. Quando di recente ho commentato gli Europei e lui ha attaccato a 75 chilometri dall\u2019arrivo, abbiamo pensato: va bene, \u00e8 andata. La gara \u00e8 finita subito\u201d. Una sensazione che, probabilmente, \u00e8 stata condivisa anche dagli avversari dello sloveno in corsa.<\/p>\n<p>Infine, il neerlandese ha parlato della sua passione sportiva e di un suo sogno nel cassetto adesso che ha terminato la carriera da ciclista professionista: \u201cMi piace lo sport in generale. Correre, padel, andare in bicicletta\u2026 ma senza pressione. Il mio sogno \u00e8 di correre un giorno la maratona di New York. Solo per provare l\u2019esperienza\u201d.<\/p>\n","protected":false},"excerpt":{"rendered":"Tom Dumoulin\u00a0ammette che non sarebbe entusiasta di correre oggi. Il neerlandese ha terminato la sua carriera nell\u2019agosto 2022,&hellip;\n","protected":false},"author":3,"featured_media":199412,"comment_status":"","ping_status":"","sticky":false,"template":"","format":"standard","meta":{"footnotes":""},"categories":[1456],"tags":[1824,1825,1537,90,89,245,244,110426],"class_list":{"0":"post-199411","1":"post","2":"type-post","3":"status-publish","4":"format-standard","5":"has-post-thumbnail","7":"category-ciclismo","8":"tag-ciclismo","9":"tag-cycling","10":"tag-it","11":"tag-italia","12":"tag-italy","13":"tag-sport","14":"tag-sports","15":"tag-tom-dumoulin"},"share_on_mastodon":{"url":"https:\/\/pubeurope.com\/@it\/115492773313590047","error":""},"_links":{"self":[{"href":"https:\/\/www.europesays.com\/it\/wp-json\/wp\/v2\/posts\/199411","targetHints":{"allow":["GET"]}}],"collection":[{"href":"https:\/\/www.europesays.com\/it\/wp-json\/wp\/v2\/posts"}],"about":[{"href":"https:\/\/www.europesays.com\/it\/wp-json\/wp\/v2\/types\/post"}],"author":[{"embeddable":true,"href":"https:\/\/www.europesays.com\/it\/wp-json\/wp\/v2\/users\/3"}],"replies":[{"embeddable":true,"href":"https:\/\/www.europesays.com\/it\/wp-json\/wp\/v2\/comments?post=199411"}],"version-history":[{"count":0,"href":"https:\/\/www.europesays.com\/it\/wp-json\/wp\/v2\/posts\/199411\/revisions"}],"wp:featuredmedia":[{"embeddable":true,"href":"https:\/\/www.europesays.com\/it\/wp-json\/wp\/v2\/media\/199412"}],"wp:attachment":[{"href":"https:\/\/www.europesays.com\/it\/wp-json\/wp\/v2\/media?parent=199411"}],"wp:term":[{"taxonomy":"category","embeddable":true,"href":"https:\/\/www.europesays.com\/it\/wp-json\/wp\/v2\/categories?post=199411"},{"taxonomy":"post_tag","embeddable":true,"href":"https:\/\/www.europesays.com\/it\/wp-json\/wp\/v2\/tags?post=199411"}],"curies":[{"name":"wp","href":"https:\/\/api.w.org\/{rel}","templated":true}]}}