{"id":199914,"date":"2025-11-05T01:59:13","date_gmt":"2025-11-05T01:59:13","guid":{"rendered":"https:\/\/www.europesays.com\/it\/199914\/"},"modified":"2025-11-05T01:59:13","modified_gmt":"2025-11-05T01:59:13","slug":"il-genoa-ha-la-soluzione-tecnica-in-casa-i-due-ragazzi-rossoblu-murgita-e-criscito","status":"publish","type":"post","link":"https:\/\/www.europesays.com\/it\/199914\/","title":{"rendered":"Il Genoa ha la soluzione tecnica in casa: i due &#8220;ragazzi&#8221; rossobl\u00f9 Murgita e Criscito"},"content":{"rendered":"<p>        <a href=\"https:\/\/www.europesays.com\/it\/wp-content\/uploads\/2025\/08\/Vittorio-Sirianni.jpg\" data-caption=\"Vittorio Sirianni\"><img loading=\"lazy\" decoding=\"async\" width=\"450\" height=\"450\" class=\"entry-thumb td-modal-image\" src=\"https:\/\/www.europesays.com\/it\/wp-content\/uploads\/2025\/08\/Vittorio-Sirianni.jpg\"   alt=\"Sirianni Preziosi\" title=\"Vittorio Sirianni\"\/><\/a>Vittorio Sirianni<\/p>\n<p>Ci sono dei momenti nella vita calcistica di una societ\u00e0 per i quali non conta un dato statistico, una classifica fatta di numeri ancorch\u00e9 negativa. Conta altro.<br \/>Quando, alla vigilia della partita i tifosi hanno visto apparire Murgita e Criscito vestiti di quel rossobl\u00f9 antico a cui erano stati legati (e lo sono ancora) per 10 anni assime, ci si \u00e8 rituffati in quelle atmosfere di antico stampo fatto di cuore, di appartenenza ai colori, alla voglia di viivere una bellissima avventura calcistica.<br \/>\u00c8 stato un tuffo nel passato di un Genoa che si diceva \u00abgioca da Genoa\u00bb. E infatti, ecco, che al di l\u00e0 di tattiche o di scelte tecniche, si \u00e8 rivisto in campo \u201cquel\u201d Genoa, che viveva di cuore, di gambe e di testa.<br \/>Non \u00e8 stato fatto nulla di nuovo, i giocatori erano gli stessi di Vieira, ma qualcosa \u201cdentro\u201d lo hanno sentito tutti ed \u00e8 apparsa quella squadra che onestamente Vieira aveva preparato e impostato nello scorso campionato.<br \/>Non \u00e8 vero che nel calcio non esiste il sentimento, la creativit\u00e0, il senso della maglia e della bandiera. Cos\u00ec non si era mai visto un gol cos\u00ec straordinario di Malinovskyi (aspettavamo da mesi il suo famoso tiro da lontano) cos\u00ec si \u00e8 rivista una difesa attentissima, (lasciamo per\u00f2 perdere i calci d\u2019angolo, eh\u2026) con un Norton-Cuffy incredibilmente attivo, come Vasquez e persino Ostigard ha deciso la partita contro il Sassuolo con il tanto atteso gol di testa.<br \/>E ancora: non \u00e8 stato necessario cambiare, si fa per dire, modulo perch\u00e9 chi ha vinto la partita sono stati i giocatori, solo i giocatori che hanno ritrovato in squadra\u2026due \u201cgiocatori\u201d come loro con i quali si sono subito intesi.<br \/>Ora, si chiede al nuovo ds Lopez, di non avere fretta nel cercare un nuovo allenatore, che, vuoi o non vuoi, sarebbe uno dei tanti disoccupati che non aspettano tanto che trovare un posto e guadagnare qualche euro.<br \/>Si ponderi bene la scelta: ricordiamo che Gilardino pass\u00f2 dalla Primavera del Genoa alla prima squadra e ottenne i risultati che conosciamo. Su altre sponde Palladino anche lui transit\u00f2 dalle giovanili alla prima squadra diventando un tecnico niente male. Ora ci si chiede: perch\u00e9 un Criscito e un Murgita che sono ancora \u201cgiocatori\u201d, che hanno immediatamente fatto gruppo con la squadra non possono essere i migliori tecnici del momento e potrebbero restare sulla panchina rossobl\u00f9?<\/p>\n<p><img decoding=\"async\" loading=\"lazy\" class=\"size-full wp-image-316306\" src=\"https:\/\/www.europesays.com\/it\/wp-content\/uploads\/2025\/11\/TNO_5977-600x399-1.jpg\" alt=\"Criscito Murgita Genoa\" width=\"600\" height=\"399\"  \/>I tecnici Criscito e Murgita (foto Genoa CFC Tanopress)<\/p>\n<p>Si \u00e8 capito che i rossobl\u00f9 titolari hanno rivisto i due amici come nuovi acquisti, allo stesso loro livello. Si realizzerebbe una nuova e curiosa direzione tecnica: fatta in sostanza solo da giocatori, una forma di \u201cautogestione\u201d che potrebbe funzionare benissimo. E ancora una volta il Genoa porterebbe al calcio una grande novit\u00e0 direzionale.<br \/>Adesso, naturalmente, \u00e8 anche necessario scendere con i piedi per terra, dopo essersi resti conto che il percorso nuovo e positivo \u00e8 ancora possibile. Natuaralmente la societ\u00e0 dovr\u00e0 muoversi: perch\u00e9, se \u00e8 vero che Sucu ha salvato il Genoa, ma con 40 milioni, quasi a prezzo di realizzo, ora non deve pensare di vivere su questa modesta cifra, ma muoversi finanziariamente con un po\u2019 pi\u00f9 di amore verso una societ\u00e0 che ha sempre elogiato e apprezzato.<br \/>Ci vuole ancora qualche rinforzo, visto che dal punto di vista psicologico i due straordinari \u201cragazzi\u201d con la maglia rossobl\u00f9 hanno ridato la spinta giusta. Questo significa investire e aggiungere qualche rinforzo economico per riprendere un cammino ripreso grazie ai nostri due amici.<br \/>Quando Ostigard ha gettato dentro la porta neroverde la palla vittoriosa, l\u2019antico tifoso Aldo Piccardo ha battuto cento volte la mano sul cuore dov\u2019era cucito lo scudetto rossobl\u00f9. E gridando \u00abCuore! Cuore!\u00bb quasi si \u00e8 messo a piangere. \u00c8 tornata, insomma, un po\u2019 di genoanit\u00e0.<br \/><strong>Vittorio Sirianni<\/strong><\/p>\n<p>\t\t<br clear=\"all\"\/><\/p>\n","protected":false},"excerpt":{"rendered":"Vittorio Sirianni Ci sono dei momenti nella vita calcistica di una societ\u00e0 per i quali non conta un&hellip;\n","protected":false},"author":3,"featured_media":52016,"comment_status":"","ping_status":"","sticky":false,"template":"","format":"standard","meta":{"footnotes":""},"categories":[176],"tags":[115285,6298,1537,90,89,119671,245,244],"class_list":{"0":"post-199914","1":"post","2":"type-post","3":"status-publish","4":"format-standard","5":"has-post-thumbnail","7":"category-sport","8":"tag-criscito","9":"tag-genoa","10":"tag-it","11":"tag-italia","12":"tag-italy","13":"tag-murgita","14":"tag-sport","15":"tag-sports"},"share_on_mastodon":{"url":"https:\/\/pubeurope.com\/@it\/115494621390523025","error":""},"_links":{"self":[{"href":"https:\/\/www.europesays.com\/it\/wp-json\/wp\/v2\/posts\/199914","targetHints":{"allow":["GET"]}}],"collection":[{"href":"https:\/\/www.europesays.com\/it\/wp-json\/wp\/v2\/posts"}],"about":[{"href":"https:\/\/www.europesays.com\/it\/wp-json\/wp\/v2\/types\/post"}],"author":[{"embeddable":true,"href":"https:\/\/www.europesays.com\/it\/wp-json\/wp\/v2\/users\/3"}],"replies":[{"embeddable":true,"href":"https:\/\/www.europesays.com\/it\/wp-json\/wp\/v2\/comments?post=199914"}],"version-history":[{"count":0,"href":"https:\/\/www.europesays.com\/it\/wp-json\/wp\/v2\/posts\/199914\/revisions"}],"wp:featuredmedia":[{"embeddable":true,"href":"https:\/\/www.europesays.com\/it\/wp-json\/wp\/v2\/media\/52016"}],"wp:attachment":[{"href":"https:\/\/www.europesays.com\/it\/wp-json\/wp\/v2\/media?parent=199914"}],"wp:term":[{"taxonomy":"category","embeddable":true,"href":"https:\/\/www.europesays.com\/it\/wp-json\/wp\/v2\/categories?post=199914"},{"taxonomy":"post_tag","embeddable":true,"href":"https:\/\/www.europesays.com\/it\/wp-json\/wp\/v2\/tags?post=199914"}],"curies":[{"name":"wp","href":"https:\/\/api.w.org\/{rel}","templated":true}]}}