{"id":200297,"date":"2025-11-05T09:15:11","date_gmt":"2025-11-05T09:15:11","guid":{"rendered":"https:\/\/www.europesays.com\/it\/200297\/"},"modified":"2025-11-05T09:15:11","modified_gmt":"2025-11-05T09:15:11","slug":"arriva-la-superluna-piu-grande-dellanno-quando-e-come-vederla","status":"publish","type":"post","link":"https:\/\/www.europesays.com\/it\/200297\/","title":{"rendered":"Arriva la &#8220;Superluna&#8221; pi\u00f9 grande dell&#8217;anno: quando e come vederla"},"content":{"rendered":"<p>Spettacolo assicurato per chi alzer\u00e0 lo sguardo al cielo nella serata di mercoled\u00ec 5 novembre: anche sopra Firenze briller\u00e0 la Superluna pi\u00f9 grande del 2025, la seconda delle tre previste quest\u2019anno. Il nostro satellite raggiunger\u00e0 la fase di piena alle 14:20, circa nove ore prima di trovarsi al perigeo, cio\u00e8 nel punto della sua orbita pi\u00f9 vicino alla Terra, a \u201csoli\u201d 356.832 chilometri di distanza.<\/p>\n<p>Il risultato sar\u00e0 una Luna un po\u2019 pi\u00f9 vicina, pi\u00f9 luminosa e pi\u00f9 grande del solito, circa l\u20198% in pi\u00f9 rispetto a una luna piena media. Un dettaglio che forse sfuggir\u00e0 ai meno attenti, ma che promette comunque un\u2019atmosfera suggestiva, specie per chi si godr\u00e0 la visione da un luogo panoramico.<\/p>\n<p>\u201cIl termine Superluna \u00e8 pi\u00f9 giornalistico che scientifico &#8211; spiega Alex Mazzanti dell\u2019Osservatorio Astronomico di Montelupo -. In realt\u00e0 si parla di luna al perigeo, cio\u00e8 nel punto pi\u00f9 vicino alla Terra nella sua orbita. Sar\u00e0 effettivamente un po\u2019 pi\u00f9 grande e molto pi\u00f9 luminosa del normale: un bello spettacolo, soprattutto quando sorge, perch\u00e9 appare ancora pi\u00f9 imponente per un effetto di prospettiva\u201d.<\/p>\n<p>Secondo Mazzanti, anche in citt\u00e0 si potr\u00e0 godere del fenomeno: \u201cNon serve trovarsi in montagna o lontano dalle luci: basta avere uno scorcio di cielo libero verso est. Quando sorger\u00e0, intorno alle 20, sar\u00e0 di un bel colore arancio-rossastro, poi diventer\u00e0 sempre pi\u00f9 chiara man mano che salir\u00e0 nel cielo. \u00c8 uno spettacolo che vale la pena vedere, anche semplicemente a occhio nudo\u201d.<\/p>\n<p>Chi vorr\u00e0 fotografarla potr\u00e0 approfittare dei monumenti di Firenze come cornice d\u2019eccezione: il Duomo, Ponte Vecchio o Piazzale Michelangelo potrebbero trasformarsi nei set perfetti per immortalare la \u201cSuperluna del Castoro\u201d, cos\u00ec chiamata nella tradizione anglosassone perch\u00e9 coincide con il periodo in cui i castori si preparano all\u2019inverno.<\/p>\n<p>Mazzanti, per\u00f2, aggiunge un tocco ironico da astronomo pratico: \u201cPer noi che studiamo gli asteroidi, la Luna piena \u00e8 quasi una \u201cvacanza forzata\u201d, perch\u00e9 la sua luce intensa ci impedisce di osservare oggetti pi\u00f9 deboli. Ma questa \u00e8 una delle rare occasioni in cui conviene davvero distrarsi dal lavoro e godersi lo spettacolo\u201d. Chi volesse approfondire o seguire l\u2019evento anche online potr\u00e0 collegarsi al Virtual Telescope Project, che trasmetter\u00e0 la diretta della Superluna dalle ore 20.<\/p>\n","protected":false},"excerpt":{"rendered":"Spettacolo assicurato per chi alzer\u00e0 lo sguardo al cielo nella serata di mercoled\u00ec 5 novembre: anche sopra Firenze&hellip;\n","protected":false},"author":3,"featured_media":200298,"comment_status":"","ping_status":"","sticky":false,"template":"","format":"standard","meta":{"footnotes":"","_share_on_mastodon":"0"},"categories":[173],"tags":[12803,1537,90,89,195,198,199,197,200,201,93004,194,196],"class_list":["post-200297","post","type-post","status-publish","format-standard","has-post-thumbnail","category-scienza-e-tecnologia","tag-astronomia","tag-it","tag-italia","tag-italy","tag-science","tag-science-and-technology","tag-scienceandtechnology","tag-scienza","tag-scienza-e-tecnologia","tag-scienzaetecnologia","tag-superluna","tag-technology","tag-tecnologia"],"share_on_mastodon":{"url":"https:\/\/pubeurope.com\/@it\/115496335856347659","error":""},"_links":{"self":[{"href":"https:\/\/www.europesays.com\/it\/wp-json\/wp\/v2\/posts\/200297","targetHints":{"allow":["GET"]}}],"collection":[{"href":"https:\/\/www.europesays.com\/it\/wp-json\/wp\/v2\/posts"}],"about":[{"href":"https:\/\/www.europesays.com\/it\/wp-json\/wp\/v2\/types\/post"}],"author":[{"embeddable":true,"href":"https:\/\/www.europesays.com\/it\/wp-json\/wp\/v2\/users\/3"}],"replies":[{"embeddable":true,"href":"https:\/\/www.europesays.com\/it\/wp-json\/wp\/v2\/comments?post=200297"}],"version-history":[{"count":0,"href":"https:\/\/www.europesays.com\/it\/wp-json\/wp\/v2\/posts\/200297\/revisions"}],"wp:featuredmedia":[{"embeddable":true,"href":"https:\/\/www.europesays.com\/it\/wp-json\/wp\/v2\/media\/200298"}],"wp:attachment":[{"href":"https:\/\/www.europesays.com\/it\/wp-json\/wp\/v2\/media?parent=200297"}],"wp:term":[{"taxonomy":"category","embeddable":true,"href":"https:\/\/www.europesays.com\/it\/wp-json\/wp\/v2\/categories?post=200297"},{"taxonomy":"post_tag","embeddable":true,"href":"https:\/\/www.europesays.com\/it\/wp-json\/wp\/v2\/tags?post=200297"}],"curies":[{"name":"wp","href":"https:\/\/api.w.org\/{rel}","templated":true}]}}