{"id":200578,"date":"2025-11-05T13:31:20","date_gmt":"2025-11-05T13:31:20","guid":{"rendered":"https:\/\/www.europesays.com\/it\/200578\/"},"modified":"2025-11-05T13:31:20","modified_gmt":"2025-11-05T13:31:20","slug":"firma-con-la-jayco-e-ackermann-cambia-finalmente-vita","status":"publish","type":"post","link":"https:\/\/www.europesays.com\/it\/200578\/","title":{"rendered":"Firma con la Jayco e Ackermann cambia (finalmente) vita"},"content":{"rendered":"<p class=\"\">E\u2019 l\u2019ultimo arrivato in casa <a href=\"http:\/\/www.greenedgecycling.com\" target=\"_blank\" rel=\"noreferrer noopener nofollow\">Jayco-Alula<\/a>. Dopo un 2024 da dimenticare con un solo successo e troppe cadute, <strong>Pascal Ackermann va a caccia di una seconda giovinezza nel team australiano<\/strong>. Per raccogliere qualche successo negli sprint, <a href=\"https:\/\/bici.pro\/focus\/incontri\/copeland-piene-mani-rifondazione-jayco-alula\/\" target=\"_blank\" rel=\"noreferrer noopener nofollow\">Brent Copeland<\/a> e il suo staff hanno deciso di puntare sull\u2019esperto trentunenne tedesco, gi\u00e0 campione nazionale e capace di conquistare la maglia ciclamino al Giro 2019.\u00a0<\/p>\n<p class=\"\">Pascal ringrazia e, <strong>mentre si prepara a diventare pap\u00e0, comincia a pensare come sar\u00e0 la nuova avventura che l\u2019aspetta<\/strong>. E sta volutamente alla larga dagli ultimi mesi difficili alla Israel per la situazione extra ciclismo che ha costretto la vecchia propriet\u00e0 del team a fare un passo indietro e spinto molti corridori a cercare fortuna altrove.<\/p>\n<p><img loading=\"lazy\" decoding=\"async\" width=\"1009\" height=\"500\" src=\"data:image\/svg+xml,%3Csvg%20xmlns=\" http:=\"\" alt=\"Tirreno Adriatico 2025, Pascal Ackermann\" class=\"wp-image-442356\" data-lazy- data-lazy- data-lazy-src=\"https:\/\/www.europesays.com\/it\/wp-content\/uploads\/2025\/11\/pasck5_img_dk.jpg\"\/>La firma con la Jayco-AlUla solleva Ackermann da problemi di ordine sportivo ed extra sportivo<\/p>\n<p><img loading=\"lazy\" decoding=\"async\" width=\"559\" height=\"745\" src=\"data:image\/svg+xml,%3Csvg%20xmlns=\" http:=\"\" alt=\"Tirreno Adriatico 2025, Pascal Ackermann\" class=\"wp-image-442357\" data-lazy- data-lazy- data-lazy-src=\"https:\/\/www.europesays.com\/it\/wp-content\/uploads\/2025\/11\/pasck5_img_mb.jpg\"\/>La firma con la Jayco-AlUla solleva Ackermann da problemi di ordine sportivo ed extra sportivo<\/p>\n<p>Cosa ti aspetti da questa nuova sfida?<\/p>\n<p class=\"\">Sono super, super felice di essere qui. Quando in estate ho saputo che avrei potuto entrare a far parte di questa squadra, ci sono stati altri incontri e mi sono incuriosito sempre di pi\u00f9. Quando ero ragazzino, infatti, <strong>la Mitchelton-Scott era uno squadrone e un grande progetto<\/strong>, che ho sempre seguito. Per cui, non vedo l\u2019ora di cominciare.<\/p>\n<p>Che cosa ti ha colpito al primo impatto?<\/p>\n<p class=\"\">Penso di essere nella squadra giusta per me e sono convinto di avere grandi compagni di squadra. <strong>Siamo un bel mix di corridori, tra esperti e giovani e combatteremo insieme<\/strong>. Sono davvero su di giri e abbiamo un sogno comune che ci piacerebbe centrare: <strong>vincere una tappa al Tour de France per completare la mia personale tripla corona<\/strong>, cos\u00ec da regalare una gioia al team.<\/p>\n<p>Ritroverai Michael Matthews: come sar\u00e0?<\/p>\n<p class=\"\">Quando ero giovane, Michael era un avversario ostico per me, ma <strong>poi lui ha puntato corse un po\u2019 pi\u00f9 dure, mentre io ho optato per quelle pianeggianti<\/strong>. Formiamo una bella coppia e credo che correndo insieme possiamo essere competitivi su tutti i terreni. <strong>Spero di imparare qualcosa da lui, perch\u00e9 \u00e8 davvero un modello da seguire<\/strong>.\u00a0<\/p>\n<p><img loading=\"lazy\" decoding=\"async\" width=\"1009\" height=\"500\" data-id=\"442350\" src=\"data:image\/svg+xml,%3Csvg%20xmlns=\" http:=\"\" alt=\"Giro d'Italia 2023,Tortona, Pascal Ackermann\" class=\"wp-image-442350\" data-lazy- data-lazy- data-lazy-src=\"https:\/\/www.europesays.com\/it\/wp-content\/uploads\/2025\/11\/pasck2_img_dk.jpg\"\/>Tappa di Tortona al Giro del 2023: Ackermann batte Milan, Cavendish e Mads Pedersen<\/p>\n<p><img loading=\"lazy\" decoding=\"async\" width=\"1009\" height=\"500\" data-id=\"442352\" src=\"data:image\/svg+xml,%3Csvg%20xmlns=\" http:=\"\" alt=\"Vuelta Espana 2020, Aguilar de Campoo, Pascal Ackermann\" class=\"wp-image-442352\" data-lazy- data-lazy- data-lazy-src=\"https:\/\/www.europesays.com\/it\/wp-content\/uploads\/2025\/11\/pasck3_img_dk.jpg\"\/>La Vuelta del 2020 ha 18 tappe a causa del Covid: Ackermann vince la 9\u00aa e la 18\u00aa<\/p>\n<p><img loading=\"lazy\" decoding=\"async\" width=\"559\" height=\"745\" data-id=\"442351\" src=\"data:image\/svg+xml,%3Csvg%20xmlns=\" http:=\"\" alt=\"Giro d'Italia 2023,Tortona, Pascal Ackermann\" class=\"wp-image-442351\" data-lazy- data-lazy- data-lazy-src=\"https:\/\/www.europesays.com\/it\/wp-content\/uploads\/2025\/11\/pasck2_img_mb.jpg\"\/>Tappa di Tortona al Giro del 2023: Ackermann batte Milan, Cavendish e Mads Pedersen<\/p>\n<p><img loading=\"lazy\" decoding=\"async\" width=\"559\" height=\"745\" data-id=\"442353\" src=\"data:image\/svg+xml,%3Csvg%20xmlns=\" http:=\"\" alt=\"Vuelta Espana 2020, Aguilar de Campoo, Pascal Ackermann\" class=\"wp-image-442353\" data-lazy- data-lazy- data-lazy-src=\"https:\/\/www.europesays.com\/it\/wp-content\/uploads\/2025\/11\/pasck3_img_mb.jpg\"\/>La Vuelta del 2020 ha 18 tappe a causa del Covid: Ackermann vince la 9\u00aa e la 18\u00aa<\/p>\n<p>Che ne pensi dei tuoi nuovi compagni?<\/p>\n<p class=\"\">Essendo l\u2019ultimo arrivato, non ho parlato molto coi miei nuovi compagni, anche se conosco qualcuno di loro. Ad esempio, <strong><a href=\"https:\/\/bici.pro\/news\/professionisti\/primo-ultimo-giorno-viaggio-uae-covi\/\" target=\"_blank\" rel=\"noreferrer noopener nofollow\">Covi<\/a> era <a href=\"https:\/\/bici.pro\/tecnica\/tech-pro\/team-nuovo-sella-nuova-scelta-ackermann\/\" target=\"_blank\" rel=\"noreferrer noopener nofollow\">con me alla Uae<\/a><\/strong>. Il ciclismo alla fine \u00e8 un po\u2019 come una grande famiglia ed \u00e8 sempre bello ritrovare qualcuno con cui hai gi\u00e0 corso.<\/p>\n<p>Quanto \u00e8 stato duro per te il 2025?<\/p>\n<p class=\"\">Non voglio parlare della parte non sportiva, ma potete immaginare quanto sia stato difficile anche quell\u2019aspetto. In generale, <strong>la mia stagione non \u00e8 stata un granch\u00e9 perch\u00e9 sono caduto male subito ad inizio stagione in Provenza<\/strong>. Ci sono voluti due mesi per tornare in forma, poi mi sono fatto male, sono rientrato e sono caduto di nuovo: insomma, un calvario. Sono riuscito ad essere al via del Tour, ma l<strong>e tre cadute nelle otto settimane di preparazione diciamo che non sono state il massimo<\/strong>, per cui non sono riuscito a ritornare a un buon livello. A quel punto, ho rallentato il ritmo e ho cominciato a pensare al 2026.<\/p>\n<p>Obiettivi?<\/p>\n<p class=\"\">Con la squadra non abbiamo ancora fatto programmi specifici, anche se <strong>abbiamo parlato di quali potrebbero essere gli obiettivi plausibili e le corse che mi piacerebbe fare<\/strong>. Mi auguro di essere al via del Tour e poi chiss\u00e0. Sinceramente, mi sento pi\u00f9 da Grandi Giri, anche perch\u00e9 <strong>oramai nelle classiche ci sono anche gli scalatori o fenomeni alla Pogacar, che rendono la corsa difficilissima<\/strong>. Al massimo potrei puntare a qualche corsa di un giorno in Belgio, come la Gent-Wevelgem.<\/p>\n<p><img loading=\"lazy\" decoding=\"async\" width=\"1009\" height=\"500\" src=\"data:image\/svg+xml,%3Csvg%20xmlns=\" http:=\"\" alt=\"Giro d'Italia 2019, Pascal Ackermann\" class=\"wp-image-442354\" data-lazy- data-lazy- data-lazy-src=\"https:\/\/www.europesays.com\/it\/wp-content\/uploads\/2025\/11\/pasck4_img_dk.jpg\"\/>Al Giro 2019, Ackermann vince a Fucecchio e Terracina e porta a casa la maglia ciclamino<\/p>\n<p><img loading=\"lazy\" decoding=\"async\" width=\"559\" height=\"745\" src=\"data:image\/svg+xml,%3Csvg%20xmlns=\" http:=\"\" alt=\"Giro d'Italia 2019, Pascal Ackermann\" class=\"wp-image-442355\" data-lazy- data-lazy- data-lazy-src=\"https:\/\/www.europesays.com\/it\/wp-content\/uploads\/2025\/11\/pasck4_img_mb.jpg\"\/>Al Giro 2019, Ackermann vince a Fucecchio e Terracina e porta a casa la maglia ciclamino<\/p>\n<p>Il tuo augurio?<\/p>\n<p class=\"\">Gi\u00e0 <strong>non avere infortuni e non cadere tutte le volte come quest\u2019anno sarebbe un buon inizio<\/strong>. Voglio tornare ad alzare le braccia al cielo. Aver conquistato <strong>la maglia ciclamino al Giro d\u2019Italia rimane il ricordo pi\u00f9 bello della mia carriera<\/strong>, insieme alle singole vittorie di tappa nei Grandi Giri. Cos\u00ec come essere stato campione nazionale. Ogni vittoria per\u00f2 \u00e8 speciale di per s\u00e9 perch\u00e9 ha dietro una storia.<\/p>\n<p>Il programma per le prossime settimane?<\/p>\n<p class=\"\">Star\u00f2 a casa in Austria, dove vivo da 7 anni. L\u00ec \u00e8 bello perch\u00e9 <strong>mi trovo ai piedi delle montagne, per cui ogni giorno posso decidere se fare pianura o cimentarmi in qualche salita<\/strong>. Poi, quando non pedalo, adoro pescare. Viviamo molto vicino a un lago e quando riesco vado. Quest\u2019autunno per\u00f2 mi sa che sar\u00e0 un po\u2019 pi\u00f9 difficile, perch\u00e9 sta per nascere nostra figlia, dunque, preferisco stare vicino a mia moglie.\u00a0<\/p>\n","protected":false},"excerpt":{"rendered":"E\u2019 l\u2019ultimo arrivato in casa Jayco-Alula. Dopo un 2024 da dimenticare con un solo successo e troppe cadute,&hellip;\n","protected":false},"author":3,"featured_media":200579,"comment_status":"","ping_status":"","sticky":false,"template":"","format":"standard","meta":{"footnotes":""},"categories":[1456],"tags":[39338,1824,1825,32232,1537,90,89,39337,56873,119968,245,244],"class_list":{"0":"post-200578","1":"post","2":"type-post","3":"status-publish","4":"format-standard","5":"has-post-thumbnail","7":"category-ciclismo","8":"tag-brent-copeland","9":"tag-ciclismo","10":"tag-cycling","11":"tag-israel-premier-tech","12":"tag-it","13":"tag-italia","14":"tag-italy","15":"tag-jayco-alula","16":"tag-michael-matthews","17":"tag-pascal-ackermann","18":"tag-sport","19":"tag-sports"},"share_on_mastodon":{"url":"https:\/\/pubeurope.com\/@it\/115497342267951625","error":""},"_links":{"self":[{"href":"https:\/\/www.europesays.com\/it\/wp-json\/wp\/v2\/posts\/200578","targetHints":{"allow":["GET"]}}],"collection":[{"href":"https:\/\/www.europesays.com\/it\/wp-json\/wp\/v2\/posts"}],"about":[{"href":"https:\/\/www.europesays.com\/it\/wp-json\/wp\/v2\/types\/post"}],"author":[{"embeddable":true,"href":"https:\/\/www.europesays.com\/it\/wp-json\/wp\/v2\/users\/3"}],"replies":[{"embeddable":true,"href":"https:\/\/www.europesays.com\/it\/wp-json\/wp\/v2\/comments?post=200578"}],"version-history":[{"count":0,"href":"https:\/\/www.europesays.com\/it\/wp-json\/wp\/v2\/posts\/200578\/revisions"}],"wp:featuredmedia":[{"embeddable":true,"href":"https:\/\/www.europesays.com\/it\/wp-json\/wp\/v2\/media\/200579"}],"wp:attachment":[{"href":"https:\/\/www.europesays.com\/it\/wp-json\/wp\/v2\/media?parent=200578"}],"wp:term":[{"taxonomy":"category","embeddable":true,"href":"https:\/\/www.europesays.com\/it\/wp-json\/wp\/v2\/categories?post=200578"},{"taxonomy":"post_tag","embeddable":true,"href":"https:\/\/www.europesays.com\/it\/wp-json\/wp\/v2\/tags?post=200578"}],"curies":[{"name":"wp","href":"https:\/\/api.w.org\/{rel}","templated":true}]}}