{"id":200641,"date":"2025-11-05T14:29:12","date_gmt":"2025-11-05T14:29:12","guid":{"rendered":"https:\/\/www.europesays.com\/it\/200641\/"},"modified":"2025-11-05T14:29:12","modified_gmt":"2025-11-05T14:29:12","slug":"inter-biasin-chivu-difficilmente-si-fa-fottere-cristian-e-il-primo-a-sapere","status":"publish","type":"post","link":"https:\/\/www.europesays.com\/it\/200641\/","title":{"rendered":"Inter, Biasin: &#8220;Chivu difficilmente si fa fottere! Cristian \u00e8 il primo a sapere&#8230;&#8221;"},"content":{"rendered":"<p>Nel suo editoriale per TMW, Fabrizio Biasin, giornalista, ha parlato cos\u00ec dell&#8217;allenatore dell&#8217;Inter Cristian Chivu<\/p>\n<p>Nel corso del suo editoriale per TMW, <strong>Fabrizio Biasin<\/strong>, giornalista, ha parlato cos\u00ec dell&#8217;allenatore dell&#8217;Inter <a href=\"https:\/\/www.fcinter1908.it\/calciomercato\/mercato-inter\/inter-bisseck-premier-situazione-giovani-mirino\/\" rel=\"nofollow noopener\" target=\"_blank\"><strong>Cristian Chivu<\/strong><\/a>: &#8220;Ieri ha parlato Chivu che pu\u00f2 piacere o non piacere ma regala sempre conferenze ricche di contenuti. E quindi l\u2019invito a sorridere a Lautaro ma, soprattutto, questa frase qua: \u201cCome fa un allenatore a dare equilibrio ai suoi giocatori?<\/p>\n<p>La prima regola \u00e8 saper perdere. Bisogna saper perdere, perch\u00e9 se non sai perdere non sai neanche vincere. La perfezione non esiste, la tempesta arriva sempre e bisogna imparare a stare in piedi\u201d.<\/p>\n<p>E qualcuno parler\u00e0 di frasi trite e ritrite, ma il dato di fatto \u00e8 che fin qui il tecnico nerazzurro ha dimostrato anche una certa coerenza: non si \u00e8 esaltato nelle vittorie, non ha sbracato nelle sconfitte e \u2013 per intenderci \u2013 \u00e8 il primo a sapere che se mai a Verona la Dea bendatissima non avesse guardato gi\u00f9 ora di lui direbbero peste e corna, altroch\u00e9 osanna e carezze. \u00c8 il mondo del calcio, giudica in base a come tira il vento e all\u2019ultimo risultato. La cosa buona \u00e8 che Chivu lo sa perfettamente e difficilmente si far\u00e0 fottere&#8221;.<\/p>\n<p class=\"is-copyright\">\u00a9 RIPRODUZIONE RISERVATA<\/p>\n","protected":false},"excerpt":{"rendered":"Nel suo editoriale per TMW, Fabrizio Biasin, giornalista, ha parlato cos\u00ec dell&#8217;allenatore dell&#8217;Inter Cristian Chivu Nel corso del&hellip;\n","protected":false},"author":3,"featured_media":200642,"comment_status":"","ping_status":"","sticky":false,"template":"","format":"standard","meta":{"footnotes":"","_share_on_mastodon":"0"},"categories":[1452],"tags":[1960,23409,120057,10107,10109,120058,3439,721,2839,16840,16841,84493,1740,350,1537,90,89,66,8013,1739,245,244],"class_list":["post-200641","post","type-post","status-publish","format-standard","has-post-thumbnail","category-calcio","tag-allenatore","tag-allenatore-inter","tag-allenatore-inter-cristian","tag-biasin","tag-biasin-giornalista","tag-biasin-giornalista-parlato","tag-bisogna","tag-calcio","tag-chivu","tag-cristian","tag-cristian-chivu","tag-difficilmente","tag-football","tag-inter","tag-it","tag-italia","tag-italy","tag-parlato","tag-perdere","tag-soccer","tag-sport","tag-sports"],"share_on_mastodon":{"url":"https:\/\/pubeurope.com\/@it\/115497570402263378","error":""},"_links":{"self":[{"href":"https:\/\/www.europesays.com\/it\/wp-json\/wp\/v2\/posts\/200641","targetHints":{"allow":["GET"]}}],"collection":[{"href":"https:\/\/www.europesays.com\/it\/wp-json\/wp\/v2\/posts"}],"about":[{"href":"https:\/\/www.europesays.com\/it\/wp-json\/wp\/v2\/types\/post"}],"author":[{"embeddable":true,"href":"https:\/\/www.europesays.com\/it\/wp-json\/wp\/v2\/users\/3"}],"replies":[{"embeddable":true,"href":"https:\/\/www.europesays.com\/it\/wp-json\/wp\/v2\/comments?post=200641"}],"version-history":[{"count":0,"href":"https:\/\/www.europesays.com\/it\/wp-json\/wp\/v2\/posts\/200641\/revisions"}],"wp:featuredmedia":[{"embeddable":true,"href":"https:\/\/www.europesays.com\/it\/wp-json\/wp\/v2\/media\/200642"}],"wp:attachment":[{"href":"https:\/\/www.europesays.com\/it\/wp-json\/wp\/v2\/media?parent=200641"}],"wp:term":[{"taxonomy":"category","embeddable":true,"href":"https:\/\/www.europesays.com\/it\/wp-json\/wp\/v2\/categories?post=200641"},{"taxonomy":"post_tag","embeddable":true,"href":"https:\/\/www.europesays.com\/it\/wp-json\/wp\/v2\/tags?post=200641"}],"curies":[{"name":"wp","href":"https:\/\/api.w.org\/{rel}","templated":true}]}}