{"id":200709,"date":"2025-11-05T15:23:12","date_gmt":"2025-11-05T15:23:12","guid":{"rendered":"https:\/\/www.europesays.com\/it\/200709\/"},"modified":"2025-11-05T15:23:12","modified_gmt":"2025-11-05T15:23:12","slug":"champions-oggi-inter-kairat-sky-prime-o-in-chiaro-dove-vederla-in-tv","status":"publish","type":"post","link":"https:\/\/www.europesays.com\/it\/200709\/","title":{"rendered":"Champions, oggi Inter-Kairat: Sky, Prime o in chiaro? Dove vederla in tv"},"content":{"rendered":"<p>Inter-Kairat Almaty di Champions League si disputer\u00e0 mercoled\u00ec 5 novembre alle ore 21:00: dove vederla in tv e streaming <\/p>\n<p><a href=\"https:\/\/www.fcinter1908.it\/news\/interviste\/rogito-marotta-inter-conte\/\" target=\"_blank\" rel=\"noopener nofollow\">Inter<\/a>-Kairat Almaty, quarta giornata della fase campionato della Champions League 2025\/26, si disputer\u00e0 mercoled\u00ec 5 novembre alle 21:00. Sar\u00e0 trasmessa in esclusiva su Prime Video e sar\u00e0 dunque visibile attraverso l&#8217;applicazione di Amazon Prime Video disponibile per smart tv e per tutti i dispositivi mobili come smartphone, tablet, PC e console.<\/p>\n<p>GLI AGGIORNAMENTI SU INTER TV\u2014 \u00a0<\/p>\n<p>Su Inter TV come sempre aggiornamenti e collegamenti nel pre-partita, con le ultime da San Siro in attesa del fischio d&#8217;inizio della sfida. Il nostro Livematch pre Inter-Kairat sar\u00e0 in diretta dalle ore 19:30 e sar\u00e0 visibile anche su YouTube attraverso il canale ufficiale del Club fino alle 20:15. Al termine della sfida gli approfondimenti e le interviste.<\/p>\n<p class=\"is-copyright\">\u00a9 RIPRODUZIONE RISERVATA<\/p>\n","protected":false},"excerpt":{"rendered":"Inter-Kairat Almaty di Champions League si disputer\u00e0 mercoled\u00ec 5 novembre alle ore 21:00: dove vederla in tv e&hellip;\n","protected":false},"author":3,"featured_media":176127,"comment_status":"","ping_status":"","sticky":false,"template":"","format":"standard","meta":{"footnotes":"","_share_on_mastodon":"0"},"categories":[1452],"tags":[5522,89434,721,1969,1970,1740,350,118395,1537,90,89,80390,4425,1739,245,244,253],"class_list":["post-200709","post","type-post","status-publish","format-standard","has-post-thumbnail","category-calcio","tag-aggiornamenti","tag-almaty","tag-calcio","tag-champions","tag-champions-league","tag-football","tag-inter","tag-inter-kairat","tag-it","tag-italia","tag-italy","tag-kairat","tag-prime","tag-soccer","tag-sport","tag-sports","tag-tv"],"share_on_mastodon":{"url":"https:\/\/pubeurope.com\/@it\/115497782817584491","error":""},"_links":{"self":[{"href":"https:\/\/www.europesays.com\/it\/wp-json\/wp\/v2\/posts\/200709","targetHints":{"allow":["GET"]}}],"collection":[{"href":"https:\/\/www.europesays.com\/it\/wp-json\/wp\/v2\/posts"}],"about":[{"href":"https:\/\/www.europesays.com\/it\/wp-json\/wp\/v2\/types\/post"}],"author":[{"embeddable":true,"href":"https:\/\/www.europesays.com\/it\/wp-json\/wp\/v2\/users\/3"}],"replies":[{"embeddable":true,"href":"https:\/\/www.europesays.com\/it\/wp-json\/wp\/v2\/comments?post=200709"}],"version-history":[{"count":0,"href":"https:\/\/www.europesays.com\/it\/wp-json\/wp\/v2\/posts\/200709\/revisions"}],"wp:featuredmedia":[{"embeddable":true,"href":"https:\/\/www.europesays.com\/it\/wp-json\/wp\/v2\/media\/176127"}],"wp:attachment":[{"href":"https:\/\/www.europesays.com\/it\/wp-json\/wp\/v2\/media?parent=200709"}],"wp:term":[{"taxonomy":"category","embeddable":true,"href":"https:\/\/www.europesays.com\/it\/wp-json\/wp\/v2\/categories?post=200709"},{"taxonomy":"post_tag","embeddable":true,"href":"https:\/\/www.europesays.com\/it\/wp-json\/wp\/v2\/tags?post=200709"}],"curies":[{"name":"wp","href":"https:\/\/api.w.org\/{rel}","templated":true}]}}