{"id":200961,"date":"2025-11-05T18:54:11","date_gmt":"2025-11-05T18:54:11","guid":{"rendered":"https:\/\/www.europesays.com\/it\/200961\/"},"modified":"2025-11-05T18:54:11","modified_gmt":"2025-11-05T18:54:11","slug":"irlanda-brian-odriscoll-non-abbiamo-lo-stesso-x-factor-del-passato","status":"publish","type":"post","link":"https:\/\/www.europesays.com\/it\/200961\/","title":{"rendered":"Irlanda, Brian O&#8217;Driscoll: &#8220;Non abbiamo lo stesso X Factor del passato&#8221;"},"content":{"rendered":"<p>L\u2019ex capitano irlandese si \u00e8 detto preoccupato rispetto alla qualit\u00e0 offensiva espressa contro gli All Blacks<\/p>\n<p>\t\t\t\t\t\t<img fetchpriority=\"high\" decoding=\"async\" aria-describedby=\"caption-attachment-121306\" class=\"size-full wp-image-121306\" src=\"https:\/\/www.europesays.com\/it\/wp-content\/uploads\/2025\/11\/A19I9644-\u00a9sebastiano-pessina.jpg\" alt=\"Brian O'Driscoll sul Pro14\" width=\"850\" height=\"567\"  \/><\/p>\n<p id=\"caption-attachment-121306\" class=\"wp-caption-text\">Irlanda, Brian O\u2019Driscoll: \u201cNon abbiamo lo stesso X Factor del passato\u201d (Ph. Sebastiano Pessina)<\/p>\n<p>L\u2019Irlanda si \u00e8 rimessa al lavoro dopo il test di Chicago contro gli All Blacks con pi\u00f9 dubbi che certezze. La sconfitta per 26-13 ha riacceso interrogativi sulla capacit\u00e0 della squadra di Andy Farrell di incidere nelle partite di alto livello, specialmente in attacco. A sottolinearlo \u00e8 stato Brian O\u2019Driscoll, una delle voci pi\u00f9 autorevoli del rugby irlandese, che non ha nascosto una certa preoccupazione sullo stato attuale del gioco dei verdi.<\/p>\n<p>L\u2019ex capitano, intervenuto nel podcast Off The Ball, ha evidenziato come la squadra sembri aver perso quel \u201cqualcosa in pi\u00f9\u201d che faceva davvero la differenza quando contava.<\/p>\n<p>\u201cAbbiamo avuto qualche buona azione, ma l\u2019unico vero lampo offensivo \u00e8 sembrato pi\u00f9 un\u2019anomalia che il risultato di un sistema di gioco funzionante\u201d, ha dichiarato O\u2019Driscoll \u2013 \u201cPer me, la mancanza di grinta nel portare la palla all\u2019esterno \u00e8 stata piuttosto evidente. Semplicemente non abbiamo avuto l\u2019X Factor che abbiamo visto in passato, a parte Tommy O\u2019Brien, che ha avuto pochissime occasioni, con la sua accelerazione, velocit\u00e0 e impegno.\u201d<\/p>\n<p>L\u2019Irlanda, avanti 13-7 nel primo tempo, ha poi faticato a trovare continuit\u00e0 e profondit\u00e0 nel proprio attacco, lasciando campo agli All Blacks, capaci di accelerare nella ripresa e chiudere la partita.<\/p>\n<p><strong>Leggi anche: <a href=\"https:\/\/www.onrugby.it\/2025\/11\/05\/quilter-nations-series-cancellato-il-cartellino-rosso-di-tadhg-beirne\/\" rel=\"nofollow noopener\" target=\"_blank\">Quilter Nations Series: cancellato il cartellino rosso di Tadhg Beirne<\/a><\/strong><\/p>\n<p>Brian O\u2019Driscoll: \u201cAbbiamo visto il meglio di Garry Ringrose? Non credo<\/p>\n<p>Secondo O\u2019Driscoll, non si tratta di un semplice incidente di percorso ma probabilmente di un campanello d\u2019allarme pi\u00f9 ampio: la necessit\u00e0 di rinnovare creativit\u00e0 e incisivit\u00e0 offensive, soprattutto mentre si avvicina una fase cruciale delle Quilter Nations Series.<\/p>\n<p>\u201cPuoi affidarti al calcio come arma d\u2019attacco, come ha fatto Jack Crowley usando il grubber e il cross kick\u201d, ha aggiunto. Poi un quesito su un giocatore chiave, probabilmente non valorizzato secondo le sue possibilit\u00e0: \u201cAbbiamo visto il meglio di Garry Ringrose? Non credo. Gli stiamo dando la palla in mano?\u201d<\/p>\n<p>Un messaggio forte, da un protagonista che della capacit\u00e0 di inventare rugby ha fatto la propria cifra. Ora la palla passa a Farrell e al suo staff, chiamati a ritrovare fluidit\u00e0, coraggio e imprevedibilit\u00e0 in un sistema che, nelle ultime uscite, sembra essersi leggermente appiattito.\t<\/p>\n<p>onrugby.it \u00a9 riproduzione riservata<\/p>\n<p>Cari Lettori,<\/p>\n<p>OnRugby, da oltre 10 anni, Vi offre gratuitamente un\u2019informazione puntuale e quotidiana sul<br \/>\n\t\t\t\t\t\t\t\tmondo della palla ovale. <b>Il nostro lavoro ha un costo che viene ripagato dalla pubblicit\u00e0, in particolare quella personalizzata.<\/b><\/p>\n<p>Quando Vi viene proposta l\u2019informativa sul rilascio di cookie o tecnologie simili, Vi chiediamo di sostenerci dando il Vostro consenso.<\/p>\n","protected":false},"excerpt":{"rendered":"L\u2019ex capitano irlandese si \u00e8 detto preoccupato rispetto alla qualit\u00e0 offensiva espressa contro gli All Blacks Irlanda, Brian&hellip;\n","protected":false},"author":3,"featured_media":200962,"comment_status":"","ping_status":"","sticky":false,"template":"","format":"standard","meta":{"footnotes":""},"categories":[1458],"tags":[1537,90,89,1840,245,244],"class_list":{"0":"post-200961","1":"post","2":"type-post","3":"status-publish","4":"format-standard","5":"has-post-thumbnail","7":"category-rugby","8":"tag-it","9":"tag-italia","10":"tag-italy","11":"tag-rugby","12":"tag-sport","13":"tag-sports"},"share_on_mastodon":{"url":"https:\/\/pubeurope.com\/@it\/115498612713544080","error":""},"_links":{"self":[{"href":"https:\/\/www.europesays.com\/it\/wp-json\/wp\/v2\/posts\/200961","targetHints":{"allow":["GET"]}}],"collection":[{"href":"https:\/\/www.europesays.com\/it\/wp-json\/wp\/v2\/posts"}],"about":[{"href":"https:\/\/www.europesays.com\/it\/wp-json\/wp\/v2\/types\/post"}],"author":[{"embeddable":true,"href":"https:\/\/www.europesays.com\/it\/wp-json\/wp\/v2\/users\/3"}],"replies":[{"embeddable":true,"href":"https:\/\/www.europesays.com\/it\/wp-json\/wp\/v2\/comments?post=200961"}],"version-history":[{"count":0,"href":"https:\/\/www.europesays.com\/it\/wp-json\/wp\/v2\/posts\/200961\/revisions"}],"wp:featuredmedia":[{"embeddable":true,"href":"https:\/\/www.europesays.com\/it\/wp-json\/wp\/v2\/media\/200962"}],"wp:attachment":[{"href":"https:\/\/www.europesays.com\/it\/wp-json\/wp\/v2\/media?parent=200961"}],"wp:term":[{"taxonomy":"category","embeddable":true,"href":"https:\/\/www.europesays.com\/it\/wp-json\/wp\/v2\/categories?post=200961"},{"taxonomy":"post_tag","embeddable":true,"href":"https:\/\/www.europesays.com\/it\/wp-json\/wp\/v2\/tags?post=200961"}],"curies":[{"name":"wp","href":"https:\/\/api.w.org\/{rel}","templated":true}]}}