{"id":201921,"date":"2025-11-06T10:33:15","date_gmt":"2025-11-06T10:33:15","guid":{"rendered":"https:\/\/www.europesays.com\/it\/201921\/"},"modified":"2025-11-06T10:33:15","modified_gmt":"2025-11-06T10:33:15","slug":"una-casa-color-crema-con-arredi-color-ciliegia","status":"publish","type":"post","link":"https:\/\/www.europesays.com\/it\/201921\/","title":{"rendered":"Una casa color crema con arredi color ciliegia"},"content":{"rendered":"<p data-journey-content=\"true\" data-node-id=\"1\" class=\"css-6wxqfj emevuu60\">C\u2019\u00e8 una ricerca che travalica i confini europei, di luoghi che si distacchino dalle grandi citt\u00e0 per non esserne sommersi. <strong data-node-id=\"1.1\">Nuove periferie ordinate<\/strong>, omogenee, dove poter ritrovare una nuova identit\u00e0. Fuori dalle rotte prestabilite e dal caos cittadino, accade ovunque nel mondo di voler trovare un centro alla propria vita, ma che sia fuori dal centro delle citt\u00e0. Ci troviamo a Telok Panglima Garang, <strong data-node-id=\"1.3\">alle porte di Kuala Lumpur, Malesia<\/strong>, in una casa indipendente, in cui <strong data-node-id=\"1.5\">Wuuu Studio<\/strong> ha sperimentato con colori, forme e pattern per restituire una nuova forma, originale, dell&#8217;abitare. Tra le case a schiera e la densit\u00e0 urbana della metropoli, questa casa diventa un gesto individuale in una comunit\u00e0 seriale. <\/p>\n<p><img draggable=\"true\" alt=\"casa bellissima di design\" title=\"Casa bellissima di design\" loading=\"lazy\" width=\"5504\" height=\"8256\" decoding=\"async\" data-nimg=\"1\" style=\"color:transparent;width:100%;height:auto;\"   src=\"https:\/\/www.europesays.com\/it\/wp-content\/uploads\/2025\/11\/v2503-13-f1-690b7469632b4.jpg\" class=\"css-0 e1g79fud0\"\/><a target=\"_blank\" rel=\"noopener nofollow\" data-theme-key=\"base-link\" href=\"https:\/\/pinterest.com\/pin\/create\/button\/?url=https:\/\/www.elledecor.com\/it\/case\/a69261804\/casa-color-crema-con-arredi-color-ciliegia\/&amp;description=elledecoritalia&amp;media=https:\/\/hips.hearstapps.com\/hmg-prod\/images\/v2503-13-f1-690b7469632b4.jpg?resize=1600:*\" class=\"pinterest css-on9hn5 e1c1bym14\"><img decoding=\"async\" data-dynamic-svg=\"true\" src=\"https:\/\/www.elledecor.com\/_assets\/design-tokens\/fre\/static\/icons\/social\/pinterest.e8cf655.svg?primary=%2523ffffff\" loading=\"lazy\" data-testid=\"dynamic-svg-base\" height=\"auto\" width=\"auto\" alt=\"pinterest\" class=\"css-4lml0h e1mlxuuw1\"\/><\/a><\/p>\n<p>TWJPTO<\/p>\n<p><img draggable=\"true\" alt=\"casa bellissima di design\" title=\"casa bellissima di design\" loading=\"lazy\" width=\"5504\" height=\"8256\" decoding=\"async\" data-nimg=\"1\" style=\"color:transparent;width:100%;height:auto;\"   src=\"https:\/\/www.europesays.com\/it\/wp-content\/uploads\/2025\/11\/v2503-13-f3-690b749d91317.jpg\" class=\"css-0 e1g79fud0\"\/><a target=\"_blank\" rel=\"noopener nofollow\" data-theme-key=\"base-link\" href=\"https:\/\/pinterest.com\/pin\/create\/button\/?url=https:\/\/www.elledecor.com\/it\/case\/a69261804\/casa-color-crema-con-arredi-color-ciliegia\/&amp;description=elledecoritalia&amp;media=https:\/\/hips.hearstapps.com\/hmg-prod\/images\/v2503-13-f3-690b749d91317.jpg?resize=1600:*\" class=\"pinterest css-on9hn5 e1c1bym14\"><img decoding=\"async\" data-dynamic-svg=\"true\" src=\"https:\/\/www.elledecor.com\/_assets\/design-tokens\/fre\/static\/icons\/social\/pinterest.e8cf655.svg?primary=%2523ffffff\" loading=\"lazy\" data-testid=\"dynamic-svg-base\" height=\"auto\" width=\"auto\" alt=\"pinterest\" class=\"css-4lml0h e1mlxuuw1\"\/><\/a><\/p>\n<p>TWJPTO<\/p>\n<p data-journey-content=\"true\" data-node-id=\"6\" class=\"css-6wxqfj emevuu60\">Tutto il progetto della Sencilla House ruota intorno a idee semplici, ma non scontate, che creano un piccolo dedalo di regole e schemi adattabili in tutto lo spazio. L\u2019estetica \u00e8 memoria, un codice contemporaneo pi\u00f9 emozionale che idelogico, dove le lezioni e le reminescenze dei grandi maestri sono una reinterpretazione viva della progettazione, al di l\u00e0 della nostalgia. Il richiamo visibile e continuo alla <a href=\"https:\/\/www.elledecor.com\/it\/design\/a25414818\/storia-bauhaus-arredi-famosi\/\" target=\"_blank\" data-vars-ga-outbound-link=\"https:\/\/www.elledecor.com\/it\/design\/a25414818\/storia-bauhaus-arredi-famosi\/\" data-vars-ga-ux-element=\"Hyperlink\" data-vars-ga-call-to-action=\"Bauhaus\" data-node-id=\"6.1\" class=\"body-link css-15fjk10 emevuu60\" rel=\"nofollow noopener\">Bauhaus<\/a> e gli elementi mid-century modern agiscono come segni culturali, e non decorativi.  <\/p>\n<p><img draggable=\"true\" alt=\"casa bellissima di design\" title=\"casa bellissima di design\" loading=\"lazy\" width=\"5504\" height=\"8256\" decoding=\"async\" data-nimg=\"1\" style=\"color:transparent;width:100%;height:auto;\"   src=\"https:\/\/www.europesays.com\/it\/wp-content\/uploads\/2025\/11\/v2503-13-f5-690b74c1ef26a.jpg\" class=\"css-0 e1g79fud0\"\/><a target=\"_blank\" rel=\"noopener nofollow\" data-theme-key=\"base-link\" href=\"https:\/\/pinterest.com\/pin\/create\/button\/?url=https:\/\/www.elledecor.com\/it\/case\/a69261804\/casa-color-crema-con-arredi-color-ciliegia\/&amp;description=elledecoritalia&amp;media=https:\/\/hips.hearstapps.com\/hmg-prod\/images\/v2503-13-f5-690b74c1ef26a.jpg?resize=1600:*\" class=\"pinterest css-on9hn5 e1c1bym14\"><img decoding=\"async\" data-dynamic-svg=\"true\" src=\"https:\/\/www.elledecor.com\/_assets\/design-tokens\/fre\/static\/icons\/social\/pinterest.e8cf655.svg?primary=%2523ffffff\" loading=\"lazy\" data-testid=\"dynamic-svg-base\" height=\"auto\" width=\"auto\" alt=\"pinterest\" class=\"css-4lml0h e1mlxuuw1\"\/><\/a><\/p>\n<p>TWJPTO<\/p>\n<p><img draggable=\"true\" alt=\"casa bellissima di design\" title=\"Casa bellissima di design\" loading=\"lazy\" width=\"5504\" height=\"8256\" decoding=\"async\" data-nimg=\"1\" style=\"color:transparent;width:100%;height:auto;\"   src=\"https:\/\/www.europesays.com\/it\/wp-content\/uploads\/2025\/11\/v2503-13-f10-690b74e0e8228.jpg\" class=\"css-0 e1g79fud0\"\/><a target=\"_blank\" rel=\"noopener nofollow\" data-theme-key=\"base-link\" href=\"https:\/\/pinterest.com\/pin\/create\/button\/?url=https:\/\/www.elledecor.com\/it\/case\/a69261804\/casa-color-crema-con-arredi-color-ciliegia\/&amp;description=elledecoritalia&amp;media=https:\/\/hips.hearstapps.com\/hmg-prod\/images\/v2503-13-f10-690b74e0e8228.jpg?resize=1600:*\" class=\"pinterest css-on9hn5 e1c1bym14\"><img decoding=\"async\" data-dynamic-svg=\"true\" src=\"https:\/\/www.elledecor.com\/_assets\/design-tokens\/fre\/static\/icons\/social\/pinterest.e8cf655.svg?primary=%2523ffffff\" loading=\"lazy\" data-testid=\"dynamic-svg-base\" height=\"auto\" width=\"auto\" alt=\"pinterest\" class=\"css-4lml0h e1mlxuuw1\"\/><\/a><\/p>\n<p>TWJPTO<\/p>\n<p data-journey-content=\"true\" data-node-id=\"10\" class=\"css-6wxqfj emevuu60\"><strong data-node-id=\"10.0\">La pianta, ampia \u2013 oltre cento metri quadrati<\/strong><strong data-node-id=\"10.1\"> \u2013 \u00e8 disposta su due livelli<\/strong>, legati tra loro da una <a href=\"https:\/\/www.elledecor.com\/it\/case\/a45359398\/ccasa-con-grande-scala\/\" target=\"_blank\" data-vars-ga-outbound-link=\"https:\/\/www.elledecor.com\/it\/case\/a45359398\/ccasa-con-grande-scala\/\" data-vars-ga-ux-element=\"Hyperlink\" data-vars-ga-call-to-action=\"scala in legno\" data-node-id=\"10.3\" class=\"body-link css-15fjk10 emevuu60\" rel=\"nofollow noopener\">scala in legno<\/a> che si apre, in uno scorcio, tra le <strong data-node-id=\"10.5\">pareti crema<\/strong>. La base, strutturata come un piedistallo, richiama un pavimento a terrazzo, creando un contrasto tra il lucido bianco e nero del materiale e la naturalit\u00e0 del legno. Il colore \u00e8 sicuramente un tratto distintivo della casa, esplorato sia piatto che in pattern che arrivano dalla storia del design \u2013 come il rivestimento in legno della colonna strutturale in cucina, trasformata in punto focale da un pattern di Alpi disegnato da <strong data-node-id=\"10.7\"><a href=\"https:\/\/www.elledecor.com\/it\/architettura\/a46505267\/la-lezione-di-ettore-sottsass-design-e-architettura-fatti-con-amore\/\" target=\"_blank\" data-vars-ga-outbound-link=\"https:\/\/www.elledecor.com\/it\/architettura\/a46505267\/la-lezione-di-ettore-sottsass-design-e-architettura-fatti-con-amore\/\" data-vars-ga-ux-element=\"Hyperlink\" data-vars-ga-call-to-action=\"Ettore Sottsass Jr\" data-node-id=\"10.7.0\" class=\"body-link css-15fjk10 emevuu60\" rel=\"nofollow noopener\">Ettore Sottsass Jr<\/a><\/strong>. In generale, la cucina, per i padroni di casa che amano ricevere, \u00e8 il fulcro narrativo, il luogo di connessione emotiva e relazionale della casa, e cos\u00ec \u00e8 stata trattata dai progettisti, attraverso materiali caldi e piastrelle dai toni pastello, naturali. <\/p>\n<p><img draggable=\"true\" alt=\"casa bellissima di design\" title=\"Casa bellissima di design\" loading=\"lazy\" width=\"5504\" height=\"8256\" decoding=\"async\" data-nimg=\"1\" style=\"color:transparent;width:100%;height:auto;\"   src=\"https:\/\/www.europesays.com\/it\/wp-content\/uploads\/2025\/11\/v2503-13-f14-690b7507d700c.jpg\" class=\"css-0 e1g79fud0\"\/><a target=\"_blank\" rel=\"noopener nofollow\" data-theme-key=\"base-link\" href=\"https:\/\/pinterest.com\/pin\/create\/button\/?url=https:\/\/www.elledecor.com\/it\/case\/a69261804\/casa-color-crema-con-arredi-color-ciliegia\/&amp;description=elledecoritalia&amp;media=https:\/\/hips.hearstapps.com\/hmg-prod\/images\/v2503-13-f14-690b7507d700c.jpg?resize=1600:*\" class=\"pinterest css-on9hn5 e1c1bym14\"><img decoding=\"async\" data-dynamic-svg=\"true\" src=\"https:\/\/www.elledecor.com\/_assets\/design-tokens\/fre\/static\/icons\/social\/pinterest.e8cf655.svg?primary=%2523ffffff\" loading=\"lazy\" data-testid=\"dynamic-svg-base\" height=\"auto\" width=\"auto\" alt=\"pinterest\" class=\"css-4lml0h e1mlxuuw1\"\/><\/a><\/p>\n<p>TWJPTO<\/p>\n<p><img draggable=\"true\" alt=\"casa bellissima di design\" title=\"Casa bellissima di design\" loading=\"lazy\" width=\"5504\" height=\"8256\" decoding=\"async\" data-nimg=\"1\" style=\"color:transparent;width:100%;height:auto;\"   src=\"https:\/\/www.europesays.com\/it\/wp-content\/uploads\/2025\/11\/v2503-13-f22-690b7537483f7.jpg\" class=\"css-0 e1g79fud0\"\/><a target=\"_blank\" rel=\"noopener nofollow\" data-theme-key=\"base-link\" href=\"https:\/\/pinterest.com\/pin\/create\/button\/?url=https:\/\/www.elledecor.com\/it\/case\/a69261804\/casa-color-crema-con-arredi-color-ciliegia\/&amp;description=elledecoritalia&amp;media=https:\/\/hips.hearstapps.com\/hmg-prod\/images\/v2503-13-f22-690b7537483f7.jpg?resize=1600:*\" class=\"pinterest css-on9hn5 e1c1bym14\"><img decoding=\"async\" data-dynamic-svg=\"true\" src=\"https:\/\/www.elledecor.com\/_assets\/design-tokens\/fre\/static\/icons\/social\/pinterest.e8cf655.svg?primary=%2523ffffff\" loading=\"lazy\" data-testid=\"dynamic-svg-base\" height=\"auto\" width=\"auto\" alt=\"pinterest\" class=\"css-4lml0h e1mlxuuw1\"\/><\/a><\/p>\n<p>TWJPTO<\/p>\n<p data-journey-content=\"true\" data-node-id=\"16\" class=\"css-6wxqfj emevuu60\"><strong data-node-id=\"16.0\">La casa \u00e8, in generale, pensata come un ambiente fluido<\/strong>, dinamico, segnato da colori forti come <a href=\"https:\/\/www.elledecor.com\/it\/design\/a38939315\/color-ciliegio-abbinamenti-tinte\/\" target=\"_blank\" data-vars-ga-outbound-link=\"https:\/\/www.elledecor.com\/it\/design\/a38939315\/color-ciliegio-abbinamenti-tinte\/\" data-vars-ga-ux-element=\"Hyperlink\" data-vars-ga-call-to-action=\"ciliegia\" data-node-id=\"16.2\" class=\"body-link css-15fjk10 emevuu60\" rel=\"nofollow noopener\">ciliegia<\/a> e cremisi e da pavimenti che si susseguono tra loro, tra cui un in marmo inciso con motivi geometrici, per enfatizzare l\u2019idea di uno spazio che si apre gradualmente, ispirato alle tecniche di compressione ed espansione del maestro americano Frank Lloyd Wright.  Elementi circolari, che siano obl\u00f2 per far passare la luce, dettagli negli arredi, specchi o decorazioni murarie tono su tono che marcano le connessioni tra i vari ambienti, puntellano lo spazio, in una sorta di legenda aperta. Il rosso, il giallo e il blu, in una rivisitazione neoplasticista, caratterizzano a blocchi la camera padronale, svelando lo spazio piuttosto che aprirlo. <\/p>\n<p><img draggable=\"true\" alt=\"casa bellissima di design\" title=\"Casa bellissima di design\" loading=\"lazy\" width=\"5504\" height=\"8256\" decoding=\"async\" data-nimg=\"1\" style=\"color:transparent;width:100%;height:auto;\"   src=\"https:\/\/www.europesays.com\/it\/wp-content\/uploads\/2025\/11\/v2503-13-f24-690b756b48e89.jpg\" class=\"css-0 e1g79fud0\"\/><a target=\"_blank\" rel=\"noopener nofollow\" data-theme-key=\"base-link\" href=\"https:\/\/pinterest.com\/pin\/create\/button\/?url=https:\/\/www.elledecor.com\/it\/case\/a69261804\/casa-color-crema-con-arredi-color-ciliegia\/&amp;description=elledecoritalia&amp;media=https:\/\/hips.hearstapps.com\/hmg-prod\/images\/v2503-13-f24-690b756b48e89.jpg?resize=1600:*\" class=\"pinterest css-on9hn5 e1c1bym14\"><img decoding=\"async\" data-dynamic-svg=\"true\" src=\"https:\/\/www.elledecor.com\/_assets\/design-tokens\/fre\/static\/icons\/social\/pinterest.e8cf655.svg?primary=%2523ffffff\" loading=\"lazy\" data-testid=\"dynamic-svg-base\" height=\"auto\" width=\"auto\" alt=\"pinterest\" class=\"css-4lml0h e1mlxuuw1\"\/><\/a><\/p>\n<p>TWJPTO<\/p>\n<p><img draggable=\"true\" alt=\"casa bellissima di design\" title=\"casa bellissima di design\" loading=\"lazy\" width=\"5504\" height=\"8256\" decoding=\"async\" data-nimg=\"1\" style=\"color:transparent;width:100%;height:auto;\"   src=\"https:\/\/www.europesays.com\/it\/wp-content\/uploads\/2025\/11\/v2503-13-f19-690b758f15dfd.jpg\" class=\"css-0 e1g79fud0\"\/><a target=\"_blank\" rel=\"noopener nofollow\" data-theme-key=\"base-link\" href=\"https:\/\/pinterest.com\/pin\/create\/button\/?url=https:\/\/www.elledecor.com\/it\/case\/a69261804\/casa-color-crema-con-arredi-color-ciliegia\/&amp;description=elledecoritalia&amp;media=https:\/\/hips.hearstapps.com\/hmg-prod\/images\/v2503-13-f19-690b758f15dfd.jpg?resize=1600:*\" class=\"pinterest css-on9hn5 e1c1bym14\"><img decoding=\"async\" data-dynamic-svg=\"true\" src=\"https:\/\/www.elledecor.com\/_assets\/design-tokens\/fre\/static\/icons\/social\/pinterest.e8cf655.svg?primary=%2523ffffff\" loading=\"lazy\" data-testid=\"dynamic-svg-base\" height=\"auto\" width=\"auto\" alt=\"pinterest\" class=\"css-4lml0h e1mlxuuw1\"\/><\/a><\/p>\n<p>TWJPTO<\/p>\n<p data-journey-content=\"true\" data-node-id=\"20\" class=\"css-6wxqfj emevuu60\">In un contesto suburbano dove tutto tende a uniformarsi, la Sencilla House si muove in controtendenza: non cerca di distinguersi con eccessi formali, ma con una chiarezza progettuale che restituisce senso all\u2019abitare. \u00c8 un gesto misurato, che parla di libert\u00e0 quotidiana pi\u00f9 che di stile, e che dimostra come anche nella ripetizione si possa insinuare una differenza. Tra riferimenti colti e ironia domestica, la casa diventa cos\u00ec un piccolo manifesto di vitalit\u00e0, un invito a guardare oltre la superficie del modernismo per ritrovare, semplicemente, un modo nuovo di vivere lo spazio.<\/p>\n<p><img draggable=\"true\" alt=\"casa bellissima di design\" title=\"casa bellissima di design\" loading=\"lazy\" width=\"5504\" height=\"8256\" decoding=\"async\" data-nimg=\"1\" style=\"color:transparent;width:100%;height:auto;\"   src=\"https:\/\/www.europesays.com\/it\/wp-content\/uploads\/2025\/11\/v2503-13-f30-690b75b0998c4.jpg\" class=\"css-0 e1g79fud0\"\/><a target=\"_blank\" rel=\"noopener nofollow\" data-theme-key=\"base-link\" href=\"https:\/\/pinterest.com\/pin\/create\/button\/?url=https:\/\/www.elledecor.com\/it\/case\/a69261804\/casa-color-crema-con-arredi-color-ciliegia\/&amp;description=elledecoritalia&amp;media=https:\/\/hips.hearstapps.com\/hmg-prod\/images\/v2503-13-f30-690b75b0998c4.jpg?resize=1600:*\" class=\"pinterest css-on9hn5 e1c1bym14\"><img decoding=\"async\" data-dynamic-svg=\"true\" src=\"https:\/\/www.elledecor.com\/_assets\/design-tokens\/fre\/static\/icons\/social\/pinterest.e8cf655.svg?primary=%2523ffffff\" loading=\"lazy\" data-testid=\"dynamic-svg-base\" height=\"auto\" width=\"auto\" alt=\"pinterest\" class=\"css-4lml0h e1mlxuuw1\"\/><\/a><\/p>\n<p>TWJPTO<\/p>\n<p data-journey-content=\"true\" data-node-id=\"23\" class=\"css-6wxqfj emevuu60\"><a href=\"https:\/\/wuuustudio.com\/\" target=\"_blank\" rel=\"nofollow noopener\" data-vars-ga-outbound-link=\"https:\/\/wuuustudio.com\/\" data-vars-ga-ux-element=\"Hyperlink\" data-vars-ga-call-to-action=\"www.wuuustudio.com\" data-node-id=\"23.0\" class=\"body-link css-15fjk10 emevuu60\">www.wuuustudio.com<\/a><\/p>\n<p><img src=\"https:\/\/www.europesays.com\/it\/wp-content\/uploads\/2025\/11\/f21a6d26-d022-482a-b207-2acd80a1455b_1689588655.file\" alt=\"Headshot of Ludovica Proietti\" title=\"Headshot of Ludovica Proietti\" width=\"100%\" height=\"100%\" decoding=\"async\" loading=\"lazy\" class=\"css-o0wq4v ev8dhu53\"\/><\/p>\n<p>Ludovica Proietti ha studiato Architettura per non fare mai l\u2019architetto. Dopo un master in Design ha conseguito un tirocinio con Domitilla Dardi e ne \u00e8 diventata assistente, sia in cattedra che per la curatela di diversi eventi, specializzandosi in Storia del Design e dell\u2019Architettura. Ha curato talk ed eventi inerenti al design presso lo spazio di co-working romano Ala\/34 fino al 2019 e, attualmente, insegna in diversi istituti della capitale ed \u00e8 senior editor per il blog Cieloterradesign. Consulente e giornalista freelance, ha a cuore la cultura del progetto contemporaneo cercando sempre di privilegiare prospettive mai scontate. \u00a0\u00a0<\/p>\n","protected":false},"excerpt":{"rendered":"C\u2019\u00e8 una ricerca che travalica i confini europei, di luoghi che si distacchino dalle grandi citt\u00e0 per non&hellip;\n","protected":false},"author":3,"featured_media":201922,"comment_status":"","ping_status":"","sticky":false,"template":"","format":"standard","meta":{"footnotes":""},"categories":[1446],"tags":[1615,1613,1614,1611,1610,727,1612,203,204,1537,90,89],"class_list":{"0":"post-201921","1":"post","2":"type-post","3":"status-publish","4":"format-standard","5":"has-post-thumbnail","7":"category-arte-e-design","8":"tag-arte","9":"tag-arte-e-design","10":"tag-arteedesign","11":"tag-arts","12":"tag-arts-and-design","13":"tag-case","14":"tag-design","15":"tag-entertainment","16":"tag-intrattenimento","17":"tag-it","18":"tag-italia","19":"tag-italy"},"share_on_mastodon":{"url":"https:\/\/pubeurope.com\/@it\/115502305237035266","error":""},"_links":{"self":[{"href":"https:\/\/www.europesays.com\/it\/wp-json\/wp\/v2\/posts\/201921","targetHints":{"allow":["GET"]}}],"collection":[{"href":"https:\/\/www.europesays.com\/it\/wp-json\/wp\/v2\/posts"}],"about":[{"href":"https:\/\/www.europesays.com\/it\/wp-json\/wp\/v2\/types\/post"}],"author":[{"embeddable":true,"href":"https:\/\/www.europesays.com\/it\/wp-json\/wp\/v2\/users\/3"}],"replies":[{"embeddable":true,"href":"https:\/\/www.europesays.com\/it\/wp-json\/wp\/v2\/comments?post=201921"}],"version-history":[{"count":0,"href":"https:\/\/www.europesays.com\/it\/wp-json\/wp\/v2\/posts\/201921\/revisions"}],"wp:featuredmedia":[{"embeddable":true,"href":"https:\/\/www.europesays.com\/it\/wp-json\/wp\/v2\/media\/201922"}],"wp:attachment":[{"href":"https:\/\/www.europesays.com\/it\/wp-json\/wp\/v2\/media?parent=201921"}],"wp:term":[{"taxonomy":"category","embeddable":true,"href":"https:\/\/www.europesays.com\/it\/wp-json\/wp\/v2\/categories?post=201921"},{"taxonomy":"post_tag","embeddable":true,"href":"https:\/\/www.europesays.com\/it\/wp-json\/wp\/v2\/tags?post=201921"}],"curies":[{"name":"wp","href":"https:\/\/api.w.org\/{rel}","templated":true}]}}