{"id":202126,"date":"2025-11-06T13:18:12","date_gmt":"2025-11-06T13:18:12","guid":{"rendered":"https:\/\/www.europesays.com\/it\/202126\/"},"modified":"2025-11-06T13:18:12","modified_gmt":"2025-11-06T13:18:12","slug":"rockin1000-la-rock-band-piu-grande-del-mondo-allallianz-stadium-il-30-maggio-2026","status":"publish","type":"post","link":"https:\/\/www.europesays.com\/it\/202126\/","title":{"rendered":"Rockin&#8217;1000, la rock band pi\u00f9 grande del mondo all&#8217;Allianz Stadium il 30 maggio 2026"},"content":{"rendered":"<p>L&#8217;Allianz Stadium si prepara a vibrare come mai prima: Rockin\u20191000, la band rock pi\u00f9 grande del mondo, ha annunciato il suo debutto assoluto a Torino. Il maxi-concerto, che vedr\u00e0 mille musicisti esibirsi all&#8217;unisono, \u00e8 fissato per sabato 30 maggio 2026 e segna il primo frutto di una nuova, importante alleanza strategica con Rai Pubblicit\u00e0.\u00a0<\/p>\n<p>L&#8217;annuncio \u00e8 stato dato in occasione di Interactions, l&#8217;evento di IAB Italia dedicato all\u2019innovazione nella comunicazione, sottolineando come l&#8217;iniziativa si ponga all&#8217;avanguardia nel marketing e nell&#8217;esperienza dal vivo.\u00a0<\/p>\n<p>Mille strumenti, un&#8217;unica energia contagiosa\u00a0<\/p>\n<p>Il format \u00e8 ormai un fenomeno globale: mille musicisti \u2013 tra chitarristi, batteristi, bassisti, tastieristi e cantanti \u2013 saliranno sul palco torinese per sprigionare un&#8217;energia sonora senza precedenti. Rockin\u20191000, nata come idea virale per omaggiare i Foo Fighters, \u00e8 oggi una community internazionale con oltre 100.000 membri e centinaia di milioni di visualizzazioni online, uniti dalla passione di creare musica dal vivo, ad alto volume e perfettamente sincronizzata.\u00a0<\/p>\n<p>La partnership strategica con Rai Pubblicit\u00e0\u00a0<\/p>\n<p>L&#8217;esibizione all&#8217;Allianz Stadium non \u00e8 solo un concerto, ma l&#8217;inizio di una collaborazione cruciale: Rockin\u20191000 e Rai Pubblicit\u00e0 daranno vita a una serie di progetti di comunicazione integrata ed eventi che mirano a trasformare l&#8217;emozione collettiva in un linguaggio universale.\u00a0<\/p>\n<p>Fabio Zaffagnini, founder di Rockin\u20191000, ha commentato l&#8217;accordo: \u201cQuesta alleanza con Rai Pubblicit\u00e0 ci permette di portare il nostro approccio partecipativo e creativo in un sistema mediatico strutturato, dove musica, contenuto e brand si incontrano per dare vita a progetti autentici e coinvolgenti. Vogliamo trasformare ogni evento in un momento collettivo, in cui la nostra community diventi veicolo emotivo e narrativo per i valori dei partner\u201d.\u00a0<\/p>\n<p>Un anno chiave tra Italia e USA\u00a0<\/p>\n<p>Il 2026 sar\u00e0 un anno di grandi conquiste per la super band. Oltre all&#8217;atteso debutto a Torino, Rockin\u20191000 si esibir\u00e0 anche negli Stati Uniti, con un concerto gi\u00e0 fissato per il 31 gennaio 2026 al Caesars Superdome di New Orleans (biglietti in vendita <a href=\"https:\/\/www.neworleans.com\/rockin1000\/\" rel=\"nofollow noopener\" target=\"_blank\">QUI<\/a>). L&#8217;organizzazione vanta numeri da record, con oltre 300.000 biglietti venduti in stadi di 20 paesi, e una recente esibizione alle Nazioni Unite insieme a Andra Day e Michelle Williams. I biglietti per il concerto di Torino, fissato per il 30 maggio 2026, saranno in vendita a partire da gioved\u00ec 6 novembre sulla piattaforma Vivaticket .<\/p>\n<p>Continua a leggere le notizie di <a href=\"https:\/\/www.torinotoday.it\/\" target=\"_blank\" rel=\"nofollow noopener\">TorinoToday<\/a>, segui la nostra pagina <a href=\"https:\/\/www.facebook.com\/TorinoToday\" target=\"_blank\" rel=\"nofollow noopener\">Facebook<\/a> e iscriviti al nostro <a href=\"https:\/\/whatsapp.com\/channel\/0029VaDWXSwCMY0Jr5wm4a1v%C2%A0\" target=\"_blank\" rel=\"nofollow noopener\">canale WhatsApp<\/a>.<\/p>\n","protected":false},"excerpt":{"rendered":"L&#8217;Allianz Stadium si prepara a vibrare come mai prima: Rockin\u20191000, la band rock pi\u00f9 grande del mondo, ha&hellip;\n","protected":false},"author":3,"featured_media":202127,"comment_status":"","ping_status":"","sticky":false,"template":"","format":"standard","meta":{"footnotes":""},"categories":[1443],"tags":[51873,2943,203,204,1537,90,89,1538,1539],"class_list":{"0":"post-202126","1":"post","2":"type-post","3":"status-publish","4":"format-standard","5":"has-post-thumbnail","7":"category-musica","8":"tag-allianz-stadium","9":"tag-concerti","10":"tag-entertainment","11":"tag-intrattenimento","12":"tag-it","13":"tag-italia","14":"tag-italy","15":"tag-music","16":"tag-musica"},"share_on_mastodon":{"url":"https:\/\/pubeurope.com\/@it\/115502953515258774","error":""},"_links":{"self":[{"href":"https:\/\/www.europesays.com\/it\/wp-json\/wp\/v2\/posts\/202126","targetHints":{"allow":["GET"]}}],"collection":[{"href":"https:\/\/www.europesays.com\/it\/wp-json\/wp\/v2\/posts"}],"about":[{"href":"https:\/\/www.europesays.com\/it\/wp-json\/wp\/v2\/types\/post"}],"author":[{"embeddable":true,"href":"https:\/\/www.europesays.com\/it\/wp-json\/wp\/v2\/users\/3"}],"replies":[{"embeddable":true,"href":"https:\/\/www.europesays.com\/it\/wp-json\/wp\/v2\/comments?post=202126"}],"version-history":[{"count":0,"href":"https:\/\/www.europesays.com\/it\/wp-json\/wp\/v2\/posts\/202126\/revisions"}],"wp:featuredmedia":[{"embeddable":true,"href":"https:\/\/www.europesays.com\/it\/wp-json\/wp\/v2\/media\/202127"}],"wp:attachment":[{"href":"https:\/\/www.europesays.com\/it\/wp-json\/wp\/v2\/media?parent=202126"}],"wp:term":[{"taxonomy":"category","embeddable":true,"href":"https:\/\/www.europesays.com\/it\/wp-json\/wp\/v2\/categories?post=202126"},{"taxonomy":"post_tag","embeddable":true,"href":"https:\/\/www.europesays.com\/it\/wp-json\/wp\/v2\/tags?post=202126"}],"curies":[{"name":"wp","href":"https:\/\/api.w.org\/{rel}","templated":true}]}}