{"id":202421,"date":"2025-11-06T17:04:10","date_gmt":"2025-11-06T17:04:10","guid":{"rendered":"https:\/\/www.europesays.com\/it\/202421\/"},"modified":"2025-11-06T17:04:10","modified_gmt":"2025-11-06T17:04:10","slug":"acconto-dividendo-bancobpm-2026-calendario-ammontare-e-rendimento","status":"publish","type":"post","link":"https:\/\/www.europesays.com\/it\/202421\/","title":{"rendered":"Acconto dividendo BancoBPM 2026: calendario, ammontare e rendimento"},"content":{"rendered":"<p><img decoding=\"async\" style=\"float: left;\" src=\"https:\/\/www.europesays.com\/it\/wp-content\/uploads\/2025\/11\/banco-bpm_2.jpeg\" alt=\"banco-bpm_2\" width=\"200\" \/>In occasione dell&#8217;<a href=\"https:\/\/www.soldionline.it\/notizie\/azioni-italia\/conti-banco-bpm-nove-mesi-2025-stime\" target=\"_blank\" rel=\"nofollow noopener\">approvazione dei conti dei primi nove mesi del 2025<\/a> il management del <a href=\"https:\/\/www.soldionline.it\/quotazioni\/dettaglio\/IT0005218380.html\" rel=\"nofollow noopener\" target=\"_blank\"><strong>BancoBPM<\/strong><\/a> ha definito la distribuzione dell&#8217;acconto sul dividendo 2026 (relativo all&#8217;esercizio 2025) per un <strong>ammontare di 0,46 euro per azione<\/strong>, non sussistendo controindicazioni derivanti dai risultati prevedibili per il quarto trimestre 2024. L&#8217;ammontare complessivo del dividendo \u00e8 di circa 700 milioni di euro.<\/p>\n<p><strong>La cedola sar\u00e0 staccata luned\u00ec 24 novembre 2025<\/strong>, con pagamento dal 26 novembre.<\/p>\n<p>Sulla base del prezzo di chiusura delle azioni BancoBPM del 6 novembre 2025 (12,7 euro), <strong>il rendimento (al lordo delle imposte) dell&#8217;acconto sul dividendo \u00e8 pari al 3,62%<\/strong>.<\/p>\n<p>\u00a0<\/p>\n<p>Questo  scritto \u00e8 redatto a solo scopo informativo, pu\u00f2 essere modificato  in  qualsiasi momento e NON pu\u00f2 essere considerato sollecitazione  al  pubblico risparmio. &#13;<br \/>\n Il sito web non garantisce la correttezza e non si assume la responsabilit\u00e0 in merito all\u2019uso delle informazioni ivi riportate.<\/p>\n","protected":false},"excerpt":{"rendered":"In occasione dell&#8217;approvazione dei conti dei primi nove mesi del 2025 il management del BancoBPM ha definito la&hellip;\n","protected":false},"author":3,"featured_media":202422,"comment_status":"","ping_status":"","sticky":false,"template":"","format":"standard","meta":{"footnotes":""},"categories":[172],"tags":[178,120980,177,26712,1537,90,89],"class_list":{"0":"post-202421","1":"post","2":"type-post","3":"status-publish","4":"format-standard","5":"has-post-thumbnail","7":"category-affari","8":"tag-affari","9":"tag-bancobpm","10":"tag-business","11":"tag-dividendi","12":"tag-it","13":"tag-italia","14":"tag-italy"},"share_on_mastodon":{"url":"https:\/\/pubeurope.com\/@it\/115503842845827607","error":""},"_links":{"self":[{"href":"https:\/\/www.europesays.com\/it\/wp-json\/wp\/v2\/posts\/202421","targetHints":{"allow":["GET"]}}],"collection":[{"href":"https:\/\/www.europesays.com\/it\/wp-json\/wp\/v2\/posts"}],"about":[{"href":"https:\/\/www.europesays.com\/it\/wp-json\/wp\/v2\/types\/post"}],"author":[{"embeddable":true,"href":"https:\/\/www.europesays.com\/it\/wp-json\/wp\/v2\/users\/3"}],"replies":[{"embeddable":true,"href":"https:\/\/www.europesays.com\/it\/wp-json\/wp\/v2\/comments?post=202421"}],"version-history":[{"count":0,"href":"https:\/\/www.europesays.com\/it\/wp-json\/wp\/v2\/posts\/202421\/revisions"}],"wp:featuredmedia":[{"embeddable":true,"href":"https:\/\/www.europesays.com\/it\/wp-json\/wp\/v2\/media\/202422"}],"wp:attachment":[{"href":"https:\/\/www.europesays.com\/it\/wp-json\/wp\/v2\/media?parent=202421"}],"wp:term":[{"taxonomy":"category","embeddable":true,"href":"https:\/\/www.europesays.com\/it\/wp-json\/wp\/v2\/categories?post=202421"},{"taxonomy":"post_tag","embeddable":true,"href":"https:\/\/www.europesays.com\/it\/wp-json\/wp\/v2\/tags?post=202421"}],"curies":[{"name":"wp","href":"https:\/\/api.w.org\/{rel}","templated":true}]}}