{"id":202542,"date":"2025-11-06T18:45:21","date_gmt":"2025-11-06T18:45:21","guid":{"rendered":"https:\/\/www.europesays.com\/it\/202542\/"},"modified":"2025-11-06T18:45:21","modified_gmt":"2025-11-06T18:45:21","slug":"ballando-con-le-stelle-2025-francesca-fialdini-si-ritira","status":"publish","type":"post","link":"https:\/\/www.europesays.com\/it\/202542\/","title":{"rendered":"Ballando con le Stelle 2025: Francesca Fialdini si ritira?"},"content":{"rendered":"<p class=\"has-dropcap\"><a href=\"https:\/\/www.vanityfair.it\/article\/francesca-fialdini-ballando-con-le-stelle-molestie-malattia-samuele-bersani\" target=\"_blank\" rel=\"nofollow noopener\">Francesca Fialdini<\/a> rester\u00e0 o meno in gara a Ballando con le Stelle? Come gli appassionati spettatori del programma sanno, <strong>nel corso della puntata andata in onda su Rai1 il 1\u00b0 novembre la conduttrice non \u00e8 riuscita a proporre la coreografia che aveva preparato durante la settimana per via di un infortunio<\/strong> che le ha impedito di poggiare il piede a terra: nonostante l&#8217;impedimento sia lei che il suo ballerino <a href=\"https:\/\/www.vanityfair.it\/article\/bianca-guaccero-momento-magico-trionfo-ballando-con-le-stelle-amore-con-giovanni-pernice-matrimonio-tre-mesi-sono-ancora-pochi-per-dirlo-ma-chissa\" target=\"_blank\" rel=\"nofollow noopener\"><strong>Giovanni Pernice<\/strong><\/a> hanno voluto comunque scendere in pista con tutte le accortezze del caso per dare vita a una coreografia monca che, <strong>pur ottenendo diversi zero dalla giuria di Ballando<\/strong> &#8211; non poteva essere altrimenti -, \u00e8 riuscita comunque a far s\u00ec che i due restassero in gara. Com&#8217;\u00e8, per\u00f2, ora la situazione?<\/p>\n<p><img decoding=\"async\" alt=\"Francesca Fialdini e Giovanni Pernice.\" loading=\"lazy\" class=\"ResponsiveImageContainer-eNxvmU cfBbTk responsive-image__image\"   src=\"https:\/\/www.europesays.com\/it\/wp-content\/uploads\/2025\/11\/IPA_Agency_IPA67391173.jpg\"\/><\/p>\n<p>Francesca Fialdini e Giovanni Pernice.Maurizio D&#8217;Avanzo \/ ipa-agency.net<\/p>\n<p>A Ballando Segreto, la fortunata striscia di Ballando con le Stelle che meriterebbe pi\u00f9 luce e attenzione considerando che spesso \u00e8 addirittura pi\u00f9 ricca e succulenta del programma stesso, la conduttrice di Da noi&#8230;a ruota libera ci ha tenuto a rassicurare <a href=\"https:\/\/www.vanityfair.it\/article\/milly-carlucci-intervista-ballando-con-le-stelle-mariotto-belve-tv\" target=\"_blank\" rel=\"nofollow noopener\">Milly Carlucci<\/a> spiegandole che al momento riesce ad appoggiare il tallone dopo che si \u00e8 sottoposta ad alcuni trattamenti: \u00ab<strong>Adesso poggio il tallone. Mi hanno fasciato e fatto il trattamento con l\u2019ossido di zinco per riassorbire. Ho il terzo e quarto dito del piede che mi fanno male\u00bb.<\/strong> A farle eco \u00e8 stato Giovanni Pernice, che ha spiegato le loro intenzioni in merito alla gara.<\/p>\n","protected":false},"excerpt":{"rendered":"Francesca Fialdini rester\u00e0 o meno in gara a Ballando con le Stelle? Come gli appassionati spettatori del programma&hellip;\n","protected":false},"author":3,"featured_media":202543,"comment_status":"","ping_status":"","sticky":false,"template":"","format":"standard","meta":{"footnotes":""},"categories":[1444],"tags":[203,204,1537,90,89,5704,253],"class_list":{"0":"post-202542","1":"post","2":"type-post","3":"status-publish","4":"format-standard","5":"has-post-thumbnail","7":"category-tv","8":"tag-entertainment","9":"tag-intrattenimento","10":"tag-it","11":"tag-italia","12":"tag-italy","13":"tag-programmi-tv","14":"tag-tv"},"share_on_mastodon":{"url":"https:\/\/pubeurope.com\/@it\/115504239566620178","error":""},"_links":{"self":[{"href":"https:\/\/www.europesays.com\/it\/wp-json\/wp\/v2\/posts\/202542","targetHints":{"allow":["GET"]}}],"collection":[{"href":"https:\/\/www.europesays.com\/it\/wp-json\/wp\/v2\/posts"}],"about":[{"href":"https:\/\/www.europesays.com\/it\/wp-json\/wp\/v2\/types\/post"}],"author":[{"embeddable":true,"href":"https:\/\/www.europesays.com\/it\/wp-json\/wp\/v2\/users\/3"}],"replies":[{"embeddable":true,"href":"https:\/\/www.europesays.com\/it\/wp-json\/wp\/v2\/comments?post=202542"}],"version-history":[{"count":0,"href":"https:\/\/www.europesays.com\/it\/wp-json\/wp\/v2\/posts\/202542\/revisions"}],"wp:featuredmedia":[{"embeddable":true,"href":"https:\/\/www.europesays.com\/it\/wp-json\/wp\/v2\/media\/202543"}],"wp:attachment":[{"href":"https:\/\/www.europesays.com\/it\/wp-json\/wp\/v2\/media?parent=202542"}],"wp:term":[{"taxonomy":"category","embeddable":true,"href":"https:\/\/www.europesays.com\/it\/wp-json\/wp\/v2\/categories?post=202542"},{"taxonomy":"post_tag","embeddable":true,"href":"https:\/\/www.europesays.com\/it\/wp-json\/wp\/v2\/tags?post=202542"}],"curies":[{"name":"wp","href":"https:\/\/api.w.org\/{rel}","templated":true}]}}