{"id":202700,"date":"2025-11-06T20:52:11","date_gmt":"2025-11-06T20:52:11","guid":{"rendered":"https:\/\/www.europesays.com\/it\/202700\/"},"modified":"2025-11-06T20:52:11","modified_gmt":"2025-11-06T20:52:11","slug":"bilancio-squadre-2025-cofidis-gli-esperti-steccano-i-giovani-non-raccolgono-e-la-retrocessione-dal-worldtour-diventa-amara-realta","status":"publish","type":"post","link":"https:\/\/www.europesays.com\/it\/202700\/","title":{"rendered":"Bilancio Squadre 2025: Cofidis &#8211; Gli esperti steccano, i giovani non raccolgono e la retrocessione dal WorldTour diventa amara realt\u00e0"},"content":{"rendered":"<p>\t\t\t\t\t<a href=\"https:\/\/cyclingpro.net\/spaziociclismo\/altro\/scopri-lapp-ufficiale-di-spaziociclismo\/\" title=\"\" rel=\"nofollow noopener\" target=\"_blank\"><br \/>\n\t\t\t\t\t\t<img loading=\"lazy\" decoding=\"async\" src=\"https:\/\/www.europesays.com\/it\/wp-content\/uploads\/2025\/09\/1758060682_662_Banner-App-SpazioCiclismo.png\" alt=\"\" width=\"728\" height=\"91\"\/><br \/>\n\t\t\t\t\t<\/a><\/p>\n<p>Un anno fa di questi tempi, proprio in questo spazio, ci si chiedeva se la <strong>Cofidis<\/strong> sarebbe riuscita, a fronte di una tendenza a calare, a mantenere la licenza WorldTour, visto soprattutto l\u2019arrembante CicloMercato fatto dalla XDS Astana. Ebbene, la risposta, resa ufficiale dalla classifica triennale dell\u2019UCI, \u00e8 stata no. Se il 2024 era stato abbastanza scevro di soddisfazioni, il 2025 \u00e8 stato persino peggiore: solo 9 vittorie (due su scala WorldTour) e, in generale, una presenza davvero rarefatta sui palcoscenici pi\u00f9 importanti. Cos\u00ec, il piatto ha pianto fino a fine stagione e il verdetto del ritorno fra le Professional \u00e8 diventato triste realt\u00e0.<\/p>\n<p>TOP<\/p>\n<p>Alla fine, il suo <strong>Alex Aranburu<\/strong> lo ha fatto. Era stato voluto in squadra per ricoprire il ruolo del raccoglitore di punti UCI e lo spagnolo ha chiuso la stagione con un totale vicino ai 1200. Da agosto a ottobre \u00e8 stato spremuto nel tentativo di garantirsi la salvezza, ma la serie di 14 gare affrontate ha visto come picco il quinto posto al Circuit Franco-Belge e l\u2019ottavo al GP de Montr\u00e9al. Considerando comunque che il suo contributo aveva iniziato a darlo gi\u00e0 a gennaio e che, tutto sommato, un successo pesante (al Giro dei Paesi Baschi) lo ha anche portato a casa, il basco non pu\u00f2 che essere fra i promossi, al termine di una stagione collettivamente molto complicata.<\/p>\n<p>Sicuramente molto positiva anche l\u2019annata di <strong>Milan Fretin<\/strong>, che aveva gi\u00e0 mostrato buone cose nel 2024 e le ha confermate anche nel 2025, in particolare nella prima parte di stagione. Le sue tre vittorie, che ne fanno il plurivincitore della squadra, sono infatti arrivate tutte tra met\u00e0 febbraio e met\u00e0 aprile, iniziando con la Clasica de Almeria, proseguendo con una tappa alla Volta ao Algarve e finendo con la Ronde van Limburg. A questo bisogna aggiungere altre 15 top-10, tra cui un secondo posto al Giro d\u2019Italia nella tappa di Napoli, che hanno portato un bel bottino i punti: a 24 anni e con un contratto fino a fine 2027, la squadra dovr\u00e0 ripartire anche da lui per iniziare la risalita.<\/p>\n<p>\u00c8 mancata invece solo la vittoria a<strong> Stanis\u0142aw Anio\u0142kowski<\/strong>, corridore pi\u00f9 piazzato della squadra sia in quanto a numero di Top-10 (19 volte) che in quanto a podi (6 volte), tra cui tre secondi posti, dimostrandosi piuttosto costante nelle volate nel corso di tutta la stagione e facendo risultato anche in corse di buon livello. Pochi, invece, ma nel complesso buoni i piazzamenti di <strong>Alexis Renard<\/strong> e <strong>Benjamin Thomas<\/strong>, entrambi miglioratisi rispetto allo scorso anno, con il primo che ha colto il secondo posto nella nuova Copenhagen Sprint e in una semiclassica importante come la Brussels Classic, mentre il secondo ha colto risultati soprattutto sulle strade di casa e in alcune corse italiane, compresa una Coppa Sabatini chiusa in seconda piazza.<\/p>\n<p>Lampi, seppur isolati, sono arrivati da <strong>Cl\u00e9ment Izquierdo<\/strong> e <strong>Oliver Knight,<\/strong> entrati nella lista dei corridori vittoriosi dopo essersi imposti ambedue in una tappa del Giro di Vallonia 2025. Entrambi hanno per\u00f2 difettato in continuit\u00e0, non riuscendo ad aggiungere altri buoni segnali nell\u2019arco della loro stagione. Anche <strong>Sylvain Moniquet<\/strong> \u00e8 riuscito a portare a casa una corsa, vincendo una tappa al Tour du Limousin: il belga \u00e8 stato peraltro uno dei corridori pi\u00f9 \u201cvisibili\u201d dell\u2019intera squadra, provando pi\u00f9 volte ad attaccare da lontano, con risultati per\u00f2 alterni.<\/p>\n<p>Un acuto lo aveva emesso, a inizio stagione, anche <strong>Valentin Ferron<\/strong>, che vincendo il GP La Marseillaise aveva fatto pensare che il 2025 fosse nato sotto una buona stella per la squadra. Da l\u00ec in poi, poi, per\u00f2 il francese ha faticato a ritagliarsi i suoi spazi in termini di risultati. <strong>Sam Maisonobe<\/strong> ha poi provato a mettersi in luce nelle brevi corse a tappe, raccogliendo qualche discreto piazzamento che induce a guardare con ottimismo al suo futuro. Nella seconda met\u00e0 della stagione, la squadra francese ha messo sotto contratto l\u2019irlandese <strong>Jamie Meehan<\/strong>, che si era avvicinato inizialmente come stagista: per lui giusto qualche buona indicazione che pu\u00f2 servire da incoraggiamento per il futuro.<\/p>\n<p>Mettiamo nel limbo degli ingiudicabili invece <strong>Simon Carr<\/strong>, che a causa di un problema al ginocchio ha iniziato a correre soltanto a giugno, senza per\u00f2 mai trovare la condizione giusta. Il suo contributo \u00e8 mancato per cause non dipendenti da lui. Medesimo discorso per <strong>Eddy Fin\u00e9,<\/strong> che si \u00e8 trovato addirittura costretto a chiudere la carriera a fine giugno per via di problemi fisici non risolti. E lo stesso guaio ha condizionato praticamente tutta l\u2019annata di <strong>Hugo Toumire<\/strong>, che ha corso pochissimo e che ora si ritrova senza un contratto per la prossima stagione.<\/p>\n<p>+++ Alex Aranburu<br \/>++ Milan Fretin<br \/>+ Stanislaw Aniolkowski<\/p>\n<p>FLOP<\/p>\n<p>Nei piani della squadra <strong>Emanuel Buchmann<\/strong> avrebbe dovuto rappresentare la carta \u201cuomo di classifica\u201d. Puntando sulla sua regolarit\u00e0, il tedesco, quarto al Tour de France 2019, sperava di raggranellare punti pesanti, ma la missione \u00e8 fallita sia al Tour (trentesimo) sia alla successiva Vuelta (addirittura 98esimo nella generale finale, numero che potrebbe dimostrare anche una certa arrendevolezza). Anche dalle altre corse affrontate non sono arrivati risultati importanti, a coronamento di una stagione davvero grigia per il 32enne teutonico.<\/p>\n<p>Ha reso poco, rispetto alle attese, anche <strong>Dylan Teuns<\/strong>, altro volto nuovo di CicloMercato, che avrebbe dovuto capitalizzare gli sforzi della squadra nelle Classiche a lui pi\u00f9 adatte. Il resoconto dei risultati \u00e8 invece abbastanza incolore, se si pensa che il raccolto pi\u00f9 importante, in termini di punti, \u00e8 arrivato con il sesto posto alla Veneto Classic. Pure nel suo caso, i fasti del passato sono rimasti parecchio lontani, a fronte di un presente in cui riuscire ad emergere sembra sempre pi\u00f9 difficile.<\/p>\n<p>Ci si poteva attendere sicuramente qualcosa in pi\u00f9 anche da un altro veterano del gruppo come<strong>\u00a0Bryan Coquard<\/strong>, il cui unico successo \u00e8 arrivato nella quarta tappa del Tour Down Under, gara nella quale ha anche colto due degli altri suoi quattro podi stagionali. Per il resto, qualche altro piazzamento qua e l\u00e0 e due sole top-10 nei due Grandi Giri affrontati, il Tour de France (costretto ad abbandonare alla fine della seconda settimana a causa di una frattura a un dito) e la Vuelta a Espa\u00f1a. Nonostante questo, \u00e8 stato il quinto corridore della squadra come numero di punti conquistati, a conferma di un\u2019annata decisamente grigia per tutta la rosa.<\/p>\n<p>Qualche piazzamento nel finale di stagione non salva del tutto il bilancio di <strong>Ion Izagirre<\/strong>, che sulla carta sarebbe stato l\u2019uomo su cui fare affidamento nelle corse da una settimana e magari in qualche classica impegnativa. Lo spagnolo invece non ha raccolto neanche una top 10 nelle competizioni a tappe, n\u00e9 \u00e8 riuscito a mettersi in mostra con qualche risultato di tappa al Tour de France. Come gli studenti che devono recuperare un\u2019insufficienza, studia bene per le ultime verifiche e raccoglie qualche piazzamento qua e l\u00e0, dal decimo posto alla Tre Valli Varesine al tredicesimo al Lombardia, fino al podio alla Japan Cup. Troppo poco per\u00f2 per salvare del tutto il suo 2025.<\/p>\n<p>Come lui, \u00e8 mancato l\u2019acuto all\u2019altro spagnolo esperto della squadra, vale a dire\u00a0<strong>Jes\u00fas Herrada<\/strong>. Il secondo posto alla Vuelta a Castilla y Leon \u00e8 il massimo del suo 2025, dove raramente \u00e8 riuscito a correre per qualcosa di importante. E in una squadra con pochi risultati degni di nota nelle classifiche generali, il fatto di non essere capitano \u00e8 una scusante fino a un certo punto.\u00a0Non \u00e8 stata un\u2019annata facile neanche per\u00a0<strong>Stefano Oldani<\/strong>. L\u2019italiano ha raccolto qualche piazzamento qua e l\u00e0, come un quinto e un sesto posto di tappa al Giro d\u2019Italia e un settimo alla Eschborn-Frankfurt, mentre nel finale di stagione \u00e8 arrivata un\u2019ottava posizione alla Coppa Agostoni. Era per\u00f2 lecito aspettarsi qualcosa di pi\u00f9 da lui, che in carriera ha vinto una tappa al Giro e mostrato le sue qualit\u00e0.<\/p>\n<p>Giusto un paio di piazzamenti, fra cui il settimo posto alla E3 Saxo Classic, non possono bastare per \u201csalvare\u201d la stagione di <strong>Aim\u00e9 De Gendt<\/strong>, che prover\u00e0 a rilanciarsi nel futuro prossimo cambiando maglia. Il ruolino di marcia di <strong>Piet Allegaert<\/strong> \u00e8 stato quasi identico a quello del connazionale appena citato: il settimo posto alla Omloop Nieuwsblad \u00e8 un lampo interessante, su cui per\u00f2 non pu\u00f2 basarsi un\u2019intera stagione.<\/p>\n<p><strong>Damien Touz\u00e9<\/strong> aveva iniziato bene la stagione all\u2019Etoile des Bess\u00e8ges, ma da l\u00ec in avanti non si \u00e8 pi\u00f9 visto. Qualche giornata in fuga, senza esiti tangibili, sono state il picco del rendimento di <strong>Paul Ourselin<\/strong>, mentre Poco, se non pochissimo, infine da segnalare per <strong>Nicolas Debeaumarch\u00e9, Jonathan Lastra, Jan Maas, Nolann Mahoudo, Ludovic Robeet<\/strong>\u00a0e<strong> Sergio Samitier<\/strong>, con quest\u2019ultimo che ha provato la fortuna in qualche fuga alla Vuelta a Espa\u00f1a, non riuscendo per\u00f2 a raccogliere alcunch\u00e9. <strong>Anthony Perez<\/strong>, infine, \u00e8 arrivato alle ultime corse della sua esperienza da professionista senza riuscire a scrivere pagine particolarmente entusiasmanti, almeno nell\u2019ultimo scorcio di carriera.<\/p>\n<p>\u2013 Bryan Coquard<br \/>\u2014 Dylan Teuns<br \/>\u2014 Emanuel Buchmann<\/p>\n<p>Classifica UCI<\/p>\n<p>La Cofidis ha chiuso il 2025 al ventesimo posto della classifica mondiale UCI, ottenendo in tutto 7599 punti, in linea con quanto raccolto nell\u2019annata precedente e in netto deficit rispetto a quanto fatto nel 2023. La somma dei tre anni ha portato alla retrocessione fra le Professional, maturata dopo il duello a distanza, perso, con la Uno-X Mobility. Di seguito i 20 corridori che hanno contribuito alla raccolta dei punti nell\u2019arco della stagione.<\/p>\n<tr style=\"height: 24px;\">\n<td style=\"width: 62.6292%; box-sizing: content-box; overflow: initial; text-overflow: ellipsis; height: 24px;\"><strong>CORRIDORE<\/strong><\/td>\n<td style=\"width: 12.3339%; box-sizing: content-box; overflow: initial; text-overflow: ellipsis; height: 24px;\"><strong>NAZIONE<\/strong><\/td>\n<td style=\"width: 16.3958%; box-sizing: content-box; overflow: initial; text-overflow: ellipsis; height: 24px;\"><strong>PUNTI<\/strong><\/td>\n<\/tr>\n<tr style=\"height: 15.0pt;\" role=\"row\" data-uid=\"g62d82cb-f580-42e2-b886-bb8f55250396\">\n<td style=\"height: 15pt; width: 62.6292%;\" role=\"gridcell\" width=\"64\" height=\"20\">ARANBURU DEVA Alex<\/td>\n<td class=\"xl64\" style=\"width: 12.3339%;\" role=\"gridcell\" width=\"64\">\n<\/td>\n<td class=\"xl65\" style=\"width: 16.3958%;\" role=\"gridcell\" align=\"right\" width=\"64\">1167<\/td>\n<\/tr>\n<tr style=\"height: 15.0pt;\" role=\"row\" data-uid=\"i942d4f5-d3b8-4193-b56f-fccec6dc529d\">\n<td style=\"height: 15pt; width: 62.6292%;\" role=\"gridcell\" height=\"20\">FRETIN Milan<\/td>\n<td class=\"xl64\" style=\"box-sizing: content-box; overflow: initial; text-overflow: ellipsis; width: 12.3339%;\" role=\"gridcell\">\n<\/td>\n<td class=\"xl65\" style=\"box-sizing: content-box; overflow: initial; text-overflow: ellipsis; width: 16.3958%;\" role=\"gridcell\" align=\"right\">1130<\/td>\n<\/tr>\n<tr style=\"height: 15.0pt;\" role=\"row\" data-uid=\"s7ca0631-df5c-41da-ad7c-a75422f50d25\">\n<td style=\"height: 15pt; width: 62.6292%;\" role=\"gridcell\" height=\"20\">RENARD Alexis<\/td>\n<td class=\"xl64\" style=\"box-sizing: content-box; overflow: initial; text-overflow: ellipsis; width: 12.3339%;\" role=\"gridcell\">\n<\/td>\n<td class=\"xl65\" style=\"box-sizing: content-box; overflow: initial; text-overflow: ellipsis; width: 16.3958%;\" role=\"gridcell\" align=\"right\">638<\/td>\n<\/tr>\n<tr style=\"height: 15.0pt;\" role=\"row\" data-uid=\"r8d19b5b-23a4-41c8-b57e-8e017a7dbd2d\">\n<td style=\"height: 15pt; width: 62.6292%;\" role=\"gridcell\" height=\"20\">ANIOLKOWSKI Stanislaw<\/td>\n<td class=\"xl64\" style=\"box-sizing: content-box; overflow: initial; text-overflow: ellipsis; width: 12.3339%;\" role=\"gridcell\">\n<\/td>\n<td class=\"xl65\" style=\"box-sizing: content-box; overflow: initial; text-overflow: ellipsis; width: 16.3958%;\" role=\"gridcell\" align=\"right\">626<\/td>\n<\/tr>\n<tr style=\"height: 15.0pt;\" role=\"row\" data-uid=\"e7c358ae-c9cb-42d3-a98a-65640b25a8eb\">\n<td style=\"height: 15pt; width: 62.6292%;\" role=\"gridcell\" height=\"20\">COQUARD Bryan<\/td>\n<td class=\"xl64\" style=\"box-sizing: content-box; overflow: initial; text-overflow: ellipsis; width: 12.3339%;\" role=\"gridcell\">\n<\/td>\n<td class=\"xl65\" style=\"box-sizing: content-box; overflow: initial; text-overflow: ellipsis; width: 16.3958%;\" role=\"gridcell\" align=\"right\">613<\/td>\n<\/tr>\n<tr style=\"height: 15.0pt;\" role=\"row\" data-uid=\"ue23a7a6-1931-4a57-865b-480166f3344b\">\n<td style=\"height: 15pt; width: 62.6292%;\" role=\"gridcell\" height=\"20\">THOMAS Benjamin<\/td>\n<td class=\"xl64\" style=\"box-sizing: content-box; overflow: initial; text-overflow: ellipsis; width: 12.3339%;\" role=\"gridcell\">\n<\/td>\n<td class=\"xl65\" style=\"box-sizing: content-box; overflow: initial; text-overflow: ellipsis; width: 16.3958%;\" role=\"gridcell\" align=\"right\">443<\/td>\n<\/tr>\n<tr style=\"height: 15.0pt;\" role=\"row\" data-uid=\"x3050af7-9b22-4cb7-ad53-8da882eb2eef\">\n<td style=\"height: 15pt; width: 62.6292%;\" role=\"gridcell\" height=\"20\">IZAGUIRRE INSAUSTI Ion<\/td>\n<td class=\"xl64\" style=\"box-sizing: content-box; overflow: initial; text-overflow: ellipsis; width: 12.3339%;\" role=\"gridcell\">\n<\/td>\n<td class=\"xl65\" style=\"box-sizing: content-box; overflow: initial; text-overflow: ellipsis; width: 16.3958%;\" role=\"gridcell\" align=\"right\">421<\/td>\n<\/tr>\n<tr style=\"height: 15.0pt;\" role=\"row\" data-uid=\"cb0a82d0-fb9b-42a5-871e-af5353e5540f\">\n<td style=\"height: 15pt; width: 62.6292%;\" role=\"gridcell\" height=\"20\">TEUNS Dylan<\/td>\n<td class=\"xl64\" style=\"box-sizing: content-box; overflow: initial; text-overflow: ellipsis; width: 12.3339%;\" role=\"gridcell\">\n<\/td>\n<td class=\"xl65\" style=\"box-sizing: content-box; overflow: initial; text-overflow: ellipsis; width: 16.3958%;\" role=\"gridcell\" align=\"right\">285<\/td>\n<\/tr>\n<tr style=\"height: 15.0pt;\" role=\"row\" data-uid=\"k283faa5-76c5-4c5d-bb44-e3dbe222bde7\">\n<td style=\"height: 15pt; width: 62.6292%;\" role=\"gridcell\" height=\"20\">HERRADA Jesus<\/td>\n<td class=\"xl64\" style=\"box-sizing: content-box; overflow: initial; text-overflow: ellipsis; width: 12.3339%;\" role=\"gridcell\">\n<\/td>\n<td class=\"xl65\" style=\"box-sizing: content-box; overflow: initial; text-overflow: ellipsis; width: 16.3958%;\" role=\"gridcell\" align=\"right\">265<\/td>\n<\/tr>\n<tr style=\"height: 15.0pt;\" role=\"row\" data-uid=\"v64459f1-4f07-4856-bdb2-33992cd8a364\">\n<td style=\"height: 15pt; width: 62.6292%;\" role=\"gridcell\" height=\"20\">OLDANI Stefano<\/td>\n<td class=\"xl64\" style=\"box-sizing: content-box; overflow: initial; text-overflow: ellipsis; width: 12.3339%;\" role=\"gridcell\">\n<\/td>\n<td class=\"xl65\" style=\"box-sizing: content-box; overflow: initial; text-overflow: ellipsis; width: 16.3958%;\" role=\"gridcell\" align=\"right\">263<\/td>\n<\/tr>\n<tr style=\"height: 15.0pt;\" role=\"row\" data-uid=\"l5a4882d-9011-47ac-92d6-387682379c57\">\n<td style=\"height: 15pt; width: 62.6292%;\" role=\"gridcell\" height=\"20\">MONIQUET Sylvain<\/td>\n<td class=\"xl64\" style=\"box-sizing: content-box; overflow: initial; text-overflow: ellipsis; width: 12.3339%;\" role=\"gridcell\">\n<\/td>\n<td class=\"xl65\" style=\"box-sizing: content-box; overflow: initial; text-overflow: ellipsis; width: 16.3958%;\" role=\"gridcell\" align=\"right\">250<\/td>\n<\/tr>\n<tr style=\"height: 15.0pt;\" role=\"row\" data-uid=\"g5f6235f-a641-45ff-9761-f365852bd26f\">\n<td style=\"height: 15pt; width: 62.6292%;\" role=\"gridcell\" height=\"20\">BUCHMANN Emanuel<\/td>\n<td class=\"xl64\" style=\"box-sizing: content-box; overflow: initial; text-overflow: ellipsis; width: 12.3339%;\" role=\"gridcell\">\n<\/td>\n<td class=\"xl65\" style=\"box-sizing: content-box; overflow: initial; text-overflow: ellipsis; width: 16.3958%;\" role=\"gridcell\" align=\"right\">249<\/td>\n<\/tr>\n<tr style=\"height: 15.0pt;\" role=\"row\" data-uid=\"zc03f71b-4dc1-4674-8caa-5223637591d2\">\n<td style=\"height: 15pt; width: 62.6292%;\" role=\"gridcell\" height=\"20\">KNIGHT Oliver<\/td>\n<td class=\"xl64\" style=\"box-sizing: content-box; overflow: initial; text-overflow: ellipsis; width: 12.3339%;\" role=\"gridcell\">\n<\/td>\n<td class=\"xl65\" style=\"box-sizing: content-box; overflow: initial; text-overflow: ellipsis; width: 16.3958%;\" role=\"gridcell\" align=\"right\">238<\/td>\n<\/tr>\n<tr style=\"height: 15.0pt;\" role=\"row\" data-uid=\"p46635ce-2fea-4b2f-9a45-93071ade95c0\">\n<td style=\"height: 15pt; width: 62.6292%;\" role=\"gridcell\" height=\"20\">DE GENDT Aime<\/td>\n<td class=\"xl64\" style=\"box-sizing: content-box; overflow: initial; text-overflow: ellipsis; width: 12.3339%;\" role=\"gridcell\">\n<\/td>\n<td class=\"xl65\" style=\"box-sizing: content-box; overflow: initial; text-overflow: ellipsis; width: 16.3958%;\" role=\"gridcell\" align=\"right\">228<\/td>\n<\/tr>\n<tr style=\"height: 15.0pt;\" role=\"row\" data-uid=\"qe73ab43-d6f0-44cb-be96-cf9c8b247cdd\">\n<td style=\"height: 15pt; width: 62.6292%;\" role=\"gridcell\" height=\"20\">ALLEGAERT Piet<\/td>\n<td class=\"xl64\" style=\"box-sizing: content-box; overflow: initial; text-overflow: ellipsis; width: 12.3339%;\" role=\"gridcell\">\n<\/td>\n<td class=\"xl65\" style=\"box-sizing: content-box; overflow: initial; text-overflow: ellipsis; width: 16.3958%;\" role=\"gridcell\" align=\"right\">201<\/td>\n<\/tr>\n<tr style=\"height: 15.0pt;\" role=\"row\" data-uid=\"w2c7d411-ed3a-4de6-b990-1d6157cfd28e\">\n<td style=\"height: 15pt; width: 62.6292%;\" role=\"gridcell\" height=\"20\">MAISONOBE Sam<\/td>\n<td class=\"xl64\" style=\"box-sizing: content-box; overflow: initial; text-overflow: ellipsis; width: 12.3339%;\" role=\"gridcell\">\n<\/td>\n<td class=\"xl65\" style=\"box-sizing: content-box; overflow: initial; text-overflow: ellipsis; width: 16.3958%;\" role=\"gridcell\" align=\"right\">177<\/td>\n<\/tr>\n<tr style=\"height: 15.0pt;\" role=\"row\" data-uid=\"te7e25ad-695b-4615-bb8c-66d67050c5b2\">\n<td style=\"height: 15pt; width: 62.6292%;\" role=\"gridcell\" height=\"20\">FERRON Valentin<\/td>\n<td class=\"xl64\" style=\"box-sizing: content-box; overflow: initial; text-overflow: ellipsis; width: 12.3339%;\" role=\"gridcell\">\n<\/td>\n<td class=\"xl65\" style=\"box-sizing: content-box; overflow: initial; text-overflow: ellipsis; width: 16.3958%;\" role=\"gridcell\" align=\"right\">143<\/td>\n<\/tr>\n<tr style=\"height: 15.0pt;\" role=\"row\" data-uid=\"v142e06b-5fb5-4d9d-b992-0c628f86ba9d\">\n<td style=\"height: 15pt; width: 62.6292%;\" role=\"gridcell\" height=\"20\">TOUZE Damien<\/td>\n<td class=\"xl64\" style=\"box-sizing: content-box; overflow: initial; text-overflow: ellipsis; width: 12.3339%;\" role=\"gridcell\">\n<\/td>\n<td class=\"xl65\" style=\"box-sizing: content-box; overflow: initial; text-overflow: ellipsis; width: 16.3958%;\" role=\"gridcell\" align=\"right\">101<\/td>\n<\/tr>\n<tr style=\"height: 15.0pt;\" role=\"row\" data-uid=\"o3f75ffa-85f9-4c96-974d-c6806014dbac\">\n<td style=\"height: 15pt; width: 62.6292%;\" role=\"gridcell\" height=\"20\">IZQUIERDO Clement<\/td>\n<td class=\"xl64\" style=\"box-sizing: content-box; overflow: initial; text-overflow: ellipsis; width: 12.3339%;\" role=\"gridcell\">\n<\/td>\n<td class=\"xl65\" style=\"box-sizing: content-box; overflow: initial; text-overflow: ellipsis; width: 16.3958%;\" role=\"gridcell\" align=\"right\">93<\/td>\n<\/tr>\n<tr style=\"height: 14.4pt;\" role=\"row\" data-uid=\"s1b11ff4-ad3a-4ebb-955b-9359d19ceb43\">\n<td style=\"height: 14.4pt; width: 62.6292%;\" role=\"gridcell\" height=\"19\">SAMITIER SAMITIER Sergio<\/td>\n<td class=\"xl66\" style=\"box-sizing: content-box; overflow: initial; text-overflow: ellipsis; width: 12.3339%;\" role=\"gridcell\">\n<\/td>\n<td class=\"xl67\" style=\"box-sizing: content-box; overflow: initial; text-overflow: ellipsis; width: 16.3958%;\" role=\"gridcell\" align=\"right\">68<\/td>\n<\/tr>\n<p>Miglior Momento<\/p>\n<p>Almeno in termini di emozioni, la vittoria di <strong>Alex Aranburu<\/strong> sul traguardo di Beasain, in occasione della terza tappa del Giro dei Paesi Baschi, \u00e8 stata sicuramente intensa. Lo spagnolo aveva piazzato un grande colpo \u201cviabilistico\u201d nei metri finali, beffando i colleghi e andando a prendersi un successo che, peraltro, faceva ben sperare per il futuro, visto che eravamo solo ad aprile. Dopo l\u2019intervento della giuria, che aveva declassato il basco, e la successiva retromarcia da parte dei commissari, la vittoria \u00e8 rimasta nella bacheca stagionale della squadra francese.<\/p>\n<p>&#13;<br \/>\n\t\t\t\t\t\t\t\t\tVolate  &#8211; 6.7&#13;\n\t\t\t\t\t\t\t\t<\/p>\n<p>&#13;<br \/>\n\t\t\t\t\t\t\t\t\tClassiche &#8211; 4&#13;\n\t\t\t\t\t\t\t\t<\/p>\n<p>&#13;<br \/>\n\t\t\t\t\t\t\t\t\tGrandi Giri &#8211; 4.2&#13;\n\t\t\t\t\t\t\t\t<\/p>\n<p>&#13;<br \/>\n\t\t\t\t\t\t5&#13;<br \/>\n\t\t\t\t\t\t &#13;\n\t\t\t\t\t<\/p>\n<p>Serviva qualcosa, se non parecchio, in pi\u00f9 per confermare la licenza WorldTour, ma quel qualcosa non \u00e8 arrivato. La formazione francese si \u00e8 dovuta accontentare di lampi isolati, non riuscendo a trovare la continuit\u00e0 necessaria, in tutti i settori, per riuscire a difendere la categoria, vista la pressione messa dalle rivali, ben pi\u00f9 brillanti nell&#8217;arco degli ultimi due anni. L&#8217;idea comunque \u00e8 quella di provare a tornare subito fra le &#8220;grandi&#8221;, con una nuova dirigenza e, probabilmente, nuove idee. <\/p>\n<p>\t\t\t\t&#13;<br \/>\n\t\t\t\t\t<strong>User Rating: <\/strong>&#13;<br \/>\n\t\t\t\t\t&#13;<br \/>\n\t\t\t\t\tBe the first one !&#13;<\/p>\n","protected":false},"excerpt":{"rendered":"Un anno fa di questi tempi, proprio in questo spazio, ci si chiedeva se la Cofidis sarebbe riuscita,&hellip;\n","protected":false},"author":3,"featured_media":14375,"comment_status":"","ping_status":"","sticky":false,"template":"","format":"standard","meta":{"footnotes":""},"categories":[1456],"tags":[1824,18893,1825,1537,90,89,245,244],"class_list":{"0":"post-202700","1":"post","2":"type-post","3":"status-publish","4":"format-standard","5":"has-post-thumbnail","7":"category-ciclismo","8":"tag-ciclismo","9":"tag-cofidis-2025","10":"tag-cycling","11":"tag-it","12":"tag-italia","13":"tag-italy","14":"tag-sport","15":"tag-sports"},"share_on_mastodon":{"url":"https:\/\/pubeurope.com\/@it\/115504739064357383","error":""},"_links":{"self":[{"href":"https:\/\/www.europesays.com\/it\/wp-json\/wp\/v2\/posts\/202700","targetHints":{"allow":["GET"]}}],"collection":[{"href":"https:\/\/www.europesays.com\/it\/wp-json\/wp\/v2\/posts"}],"about":[{"href":"https:\/\/www.europesays.com\/it\/wp-json\/wp\/v2\/types\/post"}],"author":[{"embeddable":true,"href":"https:\/\/www.europesays.com\/it\/wp-json\/wp\/v2\/users\/3"}],"replies":[{"embeddable":true,"href":"https:\/\/www.europesays.com\/it\/wp-json\/wp\/v2\/comments?post=202700"}],"version-history":[{"count":0,"href":"https:\/\/www.europesays.com\/it\/wp-json\/wp\/v2\/posts\/202700\/revisions"}],"wp:featuredmedia":[{"embeddable":true,"href":"https:\/\/www.europesays.com\/it\/wp-json\/wp\/v2\/media\/14375"}],"wp:attachment":[{"href":"https:\/\/www.europesays.com\/it\/wp-json\/wp\/v2\/media?parent=202700"}],"wp:term":[{"taxonomy":"category","embeddable":true,"href":"https:\/\/www.europesays.com\/it\/wp-json\/wp\/v2\/categories?post=202700"},{"taxonomy":"post_tag","embeddable":true,"href":"https:\/\/www.europesays.com\/it\/wp-json\/wp\/v2\/tags?post=202700"}],"curies":[{"name":"wp","href":"https:\/\/api.w.org\/{rel}","templated":true}]}}