{"id":202721,"date":"2025-11-06T21:07:14","date_gmt":"2025-11-06T21:07:14","guid":{"rendered":"https:\/\/www.europesays.com\/it\/202721\/"},"modified":"2025-11-06T21:07:14","modified_gmt":"2025-11-06T21:07:14","slug":"in-due-o-tre-anni-maserati-in-utile-e-la-quattroporte","status":"publish","type":"post","link":"https:\/\/www.europesays.com\/it\/202721\/","title":{"rendered":"In due o tre anni Maserati in utile. E la Quattroporte&#8230;"},"content":{"rendered":"<p>In occasione del ritorno della <strong>produzione di GranTurismo e GranCabrio<\/strong> presso lo storico stabilimento di Modena, il nuovo CEO di Maserati <strong>Jean-Philippe Imparato<\/strong> ha anticipato la strategia del prossimo futuro del Tridente: qualit\u00e0 di prodotto, focus sul valore residuo e redditivit\u00e0. Per il 2026 si aspetta invece un nuovo piano di prodotto, mentre \u00e8 in fase di studio l&#8217;elettrificazione del <strong>V6 Nettuno<\/strong>.<\/p>\n<p>Contestualmente, Imparato archivia le voci che vedono <strong>Maserati in vendita<\/strong> e rilancia la propria visione industriale e strategica. \u201cPer rendere Maserati attiva bastano 15.000\/20.000 auto l\u2019anno \u2013 ha spiegato \u2013 perci\u00f2 non ci servono grandi volumi\u201d.<\/p>\n<p>Tre pilastri per il rilancio<\/p>\n<p>La nuova fase si fonda su tre assi principali. Primo, prolungare la vita della <a href=\"https:\/\/it.motor1.com\/news\/777896\/piattaforma-giorgio-alfa-romeo-maserati-prosegue\/\" data-inline-widget=\"internal-links\" data-type-id=\"0\" data-params=\"%7B%22article_edition_id%22%3A%22777896%22%2C%22section%22%3A%221%22%2C%22alias%22%3A%22piattaforma-giorgio-alfa-romeo-maserati-prosegue%22%7D\" rel=\"nofollow noopener\" target=\"_blank\">piattaforma Giorgio<\/a>, gi\u00e0 ammortizzata: \u201cLa usiamo per GranTurismo, GranCabrio e Grecale, perci\u00f2 rimane con noi per i prossimi dieci anni. E possiamo anche accorciarla per fare modelli pi\u00f9 compatti. Finch\u00e9 posso usarla, lo far\u00f2\u201d, ha detto Imparato.<\/p>\n<p>        <img decoding=\"async\" src=\"https:\/\/www.europesays.com\/it\/wp-content\/uploads\/2025\/07\/16x9-tr.png\" alt=\"Maserati Meccanica Lirica one-off\" width=\"16\" height=\"9\" loading=\"lazy\"\/><\/p>\n<p>Maserati Meccanica Lirica one-off<\/p>\n<p>Foto di: Maserati<\/p>\n<p>Il secondo pilastro \u00e8 quello dello <strong>sviluppo di software specifici<\/strong> per adattare le vetture ai tre mercati chiave: Europa, America e Cina. Terzo, preservare e aggiornare il <a href=\"https:\/\/it.motor1.com\/news\/486894\/maserati-nettuno-nascita-v6-biturbo-630-cv\/\" data-inline-widget=\"internal-links\" data-type-id=\"0\" data-params=\"%7B%22article_edition_id%22%3A%22486894%22%2C%22section%22%3A%221%22%2C%22alias%22%3A%22maserati-nettuno-nascita-v6-biturbo-630-cv%22%7D\" rel=\"nofollow noopener\" target=\"_blank\">V6 Nettuno<\/a>, \u201cun motore eccezionale\u201d che continuer\u00e0 a evolversi. <strong>L\u2019ibridizzazione \u00e8 gi\u00e0 allo studio<\/strong>, con una decisione sull&#8217;effettiva messa in produzione attesa nei prossimi mesi.<\/p>\n<p>Ossessione per il cliente, non per i numeri<\/p>\n<p><a href=\"https:\/\/it.motor1.com\/maserati\/\" data-inline-widget=\"internal-links\" rel=\"nofollow noopener\" target=\"_blank\">Maserati<\/a> vuole tornare a parlare il linguaggio del lusso autentico e, come ribadito da Imparato<\/p>\n<blockquote class=\"short_quote\">\n<p>\u201cNon dobbiamo diventare generalisti, ma avere l\u2019ossessione del cliente e della qualit\u00e0. Un cliente arrabbiato \u00e8 un cliente perso&#8221;<\/p>\n<\/blockquote>\n<p>Le personalizzazioni, centrali nel progetto <a href=\"https:\/\/it.motor1.com\/news\/777890\/bottegafuoriserie-maserati-alfa-romeo-speciali\/\" data-inline-widget=\"internal-links\" data-type-id=\"0\" data-params=\"%7B%22article_edition_id%22%3A%22777890%22%2C%22section%22%3A%221%22%2C%22alias%22%3A%22bottegafuoriserie-maserati-alfa-romeo-speciali%22%7D\" rel=\"nofollow noopener\" target=\"_blank\">BottegaFuoriserie<\/a>, sono fondamentali per aumentare la marginalit\u00e0, mentre i concessionari saranno chiamati a un nuovo ruolo: \u201cDovranno esporre le auto imposte da Modena, affinch\u00e9 possiamo comunicare con coerenza \u2013 ha aggiunto il COO <strong>Santo Ficili<\/strong> \u2013 e non avremo pi\u00f9 stock, perch\u00e9 ogni Maserati dovr\u00e0 essere costruita su misura\u201d.<\/p>\n<p>        <img decoding=\"async\" src=\"https:\/\/www.europesays.com\/it\/wp-content\/uploads\/2025\/07\/16x9-tr.png\" alt=\"Maserati Meccanica Lirica one-off\" width=\"16\" height=\"9\" loading=\"lazy\"\/><\/p>\n<p>Maserati Meccanica Lirica one-off<\/p>\n<p>Foto di: Maserati<\/p>\n<p>Ci\u00f2 servir\u00e0 anche a far <strong>aumentare il valore residuo<\/strong> delle auto, scoglio che oggi pu\u00f2 spaventare i clienti. Per lo stesso motivo, nel 2026 nascer\u00e0 il programma <strong>Maserati Approved<\/strong>.<\/p>\n<p>Il ritorno all\u2019utile entro tre anni<\/p>\n<p>Il nuovo modello di business sar\u00e0 build-to-order, con una produzione artigianale realizzata solo a seguito di un ordine e focalizzata su modelli personalizzati. \u201cI nostri clienti non perdonano errori \u2013 ha detto Imparato \u2013 ma questa squadra sa come portare Maserati ai livelli di profittabilit\u00e0 attesi\u201d. L\u2019obiettivo \u00e8 tornare in utile entro due o tre anni, con un incremento del <strong>valore residuo del 5%<\/strong> grazie anche al gi\u00e0 citato programma Maserati Approved.<\/p>\n<p>        <img decoding=\"async\" src=\"https:\/\/www.europesays.com\/it\/wp-content\/uploads\/2025\/07\/16x9-tr.png\" alt=\"Maserati Meccanica Lirica one-off\" width=\"16\" height=\"9\" loading=\"lazy\"\/><\/p>\n<p>Maserati Meccanica Lirica one-off<\/p>\n<p>Foto di: Maserati<\/p>\n<p>Nuova Maserati Quattroporte e le novit\u00e0 2026<\/p>\n<p>La <strong>nuova Maserati Quattroporte<\/strong> \u00e8 gi\u00e0 in fase avanzata di pianificazione. \u201cNe parleremo a inizio 2026, ma stiamo valutando anche nuove categorie di prodotto. <strong>Non faremo solo SUV<\/strong>: vogliamo far sognare, non fare ci\u00f2 che fanno gli altri\u201d, ha assicurato Imparato, che anticipa anche che i prossimi modelli sono gi\u00e0 disegnati.<\/p>\n<p>Tutti i futuri modelli saranno sviluppati a Modena, <a href=\"https:\/\/it.motor1.com\/news\/778178\/maserati-meccanica-lirica-modena\/\" data-inline-widget=\"internal-links\" data-type-id=\"0\" data-params=\"%7B%22article_edition_id%22%3A%22778178%22%2C%22section%22%3A%221%22%2C%22alias%22%3A%22maserati-meccanica-lirica-modena%22%7D\" rel=\"nofollow noopener\" target=\"_blank\">dove l\u2019azienda ha riportato la linea di produzione con un investimento di 4 milioni di euro<\/a>. Il ritorno previsto sull\u2019investimento \u00e8 di circa due anni.<\/p>\n<p>        <img decoding=\"async\" src=\"https:\/\/www.europesays.com\/it\/wp-content\/uploads\/2025\/07\/16x9-tr.png\" alt=\"Maserati Meccanica Lirica one-off\" width=\"16\" height=\"9\" loading=\"lazy\"\/><\/p>\n<p>Maserati Meccanica Lirica one-off<\/p>\n<p>Foto di: Maserati<\/p>\n<p>Elettrico s\u00ec, ma con realismo<\/p>\n<p>\u201cLa transizione elettrica non sta avvenendo nei tempi previsti \u2013 ha commentato Ficili \u2013 ma oggi possiamo soddisfare le richieste dei clienti continuando a <strong>migliorare il V6<\/strong>\u201d. Imparato ha chiuso con pragmatismo: \u201cDobbiamo rispettare Bruxelles, ma l\u2019ultima parola ce l\u2019ha sempre il mercato\u201d.<\/p>\n<p class=\"comfort-title-large flex gap-spacing-sm-base items-center\">\n<p>\t\tVogliamo la tua opinione!\n\t<\/p>\n<p>Cosa vorresti vedere su Motor1.com?<\/p>\n<p>\t\t<a href=\"https:\/\/it.motor1.com\/survey\/2025\/\" rel=\"nofollow noopener\" target=\"_blank\"><br \/>\n\t\t\tPartecipa al nostro sondaggio di 3 minuti.\t\t<\/a><\/p>\n<p class=\"compact-body-medium\">&#8211; Il team di Motor1.com<\/p>\n","protected":false},"excerpt":{"rendered":"In occasione del ritorno della produzione di GranTurismo e GranCabrio presso lo storico stabilimento di Modena, il nuovo&hellip;\n","protected":false},"author":3,"featured_media":202722,"comment_status":"","ping_status":"","sticky":false,"template":"","format":"standard","meta":{"footnotes":""},"categories":[172],"tags":[178,11985,20869,177,1537,90,89,19845],"class_list":{"0":"post-202721","1":"post","2":"type-post","3":"status-publish","4":"format-standard","5":"has-post-thumbnail","7":"category-affari","8":"tag-affari","9":"tag-attualitu00e0-e-mercato","10":"tag-auto-italiane","11":"tag-business","12":"tag-it","13":"tag-italia","14":"tag-italy","15":"tag-maserati"},"share_on_mastodon":{"url":"https:\/\/pubeurope.com\/@it\/115504798167442238","error":""},"_links":{"self":[{"href":"https:\/\/www.europesays.com\/it\/wp-json\/wp\/v2\/posts\/202721","targetHints":{"allow":["GET"]}}],"collection":[{"href":"https:\/\/www.europesays.com\/it\/wp-json\/wp\/v2\/posts"}],"about":[{"href":"https:\/\/www.europesays.com\/it\/wp-json\/wp\/v2\/types\/post"}],"author":[{"embeddable":true,"href":"https:\/\/www.europesays.com\/it\/wp-json\/wp\/v2\/users\/3"}],"replies":[{"embeddable":true,"href":"https:\/\/www.europesays.com\/it\/wp-json\/wp\/v2\/comments?post=202721"}],"version-history":[{"count":0,"href":"https:\/\/www.europesays.com\/it\/wp-json\/wp\/v2\/posts\/202721\/revisions"}],"wp:featuredmedia":[{"embeddable":true,"href":"https:\/\/www.europesays.com\/it\/wp-json\/wp\/v2\/media\/202722"}],"wp:attachment":[{"href":"https:\/\/www.europesays.com\/it\/wp-json\/wp\/v2\/media?parent=202721"}],"wp:term":[{"taxonomy":"category","embeddable":true,"href":"https:\/\/www.europesays.com\/it\/wp-json\/wp\/v2\/categories?post=202721"},{"taxonomy":"post_tag","embeddable":true,"href":"https:\/\/www.europesays.com\/it\/wp-json\/wp\/v2\/tags?post=202721"}],"curies":[{"name":"wp","href":"https:\/\/api.w.org\/{rel}","templated":true}]}}