{"id":202757,"date":"2025-11-06T21:36:09","date_gmt":"2025-11-06T21:36:09","guid":{"rendered":"https:\/\/www.europesays.com\/it\/202757\/"},"modified":"2025-11-06T21:36:09","modified_gmt":"2025-11-06T21:36:09","slug":"si-trova-a-torino-chiede-cibo-ma-non-soldi-la-mamma-si-precipita-a-cercarlo","status":"publish","type":"post","link":"https:\/\/www.europesays.com\/it\/202757\/","title":{"rendered":"\u00abSi trova a Torino, chiede cibo ma non soldi\u00bb. La mamma si precipita a cercarlo"},"content":{"rendered":"<p>&#13;<br \/>\n                               &#13;<br \/>\n                                                &#13;<br \/>\n                &#13;<\/p>\n<p>Sono passati ormai cinque anni dalla scomparsa di <strong><a href=\"https:\/\/www.leggo.it\/t\/alessandro-venturelli\" rel=\"nofollow noopener\" target=\"_blank\">Alessandro Venturelli<\/a><\/strong>, che da Sassuolo era svanito nel nulla nel 2020, e che la madre <strong>Roberta Carassai<\/strong> continua a cercare senza mai perdere la speranza. Le ultime segnalazioni, arrivate a decine, indicherebbero che il ragazzo sarebbe a Torino: per questo la mamma dalla provincia emiliana si \u00e8 subito recata nel capoluogo piemontese per cercare Alessandro, che fugg\u00ec da casa dopo aver litigato proprio con i genitori, e che non diede mai pi\u00f9 notizie di s\u00e9. <\/p>\n<p>&#13;<br \/>\n&#13;<\/p>\n<p>Come racconta il Corriere della Sera, mamma Roberta, spinta dalla speranza di ritrovare il figlio, si \u00e8 precipitata a Torino: \u00abMi \u00e8 arrivata una prima segnalazione lo scorso sabato sera, il 1\u00b0 novembre. Mi hanno detto che una ragazza aveva visto un giovane senzatetto che chiedeva cibo, non soldi. Dice di chiamarsi Alessandro ed \u00e8 in giro per Torino da circa cinque anni\u00bb. Poi nella puntata di mercoled\u00ec 5 novembre si \u00e8 collegata in diretta con Chi l&#8217;ha visto e ha detto di aver incontrato possibili testimoni. <\/p>\n<p>&#13;<br \/>\n&#13;<br \/>\n&#13;<br \/>\n&#13;<br \/>\n<strong>Le segnalazioni a Torino<\/strong>&#13;<br \/>\n&#13;<\/p>\n<p>Le segnalazioni davano il giovane vicino la Galleria San Federico, dove in inverno si piazzano diversi senzatetto: \u00abAlessandro \u00e8 a Torino. Cerco di rimanere calma, ma la speranza c\u2019\u00e8. Non ho mai ricevuto tante segnalazioni come negli ultimi giorni\u00bb, ha detto ai microfoni della trasmissione di Federica Sciarelli. \u00abMi ha raggiunto una catena incredibile di solidariet\u00e0 da Torino, mi descrivono tutti un ragazzo educato e corretto che chiede cibo pi\u00f9 che soldi. Io ci rivedo il mio Ale\u00bb. Poi l&#8217;appello al figlio: Vorrei dirti, Alessandro, che io e pap\u00e0 non siamo arrabbiati e siamo pronti a rispettare ogni tua scelta, ma abbiamo bisogno di sapere che ci sei e stai bene. Vogliamo offriti il nostro aiuto a 360 gradi. Non potevo restare ferma. Ho aspettato, ho verificato, ma quando le segnalazioni sono diventate sessanta ho deciso: devo cercare mio figlio\u00bb. <\/p>\n<p>&#13;<br \/>\n&#13;<br \/>\n<strong>Ricerche ancora senza esito<\/strong>&#13;<br \/>\n&#13;<\/p>\n<p>Nonostante i luoghi indicati fossero precisi (anche il cinema Lux, in Galleria San Federico), le ricerche della mamma non hanno per\u00f2 ancora avuto esito positivo: Roberta avrebbe incontrato un paio di giovani senzatetto che somigliano al figlio, ma nulla di pi\u00f9. \u00abVoglio solo sapere che sta bene. Non mi interessa altro. Non voglio illudermi ma devo provarci\u00bb, ripete, mentre mostra la foto di Alessandro a chiunque incontri. Un ulteriore testimone racconta di averlo incontrato tra Porta Susa e corso San Martino: \u00abMi ha fermato, ma non per chiedermi soldi, bens\u00ec perch\u00e9 aveva fame. Siamo andati in un mini market, dove gli ho comprato due pacchi di pan bauletto, del tonno, della maionese e dell\u2019acqua. \u00c8 successo circa due settimane fa. Aveva i capelli lunghi e il viso e familiare come nella foto\u00bb.<\/p>\n<p>                                &#13;<br \/>\n                &#13;<br \/>\n&#13;<br \/>\n                Ultimo aggiornamento: gioved\u00ec 6 novembre 2025, 19:45&#13;<br \/>\n                <br \/>&#13;<br \/>\n                &#13;<br \/>\n                  &#13;<br \/>\n                    &#13;<br \/>\n                        \u00a9 RIPRODUZIONE RISERVATA&#13;<\/p>\n<p>&#13;<\/p>\n<p>                    &#13;<\/p>\n","protected":false},"excerpt":{"rendered":"&#13; &#13; &#13; &#13; Sono passati ormai cinque anni dalla scomparsa di Alessandro Venturelli, che da Sassuolo era&hellip;\n","protected":false},"author":3,"featured_media":202758,"comment_status":"","ping_status":"","sticky":false,"template":"","format":"standard","meta":{"footnotes":""},"categories":[79],"tags":[120141,72167,14,93,94,1537,90,89,7,15,11,84,91,12,85,92],"class_list":{"0":"post-202757","1":"post","2":"type-post","3":"status-publish","4":"format-standard","5":"has-post-thumbnail","7":"category-italia","8":"tag-alessandro-venturelli","9":"tag-chi-l","10":"tag-cronaca","11":"tag-cronaca-italiana","12":"tag-cronacaitaliana","13":"tag-it","14":"tag-italia","15":"tag-italy","16":"tag-news","17":"tag-notizie","18":"tag-ultime-notizie","19":"tag-ultime-notizie-e-news-di-oggi","20":"tag-ultime-notizie-italia","21":"tag-ultimenotizie","22":"tag-ultimenotizieenewsdioggi","23":"tag-ultimenotizieitalia"},"share_on_mastodon":{"url":"https:\/\/pubeurope.com\/@it\/115504911782188704","error":""},"_links":{"self":[{"href":"https:\/\/www.europesays.com\/it\/wp-json\/wp\/v2\/posts\/202757","targetHints":{"allow":["GET"]}}],"collection":[{"href":"https:\/\/www.europesays.com\/it\/wp-json\/wp\/v2\/posts"}],"about":[{"href":"https:\/\/www.europesays.com\/it\/wp-json\/wp\/v2\/types\/post"}],"author":[{"embeddable":true,"href":"https:\/\/www.europesays.com\/it\/wp-json\/wp\/v2\/users\/3"}],"replies":[{"embeddable":true,"href":"https:\/\/www.europesays.com\/it\/wp-json\/wp\/v2\/comments?post=202757"}],"version-history":[{"count":0,"href":"https:\/\/www.europesays.com\/it\/wp-json\/wp\/v2\/posts\/202757\/revisions"}],"wp:featuredmedia":[{"embeddable":true,"href":"https:\/\/www.europesays.com\/it\/wp-json\/wp\/v2\/media\/202758"}],"wp:attachment":[{"href":"https:\/\/www.europesays.com\/it\/wp-json\/wp\/v2\/media?parent=202757"}],"wp:term":[{"taxonomy":"category","embeddable":true,"href":"https:\/\/www.europesays.com\/it\/wp-json\/wp\/v2\/categories?post=202757"},{"taxonomy":"post_tag","embeddable":true,"href":"https:\/\/www.europesays.com\/it\/wp-json\/wp\/v2\/tags?post=202757"}],"curies":[{"name":"wp","href":"https:\/\/api.w.org\/{rel}","templated":true}]}}