{"id":202781,"date":"2025-11-06T21:59:10","date_gmt":"2025-11-06T21:59:10","guid":{"rendered":"https:\/\/www.europesays.com\/it\/202781\/"},"modified":"2025-11-06T21:59:10","modified_gmt":"2025-11-06T21:59:10","slug":"ballando-con-le-stelle-carlo-aloia-in-ospedale-dopo-un-infortunio","status":"publish","type":"post","link":"https:\/\/www.europesays.com\/it\/202781\/","title":{"rendered":"Ballando con le Stelle, Carlo Aloia in ospedale dopo un infortunio"},"content":{"rendered":"<p>Ancora problemi per Ballando con le Stelle con un nuovo infortunio che potrebbe portare un concorrente ad abbandonare il gioco. In questo caso si tratta di <strong>Carlo Aloia<\/strong>, ballerino che, come raccontato da Milly Carlucci, si sarebbe fatto male durante le prove, finendo in ospedale.\n<\/p>\n<p>L\u2019infortunio di Carlo Aloia a Ballando con le Stelle<\/p>\n<p>Nel corso di un collegamento con La vita in diretta di <a href=\"https:\/\/dilei.it\/star-e-vip\/alberto-matano\/\" rel=\"nofollow noopener\" target=\"_blank\">Alberto Matano<\/a>, <a href=\"https:\/\/dilei.it\/star-e-vip\/milly-carlucci\/\" rel=\"nofollow noopener\" target=\"_blank\">Milly Carlucci<\/a> ha svelato che Carlo Aloia ha subito un infortunio. \u201cOggi abbiamo avuto pure un altro infortunio \u2013 ha raccontato -, quello di Carlo Aloia, che \u00e8 caduto durante gli allenamenti. Adesso \u00e8 all\u2019Ospedale Gemelli, \u00e8 qualcosa che riguarda il polpaccio o i tendini, sta facendo la risonanza magnetica. Se tutto verr\u00e0 recuperato, la puntata si aprir\u00e0 con lo spareggio tra Nancy Brilli e la Signora Coriandoli\u201d.<\/p>\n<p>Carlo Aloia gareggia a Ballando con le Stelle in coppia con <a href=\"https:\/\/dilei.it\/star-e-vip\/nancy-brilli\/\" rel=\"nofollow noopener\" target=\"_blank\">Nancy Brilli<\/a>. La coppia avrebbe dovuto aprire la prossima puntata dello show Rai con uno spareggio contro la Signora Coriandoli. Ora per\u00f2 non \u00e8 chiaro se il ballerino e l\u2019attrice scenderanno in pista oppure no. A rivelarlo saranno i medici dell\u2019ospedale dopo la risonanza magnetica.<\/p>\n<p>Ormai da tempo Milly Carlucci <strong>\u00e8 preparata agli infortuni<\/strong> che possono capitare nella trasmissione, di certo l\u2019addio al gioco di Aloia potrebbe comportare qualche problema, risolto, forse, con una sostituzione.<\/p>\n<p>Gli addii a Ballando con le Stelle<\/p>\n<p>Nella scorsa puntata a svelare di aver subito un infortunio era stata <a href=\"https:\/\/dilei.it\/star-e-vip\/francesca-fialdini\/\" rel=\"nofollow noopener\" target=\"_blank\">Francesca Fialdini<\/a> che aveva provato a esibirsi comunque, ricevendo dalla giuria voto zero. \u201cQuello che abbiamo visto non \u00e8 valutabile. Diamo zero\u201d, aveva spiegato <a href=\"https:\/\/dilei.it\/star-e-vip\/carolyn-smith\/\" rel=\"nofollow noopener\" target=\"_blank\">Carolyn Smith<\/a>. La giornalista e conduttrice si era detta amareggiata e delusa, affermando che non sapeva se sarebbe tornata a ballare.<\/p>\n<p>Ospite di Ballando Segreto, Francesca ha aggiornato Milly Carlucci riguardo <strong>le sue condizioni di salute<\/strong>. \u201cMi hanno fatto una fasciatura all\u2019ossido di zinco, ho il terzo e quarto dito del piede gonfissimi \u2013 ha detto, affermando per\u00f2 che continuer\u00e0 ad allenarsi -. Eviteremo di articolare troppo il piede, per quanto tu non poggi tanto, un pochino pogger\u00e0. Non avendo articolato, ora sei piena di liquido e per questo ora dovrai fare terapia manuale l\u00ec, il massaggio linfatico\u201d.<\/p>\n<p>La Fialdini dunque sar\u00e0 presente nella prossima puntata di Ballando con le Stelle. A svelarlo \u00e8 stato Giovanni Pernice: \u201cEviter\u00e0 di saltare e non mettere tutto il peso solo sul tallone, ma la nostra idea \u00e8 che \u2018lo show must go on&#8217;\u201d, ha detto. \u201cPer forza\u201d, la replica di Francesca, decisa a non arrendersi.<\/p>\n<p>Sembra invece escluso, almeno per ora, il ritorno di <a href=\"https:\/\/dilei.it\/star-e-vip\/andrea-delogu\/\" rel=\"nofollow noopener\" target=\"_blank\">Andrea Delogu<\/a> che ha subito un terribile lutto nei giorni scorsi. La conduttrice ha infatti perso il <a href=\"https:\/\/dilei.it\/vip\/morto-evan-delogu-chi-fratello-andrea-delogu\/1924697\/\" rel=\"nofollow noopener\" target=\"_blank\">fratello Evan<\/a>, morto in <strong>un incidente in moto a soli 18 anni.<\/strong> Una tragedia che ha scosso tutto il team di Ballando, come aveva raccontato la stessa Milly nell\u2019ultima puntata.<\/p>\n<p>\u201cSe sei davanti al televisore \u2013 aveva detto la conduttrice -, quello che ti vogliamo dire \u00e8 che non ci sono parole per lenire un dolore cos\u00ec grande, non abbiamo la pretesa di poterti dire niente che ti sia utile in questo momento per\u00f2 sappi che che ti vogliamo un bene immenso e che ti aspettiamo qua a braccia aperte\u201d.<\/p>\n<p>Resta sempre aggiornata:\u00a0<a href=\"https:\/\/www.whatsapp.com\/channel\/0029Vb68mVyHVvTWezDm7d0R\" target=\"_blank\" rel=\"noopener nofollow\" data-doctype=\"\">iscriviti al nostro canale WhatsApp!<\/a><\/p>\n","protected":false},"excerpt":{"rendered":"Ancora problemi per Ballando con le Stelle con un nuovo infortunio che potrebbe portare un concorrente ad abbandonare&hellip;\n","protected":false},"author":3,"featured_media":202782,"comment_status":"","ping_status":"","sticky":false,"template":"","format":"standard","meta":{"footnotes":""},"categories":[174],"tags":[16556,203,204,1537,90,89],"class_list":{"0":"post-202781","1":"post","2":"type-post","3":"status-publish","4":"format-standard","5":"has-post-thumbnail","7":"category-intrattenimento","8":"tag-ballando-con-le-stelle","9":"tag-entertainment","10":"tag-intrattenimento","11":"tag-it","12":"tag-italia","13":"tag-italy"},"share_on_mastodon":{"url":"https:\/\/pubeurope.com\/@it\/115505002242241064","error":""},"_links":{"self":[{"href":"https:\/\/www.europesays.com\/it\/wp-json\/wp\/v2\/posts\/202781","targetHints":{"allow":["GET"]}}],"collection":[{"href":"https:\/\/www.europesays.com\/it\/wp-json\/wp\/v2\/posts"}],"about":[{"href":"https:\/\/www.europesays.com\/it\/wp-json\/wp\/v2\/types\/post"}],"author":[{"embeddable":true,"href":"https:\/\/www.europesays.com\/it\/wp-json\/wp\/v2\/users\/3"}],"replies":[{"embeddable":true,"href":"https:\/\/www.europesays.com\/it\/wp-json\/wp\/v2\/comments?post=202781"}],"version-history":[{"count":0,"href":"https:\/\/www.europesays.com\/it\/wp-json\/wp\/v2\/posts\/202781\/revisions"}],"wp:featuredmedia":[{"embeddable":true,"href":"https:\/\/www.europesays.com\/it\/wp-json\/wp\/v2\/media\/202782"}],"wp:attachment":[{"href":"https:\/\/www.europesays.com\/it\/wp-json\/wp\/v2\/media?parent=202781"}],"wp:term":[{"taxonomy":"category","embeddable":true,"href":"https:\/\/www.europesays.com\/it\/wp-json\/wp\/v2\/categories?post=202781"},{"taxonomy":"post_tag","embeddable":true,"href":"https:\/\/www.europesays.com\/it\/wp-json\/wp\/v2\/tags?post=202781"}],"curies":[{"name":"wp","href":"https:\/\/api.w.org\/{rel}","templated":true}]}}