{"id":203651,"date":"2025-11-07T12:05:14","date_gmt":"2025-11-07T12:05:14","guid":{"rendered":"https:\/\/www.europesays.com\/it\/203651\/"},"modified":"2025-11-07T12:05:14","modified_gmt":"2025-11-07T12:05:14","slug":"elia-del-grande-evaso-si-indaga-sulla-fuga-dalla-casa-lavoro-e-sui-possibili-complici","status":"publish","type":"post","link":"https:\/\/www.europesays.com\/it\/203651\/","title":{"rendered":"Elia Del Grande evaso, si indaga sulla fuga dalla casa lavoro e sui possibili complici"},"content":{"rendered":"<p>Ancora nessuna traccia del 49enne scappato da ormai pi\u00f9 di una settimana dalla casa lavoro in provincia di Modena nella quale era stato mandato come misura di sicurezza poich\u00e9 ritenuto ancora \u201csocialmente pericoloso\u201d. Dopo la lettera nella quale Del Grande spiega le motivazioni, gli investigatori ipotizzano che la fuga sia stata premeditata con l&#8217;aiuto di altre persone<\/p>\n<p>Non si sono ancora fermate le ricerche di <a data-intcmp=\"skytg24_foglia articolo_interlink_text\" href=\"https:\/\/tg24.sky.it\/cronaca\/2025\/11\/02\/elia-del-grande-chi-e\" target=\"_self\" rel=\"nofollow noopener\">Elia Del Grande<\/a>, scappato dalla casa lavoro di Castelfranco Emilia, in provincia di Modena, nella quale era stato mandato dopo aver scontato 25 anni di carcere per la strage commessa nel 1998. Il 49enne era stato condannato a trent\u2019anni, poi ridotti, per la cosiddetta \u201cstrage dei fornai\u201d avvenuta il 7 gennaio e nella quale uccise padre, madre e fratello a Cadrezzate nel Varesotto. L\u2019uomo, all\u2019epoca dei fatti 22enne, aveva subito confessato gli omicidi. A distanza di oltre due decenni e finita di scontare la pena carceraria, Del Grande \u00e8 rimasto destinatario di una misura di sicurezza poich\u00e9 ritenuto ancora \u201csocialmente pericoloso\u201d e per questo mandato nella casa lavoro dalla quale \u00e8 fuggito ormai pi\u00f9 di una settimana fa. Avrebbe dovuto passare l\u00ec sei mesi in attesa di una nuova valutazione.\u00a0<\/p>\n<p>\t\t \tLe ricerche<\/p>\n<p>Da giorni ormai proseguono le ricerche dell\u2019uomo. Gli investigatori si stanno concentrando specialmente sulla Sardegna e sulla zona del Varesotto, ritenuti i luoghi in cui Del Grande potrebbe pi\u00f9 facilmente aver trovato rifugio. Al momento per\u00f2 le ricerche non stanno portando a nulla: neanche nella lettera inviata ai media per spiegare le motivazioni della fuga, scritta da un luogo segreto, sono stati trovati indizi utili a capire dove si trovi il 49enne. Secondo gli investigatori l\u2019evasione dalla casa \u00e8 stata premeditata, probabilmente con l\u2019aiuto di alcune persone interne all\u2019istituto. Non \u00e8 chiaro se abbia avuto dei complici che potrebbero averlo nascosto e aiutato negli spostamenti.<\/p>\n<p>\t\t\t<a class=\"c-inline-card j-inline-card c-inline-card--with-image\" href=\"https:\/\/tg24.sky.it\/cronaca\/2025\/11\/01\/elia-del-grande-fuga-comunita\" rel=\"follow nofollow noopener\" data-intcmp=\"skytg24_articolo_approfondimenti_inline\" target=\"_blank\"><\/p>\n<p>\t\t\t         <img decoding=\"async\" crossorigin=\"anonymous\" alt=\"\" src=\"https:\/\/www.europesays.com\/it\/wp-content\/uploads\/2025\/11\/1762084217_693_elia_del_grande_ansa.jpg\"  loading=\"lazy\"  bad-src=\"https:\/\/www.europesays.com\/it\/wp-content\/uploads\/2025\/11\/1762084217_693_elia_del_grande_ansa.jpg\"\/><\/p>\n<p>\n\t\t\t         Leggi anche<br \/>\n\t\t\t         Stermin\u00f2 la famiglia nel 1998, Elia\u00a0Del Grande fugge da comunit\u00e0\n\t\t\t      <\/p>\n<p>\t\t\t<\/a><\/p>\n<p>\t\t \tLa lettera<\/p>\n<p>Il 6 novembre, a una settimana da quando \u00e8 scappato dalla casa lavoro facendo perdere le sue tracce, VareseNews ha pubblicato una lettera inviata da Del Grande, nella quale lui stesso spiega le motivazioni della fuga. \u201cIl mio gesto \u00e8 dovuto alla totale inadeguatezza che ancora incredibilmente sopravvive in certi istituti, come le case lavoro, che dovrebbero tendere a ri-socializzare e reinserire con il lavoro, per l\u2019appunto cosa che non esiste affatto\u201d, si legge nella lettera. \u201cMi sono trovato ad avere a che fare ogni giorno con gente con serie patologie psichiatriche. La terapia, chiaramente psicofarmaco, viene data in dosi massicce a chiunque senza problemi. L\u2019attivit\u00e0 lavorativa esistente \u00e8 identica a quella dei regimi carcerari. Le case di lavoro oggi sono delle carceri effettive in piena regola con sbarre cancelli e polizia penitenziaria, orari cadenzati, regole e doveri\u201d.<\/p>\n<p>\t\t\t<a class=\"c-inline-card j-inline-card c-inline-card--with-image\" href=\"https:\/\/tg24.sky.it\/cronaca\/2025\/11\/06\/elia-del-grande-evaso-lettera\" rel=\"follow nofollow noopener\" data-intcmp=\"skytg24_articolo_approfondimenti_inline\" target=\"_blank\"><\/p>\n<p>\t\t\t         <img decoding=\"async\" crossorigin=\"anonymous\" alt=\"\" src=\"https:\/\/www.europesays.com\/it\/wp-content\/uploads\/2025\/11\/1762084217_693_elia_del_grande_ansa.jpg\"  loading=\"lazy\"  bad-src=\"https:\/\/www.europesays.com\/it\/wp-content\/uploads\/2025\/11\/1762084217_693_elia_del_grande_ansa.jpg\"\/><\/p>\n<p>\n\t\t\t         Potrebbe interessarti<br \/>\n\t\t\t         Lettera di Elia Del Grande dopo evasione: &#8220;Ecco perch\u00e9 sono scappato&#8221;\n\t\t\t      <\/p>\n<p>\t\t\t<\/a><\/p>\n<p>\t            TAG:<\/p>\n","protected":false},"excerpt":{"rendered":"Ancora nessuna traccia del 49enne scappato da ormai pi\u00f9 di una settimana dalla casa lavoro in provincia di&hellip;\n","protected":false},"author":3,"featured_media":194189,"comment_status":"","ping_status":"","sticky":false,"template":"","format":"standard","meta":{"footnotes":""},"categories":[6],"tags":[364,14,10062,8,1537,90,89,7040,7742,7,15,82,9,83,10,13,11,80,84,12,81,85,4103],"class_list":{"0":"post-203651","1":"post","2":"type-post","3":"status-publish","4":"format-standard","5":"has-post-thumbnail","7":"category-ultime-notizie","8":"tag-collaboratori","9":"tag-cronaca","10":"tag-evasione","11":"tag-headlines","12":"tag-it","13":"tag-italia","14":"tag-italy","15":"tag-killer","16":"tag-modena","17":"tag-news","18":"tag-notizie","19":"tag-notizie-di-cronaca","20":"tag-notizie-principali","21":"tag-notiziedicronaca","22":"tag-notizieprincipali","23":"tag-titoli","24":"tag-ultime-notizie","25":"tag-ultime-notizie-di-cronaca","26":"tag-ultime-notizie-e-news-di-oggi","27":"tag-ultimenotizie","28":"tag-ultimenotiziedicronaca","29":"tag-ultimenotizieenewsdioggi","30":"tag-varese"},"share_on_mastodon":{"url":"https:\/\/pubeurope.com\/@it\/115508328980697328","error":""},"_links":{"self":[{"href":"https:\/\/www.europesays.com\/it\/wp-json\/wp\/v2\/posts\/203651","targetHints":{"allow":["GET"]}}],"collection":[{"href":"https:\/\/www.europesays.com\/it\/wp-json\/wp\/v2\/posts"}],"about":[{"href":"https:\/\/www.europesays.com\/it\/wp-json\/wp\/v2\/types\/post"}],"author":[{"embeddable":true,"href":"https:\/\/www.europesays.com\/it\/wp-json\/wp\/v2\/users\/3"}],"replies":[{"embeddable":true,"href":"https:\/\/www.europesays.com\/it\/wp-json\/wp\/v2\/comments?post=203651"}],"version-history":[{"count":0,"href":"https:\/\/www.europesays.com\/it\/wp-json\/wp\/v2\/posts\/203651\/revisions"}],"wp:featuredmedia":[{"embeddable":true,"href":"https:\/\/www.europesays.com\/it\/wp-json\/wp\/v2\/media\/194189"}],"wp:attachment":[{"href":"https:\/\/www.europesays.com\/it\/wp-json\/wp\/v2\/media?parent=203651"}],"wp:term":[{"taxonomy":"category","embeddable":true,"href":"https:\/\/www.europesays.com\/it\/wp-json\/wp\/v2\/categories?post=203651"},{"taxonomy":"post_tag","embeddable":true,"href":"https:\/\/www.europesays.com\/it\/wp-json\/wp\/v2\/tags?post=203651"}],"curies":[{"name":"wp","href":"https:\/\/api.w.org\/{rel}","templated":true}]}}