{"id":203656,"date":"2025-11-07T12:17:15","date_gmt":"2025-11-07T12:17:15","guid":{"rendered":"https:\/\/www.europesays.com\/it\/203656\/"},"modified":"2025-11-07T12:17:15","modified_gmt":"2025-11-07T12:17:15","slug":"cj-massinburg-ai-box-brescia-pensa-al-mercato-rientro-piu-lungo-del-previsto","status":"publish","type":"post","link":"https:\/\/www.europesays.com\/it\/203656\/","title":{"rendered":"CJ Massinburg ai box, Brescia pensa al mercato? Rientro pi\u00f9 lungo del previsto"},"content":{"rendered":"<p><a href=\"https:\/\/www.backdoorpodcast.com\/wp-content\/uploads\/2025\/09\/IMG_0398.jpg\" data-caption=\"CJ Massinburg (Germani Brescia)\" rel=\"nofollow noopener\" target=\"_blank\"><img loading=\"lazy\" decoding=\"async\" width=\"696\" height=\"464\" class=\"entry-thumb td-modal-image\" src=\"https:\/\/www.europesays.com\/it\/wp-content\/uploads\/2025\/11\/IMG_0398-696x464.jpg\"   alt=\"CJ Massinburg\" title=\"CJ Massinburg (Germani Brescia)\"\/><\/a>CJ Massinburg (Germani Brescia)<\/p>\n<p data-start=\"459\" data-end=\"845\">La vittoria su Milano ha riportato entusiasmo nell\u2019ambiente biancobl\u00f9, ma la gioia \u00e8 stata smorzata dall\u2019infortunio di <strong data-start=\"592\" data-end=\"609\">CJ Massinburg<\/strong>, uscito anzitempo nella sfida di Trapani per un problema al polpaccio. Gli esami hanno confermato uno stop stimato tra le <strong data-start=\"732\" data-end=\"762\">tre e le quattro settimane<\/strong>, costringendo la <strong data-start=\"780\" data-end=\"799\">Germani Brescia<\/strong> a riflettere su possibili mosse di mercato, come riporta Bresciaoggi.<\/p>\n<p data-start=\"847\" data-end=\"1232\">Il giocatore statunitense, gi\u00e0 alle prese con alcuni acciacchi nelle prime giornate di campionato, ha avvertito una nuova fitta durante il terzo quarto, proprio nel momento in cui sembrava poter dare il colpo di grazia alla gara. Da allora, \u00e8 tornato sotto osservazione dello staff medico e, salvo sorprese, sar\u00e0 costretto a saltare le prossime sfide contro <strong data-start=\"1205\" data-end=\"1215\">Trento<\/strong> e <strong data-start=\"1218\" data-end=\"1229\">Trieste<\/strong>.<\/p>\n<p data-start=\"1234\" data-end=\"1531\">L\u2019unico lato positivo \u00e8 rappresentato dalla pausa per le <strong data-start=\"1291\" data-end=\"1321\">Nazionali di fine novembre<\/strong>, che potrebbe agevolare il recupero di CJ Massinburg. Tuttavia, in societ\u00e0 cresce la tentazione di intervenire sul mercato per non perdere ritmo in un campionato che si preannuncia equilibrato e lungo.<\/p>\n<p data-start=\"1533\" data-end=\"1876\">Il direttore generale <strong data-start=\"1555\" data-end=\"1572\">Mauro Ferrari<\/strong> avrebbe dato carta bianca allo staff tecnico per sondare la disponibilit\u00e0 di giocatori tagliati dalla <strong data-start=\"1675\" data-end=\"1687\">G League<\/strong> o liberi sul mercato europeo. Al momento nessuna decisione definitiva, ma l\u2019opzione di un <strong data-start=\"1778\" data-end=\"1799\">innesto a gettone<\/strong> resta sul tavolo, soprattutto se i tempi di recupero dovessero allungarsi.<\/p>\n<p data-start=\"1878\" data-end=\"2237\">Coach <strong data-start=\"1884\" data-end=\"1902\">Matteo Cotelli<\/strong> parler\u00e0 in conferenza stampa delle condizioni di Massinburg, ma l\u2019impressione \u00e8 che la <strong data-start=\"1990\" data-end=\"2009\">Germani Brescia<\/strong> voglia muoversi con cautela, evitando scelte affrettate. L\u2019obiettivo \u00e8 mantenere equilibrio e continuit\u00e0, senza compromettere la solidit\u00e0 di un gruppo che ha mostrato di poter competere ai vertici della <strong data-start=\"2213\" data-end=\"2234\">Serie A di basket<\/strong>.<\/p>\n","protected":false},"excerpt":{"rendered":"CJ Massinburg (Germani Brescia) La vittoria su Milano ha riportato entusiasmo nell\u2019ambiente biancobl\u00f9, ma la gioia \u00e8 stata&hellip;\n","protected":false},"author":3,"featured_media":203657,"comment_status":"","ping_status":"","sticky":false,"template":"","format":"standard","meta":{"footnotes":""},"categories":[1453],"tags":[1756,1757,121595,10528,2885,1537,90,89,3697,245,244],"class_list":{"0":"post-203656","1":"post","2":"type-post","3":"status-publish","4":"format-standard","5":"has-post-thumbnail","7":"category-basket","8":"tag-basket","9":"tag-basketball","10":"tag-cj-massinburg","11":"tag-germani-brescia","12":"tag-infortunio","13":"tag-it","14":"tag-italia","15":"tag-italy","16":"tag-legabasket","17":"tag-sport","18":"tag-sports"},"share_on_mastodon":{"url":"https:\/\/pubeurope.com\/@it\/115508376224680688","error":""},"_links":{"self":[{"href":"https:\/\/www.europesays.com\/it\/wp-json\/wp\/v2\/posts\/203656","targetHints":{"allow":["GET"]}}],"collection":[{"href":"https:\/\/www.europesays.com\/it\/wp-json\/wp\/v2\/posts"}],"about":[{"href":"https:\/\/www.europesays.com\/it\/wp-json\/wp\/v2\/types\/post"}],"author":[{"embeddable":true,"href":"https:\/\/www.europesays.com\/it\/wp-json\/wp\/v2\/users\/3"}],"replies":[{"embeddable":true,"href":"https:\/\/www.europesays.com\/it\/wp-json\/wp\/v2\/comments?post=203656"}],"version-history":[{"count":0,"href":"https:\/\/www.europesays.com\/it\/wp-json\/wp\/v2\/posts\/203656\/revisions"}],"wp:featuredmedia":[{"embeddable":true,"href":"https:\/\/www.europesays.com\/it\/wp-json\/wp\/v2\/media\/203657"}],"wp:attachment":[{"href":"https:\/\/www.europesays.com\/it\/wp-json\/wp\/v2\/media?parent=203656"}],"wp:term":[{"taxonomy":"category","embeddable":true,"href":"https:\/\/www.europesays.com\/it\/wp-json\/wp\/v2\/categories?post=203656"},{"taxonomy":"post_tag","embeddable":true,"href":"https:\/\/www.europesays.com\/it\/wp-json\/wp\/v2\/tags?post=203656"}],"curies":[{"name":"wp","href":"https:\/\/api.w.org\/{rel}","templated":true}]}}