{"id":203842,"date":"2025-11-07T15:04:10","date_gmt":"2025-11-07T15:04:10","guid":{"rendered":"https:\/\/www.europesays.com\/it\/203842\/"},"modified":"2025-11-07T15:04:10","modified_gmt":"2025-11-07T15:04:10","slug":"furto-a-casa-bastoni-durante-inter-kairat","status":"publish","type":"post","link":"https:\/\/www.europesays.com\/it\/203842\/","title":{"rendered":"Furto a casa Bastoni durante Inter Kairat"},"content":{"rendered":"<p>                                Il furto mercoled\u00ec sera mentre il difensore nerazzurro era impegnato in Champions<\/p>\n<p class=\"paragraph\" spellcheck=\"true\">Colpo in casa di Alessandro Bastoni, a Castelli Calepio. Nella serata di mercoled\u00ec, mentre il difensore dell\u2019Inter era impegnato a Milano <a href=\"https:\/\/www.gazzetta.it\/Calcio\/Champions-League\/05-11-2025\/inter-kairat-almaty-live-risultato-gol-diretta-champions-league.shtml?intcmp=hyperlink-articolo-gazit\" rel=\"nofollow noopener\" target=\"_blank\">per la sfida di Champions league contro il Kairat terminata 2-1 per i nerazzurri<\/a>, una banda di almeno 4 persone si \u00e8 introdotta nella sua casa tramite una bocca di lupo.  I ladri \u2013 vestiti con abiti scuri e con sciarpe a nascondere il volto &#8211; hanno puntato subito su camera e cabina armadio e hanno rubato borse firmate, orologi (due erano Rolex).\u00a0<\/p>\n<p>    le indagini\u2014 \u00a0<\/p>\n<p class=\"paragraph is-inline\" spellcheck=\"true\">Il colpo \u00e8 stato portato a termine in pochi minuti, perch\u00e9 \u00e8 scattato l\u2019allarme, e la banda \u00e8 riuscita a fuggire prima dell\u2019arrivo della vigilanza e dei carabinieri, che ora stanno analizzando le immagini delle telecamere di videosorveglianza sia della casa che della zona.  Bastoni vive a Castelli Calepio, il paese di origine della moglie, Camilla Bresciani. La coppia ha una figlia, la loro villa \u00e8 nella zona residenziale del paese.\u00a0Al momento del furto in casa non c\u2019era nessuno. Stanno indagando i carabinieri di Grumello del Monte e del Nucleo Operativo di Bergamo.<\/p>\n","protected":false},"excerpt":{"rendered":"Il furto mercoled\u00ec sera mentre il difensore nerazzurro era impegnato in Champions Colpo in casa di Alessandro Bastoni,&hellip;\n","protected":false},"author":3,"featured_media":203843,"comment_status":"","ping_status":"","sticky":false,"template":"","format":"standard","meta":{"footnotes":"","_share_on_mastodon":"0"},"categories":[1452],"tags":[5802,19898,721,50559,3905,20452,50560,1969,5371,4053,1740,7100,27483,350,1537,90,89,1739,245,244],"class_list":["post-203842","post","type-post","status-publish","format-standard","has-post-thumbnail","category-calcio","tag-banda","tag-bastoni","tag-calcio","tag-calepio","tag-carabinieri","tag-castelli","tag-castelli-calepio","tag-champions","tag-colpo","tag-difensore","tag-football","tag-furto","tag-impegnato","tag-inter","tag-it","tag-italia","tag-italy","tag-soccer","tag-sport","tag-sports"],"share_on_mastodon":{"url":"https:\/\/pubeurope.com\/@it\/115509032765427127","error":""},"_links":{"self":[{"href":"https:\/\/www.europesays.com\/it\/wp-json\/wp\/v2\/posts\/203842","targetHints":{"allow":["GET"]}}],"collection":[{"href":"https:\/\/www.europesays.com\/it\/wp-json\/wp\/v2\/posts"}],"about":[{"href":"https:\/\/www.europesays.com\/it\/wp-json\/wp\/v2\/types\/post"}],"author":[{"embeddable":true,"href":"https:\/\/www.europesays.com\/it\/wp-json\/wp\/v2\/users\/3"}],"replies":[{"embeddable":true,"href":"https:\/\/www.europesays.com\/it\/wp-json\/wp\/v2\/comments?post=203842"}],"version-history":[{"count":0,"href":"https:\/\/www.europesays.com\/it\/wp-json\/wp\/v2\/posts\/203842\/revisions"}],"wp:featuredmedia":[{"embeddable":true,"href":"https:\/\/www.europesays.com\/it\/wp-json\/wp\/v2\/media\/203843"}],"wp:attachment":[{"href":"https:\/\/www.europesays.com\/it\/wp-json\/wp\/v2\/media?parent=203842"}],"wp:term":[{"taxonomy":"category","embeddable":true,"href":"https:\/\/www.europesays.com\/it\/wp-json\/wp\/v2\/categories?post=203842"},{"taxonomy":"post_tag","embeddable":true,"href":"https:\/\/www.europesays.com\/it\/wp-json\/wp\/v2\/tags?post=203842"}],"curies":[{"name":"wp","href":"https:\/\/api.w.org\/{rel}","templated":true}]}}