{"id":204105,"date":"2025-11-07T18:52:12","date_gmt":"2025-11-07T18:52:12","guid":{"rendered":"https:\/\/www.europesays.com\/it\/204105\/"},"modified":"2025-11-07T18:52:12","modified_gmt":"2025-11-07T18:52:12","slug":"campagna-vaccinale-i-sindaci-del-nord-ovest-testimonial-della-asl-prendiamoci-cura-di-noi-e-dei-piu-fragili","status":"publish","type":"post","link":"https:\/\/www.europesays.com\/it\/204105\/","title":{"rendered":"Campagna vaccinale, i sindaci del Nord-ovest testimonial della Asl: \u00abPrendiamoci cura di noi e dei pi\u00f9 fragili\u00bb"},"content":{"rendered":"<p> <strong>Sassari<\/strong> La Campagna di vaccinazione antinfluenzale della Asl di Sassari conquista tre testimonial d\u2019eccezione: i rappresentanti delle amministrazioni comunali delle citt\u00e0 sede di Distretto sanitario. Il primo a sottoporsi al vaccino il sindaco della citt\u00e0 metropolitana di Sassari, <strong>Giuseppe Mascia<\/strong>. Nei prossimi giorni sar\u00e0 la volta del sindaco di Alghero, <strong>Raimondo Caciotto<\/strong>, e del Comune di Ozieri con l\u2019assessora ai Servizi sociali, <strong>Margherita Molinu<\/strong>. <\/p>\n<p> \u00abIo mi vaccino perch\u00e9 ho cura di me stesso e perch\u00e9 ho a cuore le persone pi\u00f9 fragili che vivono intorno a me\u00bb. Questo l\u2019appello che il primo cittadino sassarese ha voluto lanciare oggi alla popolazione dopo essersi sottoposto alla somministrazione <\/p>\n<p> L\u2019intento della campagna che vede gli amministratori testimonial straordinari \u00e8 quello di ricordare l\u2019importanza di vaccinarsi con l\u2019obiettivo di rafforzare il messaggio di prevenzione e responsabilit\u00e0 nei confronti della popolazione pi\u00f9 fragile, in particolare anziani e persone con patologie croniche. <\/p>\n<p> La Asl ricorda che la <strong>vaccinazione antinfluenzale<\/strong> \u00e8 raccomandata e offerta gratuitamente a tutte le persone che corrono il maggior rischio di andare incontro a complicanze come conseguenza della malattia; durante tutta la campagna, oltre al vaccino antinfluenzale verranno offerte anche le vaccinazioni: anti covid, anti pneumococco, anti herpes zoster. <\/p>\n<p> \u00abLa vaccinazione \u00e8 un atto potentissimo di prevenzione ma \u00e8 anche un atto di amore e responsabilit\u00e0 verso noi stessi e gli altri. Quindi vaccinatevi, i vaccini sono sicuri ed efficaci, evitano la malattia e ne riducono gli effetti collaterali\u00bb, dichiara <strong>Anna Burruni<\/strong>, direttrice del Servizio di Igiene e sanit\u00e0 pubblica della Asl n. 1. <\/p>\n<p> <strong>Dove vaccinarsi?<\/strong> <\/p>\n<p> In uno dei 9 Ambulatori vaccinali della Asl di Sassari diffusi sul territorio <\/p>\n<p> Per prenotare la vaccinazione \u00e8 sufficiente contattare il numero verde 800334466, dal luned\u00ec al venerd\u00ec, dalle ore 08.00 alle 18.00 <\/p>\n<p> Dal proprio Medico di medicina generale o Pediatra di libera scelta che ha aderito alla campagna, o in assenza di questi dei medici degli Ascot <\/p>\n<p> In una delle Farmacie del territorio che hanno aderito alla campagna <\/p>\n","protected":false},"excerpt":{"rendered":"Sassari La Campagna di vaccinazione antinfluenzale della Asl di Sassari conquista tre testimonial d\u2019eccezione: i rappresentanti delle amministrazioni&hellip;\n","protected":false},"author":3,"featured_media":204106,"comment_status":"","ping_status":"","sticky":false,"template":"","format":"standard","meta":{"footnotes":""},"categories":[175],"tags":[239,1537,90,89,240],"class_list":{"0":"post-204105","1":"post","2":"type-post","3":"status-publish","4":"format-standard","5":"has-post-thumbnail","7":"category-salute","8":"tag-health","9":"tag-it","10":"tag-italia","11":"tag-italy","12":"tag-salute"},"share_on_mastodon":{"url":"https:\/\/pubeurope.com\/@it\/115509929298552795","error":""},"_links":{"self":[{"href":"https:\/\/www.europesays.com\/it\/wp-json\/wp\/v2\/posts\/204105","targetHints":{"allow":["GET"]}}],"collection":[{"href":"https:\/\/www.europesays.com\/it\/wp-json\/wp\/v2\/posts"}],"about":[{"href":"https:\/\/www.europesays.com\/it\/wp-json\/wp\/v2\/types\/post"}],"author":[{"embeddable":true,"href":"https:\/\/www.europesays.com\/it\/wp-json\/wp\/v2\/users\/3"}],"replies":[{"embeddable":true,"href":"https:\/\/www.europesays.com\/it\/wp-json\/wp\/v2\/comments?post=204105"}],"version-history":[{"count":0,"href":"https:\/\/www.europesays.com\/it\/wp-json\/wp\/v2\/posts\/204105\/revisions"}],"wp:featuredmedia":[{"embeddable":true,"href":"https:\/\/www.europesays.com\/it\/wp-json\/wp\/v2\/media\/204106"}],"wp:attachment":[{"href":"https:\/\/www.europesays.com\/it\/wp-json\/wp\/v2\/media?parent=204105"}],"wp:term":[{"taxonomy":"category","embeddable":true,"href":"https:\/\/www.europesays.com\/it\/wp-json\/wp\/v2\/categories?post=204105"},{"taxonomy":"post_tag","embeddable":true,"href":"https:\/\/www.europesays.com\/it\/wp-json\/wp\/v2\/tags?post=204105"}],"curies":[{"name":"wp","href":"https:\/\/api.w.org\/{rel}","templated":true}]}}