{"id":204217,"date":"2025-11-07T20:32:10","date_gmt":"2025-11-07T20:32:10","guid":{"rendered":"https:\/\/www.europesays.com\/it\/204217\/"},"modified":"2025-11-07T20:32:10","modified_gmt":"2025-11-07T20:32:10","slug":"non-saremo-piu-sponsor-del-team","status":"publish","type":"post","link":"https:\/\/www.europesays.com\/it\/204217\/","title":{"rendered":"\u00abNON SAREMO PIU&#8217; SPONSOR DEL TEAM\u00bb"},"content":{"rendered":"<p>            <a class=\"category\" href=\"https:\/\/www.tuttobiciweb.it\/articles\/category\/PROFESSIONISTI\" itemprop=\"about\" rel=\"nofollow noopener\" target=\"_blank\">PROFESSIONISTI<\/a> | 07\/11\/2025 | 20:25<br \/>\n            <a class=\"author\" href=\"https:\/\/www.tuttobiciweb.it\/articles\/author\/Francesca%20Monzone\" rel=\"nofollow noopener\" target=\"_blank\">di Francesca Monzone<\/a><\/p>\n<p>La notizia era nell\u2019aria da qualche settimana e oggi \u00e8 arrivata l\u2019ufficializzazione: <strong>Premier Tech ha deciso di interrompere la sua sponsorizzazione con il team Israel-Premier Tech<\/strong>. E\u2019 stata la stessa societ\u00e0 Premier Tech, ad annunciare la fine della collaborazione, dichiarando di aver preso questa decisione dopo un\u2019attenta valutazione.\u00a0\u00a0\n            <\/p>\n<p>Tra fine agosto e met\u00e0 settembre, durante la Vuelta, Israel-Premier Tech era stata duramente criticata durante la corsa spagnola e per questo <strong>diversi gruppi di manifestanti pro Palestina avevano invaso le strade spagnole<\/strong>, cercando di spingere il team israeliano al ritiro. Proprio in seguito alle proteste, <strong>Premier Tech aveva sollecitato la rimozione del nome Israel.<\/strong> Questa rimozione \u00e8 stata fatta anche in previsione del 2026, con il benestare del proprietario<strong> Sylvan Adams<\/strong>, che per avvalorare la scelta fatta,<strong> aveva annunciato la sua intenzione di farsi da parte.<\/strong>\n            <\/p>\n<p>Nonostante l\u2019ultima decisione di Adams, ogni azione si \u00e8 rivelata insufficiente per Premier Tech, che ha deciso di uscire definitivamente dalla squadra.<\/p>\n<p>\u00abNon \u00e8 pi\u00f9 sostenibile per noi continuare \u2013 ha dichiarato la societ\u00e0 canadese &#8211; <strong>Prima di prendere questa decisione abbiamo voluto analizzare bene ogni cosa e alla fine siamo arrivati a questa decisione<\/strong>\u00bb. P<\/p>\n<p>remier Tech era entrata nel team come co-sponsor nel 2022 e adesso \u00e8 arrivata la decisione di fermarsi.\u00a0<\/p>\n<p>Al momento non \u00e8 chiaro come proseguir\u00e0 la collaborazione con il team, che la prossima stagione correr\u00e0 nel\u00a0 World Tour. <strong>Il prossimo anno la squadra avr\u00e0 una nuova identit\u00e0,<\/strong> questo per sganciarsi completamente dal nome Israel, considerando anche che alcuni corridori hanno deciso di cambiare squadra. Per il momento il team assicura di non essere in un momento di incertezza &#8211; ha chiesto la licenza WorldTour per le prossime tre stagioni &#8211; e che la sua attivit\u00e0 proseguir\u00e0 senza problemi anche nei prossimi anni.\u00a0<\/p>\n<p>Copyright &amp;copy TBW<\/p>\n","protected":false},"excerpt":{"rendered":"PROFESSIONISTI | 07\/11\/2025 | 20:25 di Francesca Monzone La notizia era nell\u2019aria da qualche settimana e oggi \u00e8&hellip;\n","protected":false},"author":3,"featured_media":204218,"comment_status":"","ping_status":"","sticky":false,"template":"","format":"standard","meta":{"footnotes":""},"categories":[1456],"tags":[1824,1825,32232,1537,90,89,73498,23321,245,244],"class_list":{"0":"post-204217","1":"post","2":"type-post","3":"status-publish","4":"format-standard","5":"has-post-thumbnail","7":"category-ciclismo","8":"tag-ciclismo","9":"tag-cycling","10":"tag-israel-premier-tech","11":"tag-it","12":"tag-italia","13":"tag-italy","14":"tag-premier-tech","15":"tag-sponsorizzazione","16":"tag-sport","17":"tag-sports"},"share_on_mastodon":{"url":"https:\/\/pubeurope.com\/@it\/115510322293312137","error":""},"_links":{"self":[{"href":"https:\/\/www.europesays.com\/it\/wp-json\/wp\/v2\/posts\/204217","targetHints":{"allow":["GET"]}}],"collection":[{"href":"https:\/\/www.europesays.com\/it\/wp-json\/wp\/v2\/posts"}],"about":[{"href":"https:\/\/www.europesays.com\/it\/wp-json\/wp\/v2\/types\/post"}],"author":[{"embeddable":true,"href":"https:\/\/www.europesays.com\/it\/wp-json\/wp\/v2\/users\/3"}],"replies":[{"embeddable":true,"href":"https:\/\/www.europesays.com\/it\/wp-json\/wp\/v2\/comments?post=204217"}],"version-history":[{"count":0,"href":"https:\/\/www.europesays.com\/it\/wp-json\/wp\/v2\/posts\/204217\/revisions"}],"wp:featuredmedia":[{"embeddable":true,"href":"https:\/\/www.europesays.com\/it\/wp-json\/wp\/v2\/media\/204218"}],"wp:attachment":[{"href":"https:\/\/www.europesays.com\/it\/wp-json\/wp\/v2\/media?parent=204217"}],"wp:term":[{"taxonomy":"category","embeddable":true,"href":"https:\/\/www.europesays.com\/it\/wp-json\/wp\/v2\/categories?post=204217"},{"taxonomy":"post_tag","embeddable":true,"href":"https:\/\/www.europesays.com\/it\/wp-json\/wp\/v2\/tags?post=204217"}],"curies":[{"name":"wp","href":"https:\/\/api.w.org\/{rel}","templated":true}]}}