{"id":204951,"date":"2025-11-08T08:39:09","date_gmt":"2025-11-08T08:39:09","guid":{"rendered":"https:\/\/www.europesays.com\/it\/204951\/"},"modified":"2025-11-08T08:39:09","modified_gmt":"2025-11-08T08:39:09","slug":"frattamaggiore-addio-vecchi-tralicci-parte-il-programma-per-la-demolizione","status":"publish","type":"post","link":"https:\/\/www.europesays.com\/it\/204951\/","title":{"rendered":"Frattamaggiore, addio vecchi tralicci, parte il programma per la demolizione"},"content":{"rendered":"<p>Saranno demoliti i tralicci della rete elettrica. Otto chilometri quelli da interrare, tra i comuni di <strong><a href=\"https:\/\/www.ilmattino.it\/t\/frattamaggiore\" rel=\"nofollow noopener\" target=\"_blank\">Frattamaggiore<\/a>, <a href=\"https:\/\/www.ilmattino.it\/t\/frattaminore\" rel=\"nofollow noopener\" target=\"_blank\">Frattaminore<\/a>, Grumo Nevano, Sant\u2019Antimo e Sant\u2019Arpino<\/strong>. I lavori al via luned\u00ec , per la durata di 20 mesi. Costo previsto 26 milioni di euro. Lo ha reso noto Terna, che gestisce la rete di trasmissione dell\u2019energia elettrica. Dunque sono 17 i tralicci che insistono nei 5 comuni interessati, per la realizzazione del nuovo elettrodotto, lungo otto chilometri. Un intervento che restituir\u00e0 alla collettivit\u00e0 17 ettari di spazio urbano, in aree densamente abitate. \u00abMigliorando la qualit\u00e0 e la sicurezza del servizio elettrico e riducendo al minimo l\u2019impatto paesaggistico delle infrastrutture\u00bb, spiegano da <strong>Terna<\/strong>.<\/p>\n<p><p>APPROFONDIMENTI<\/p>\n<\/p>\n<p>La linea \u00e8 quella che parte dalla stazione elettrica di <strong>Frattamaggiore <\/strong>e raggiunge la cabina primaria di <strong>Sant\u2019Antimo.<\/strong> La societ\u00e0 informa che il cavo sar\u00e0 realizzato secondo tecnologie di ultima generazione, nell\u2019ottica \u00abdell\u2019elevata affidabilit\u00e0, efficienza e sostenibilit\u00e0 ambientale\u00bb. I lavori partiranno dal cantiere di Frattaminore per poi estendersi progressivamente agli altri 4 comuni.<\/p>\n<p>L\u2019elettrodotto, che sar\u00e0 demolito, ha 85 anni. L\u2019opera, come sottolinea la societ\u00e0, che fa capo all\u2019ad, <strong>Giuseppina Di Foggia<\/strong>, \u00e8 stata possibile soprattutto grazie alla sinergia con le amministrazioni locali. \u00ab\u00c8 dal 2017 che in una sinergia virtuosa con gli altri sindaci del territorio siamo impegnati su questo tema: due anni fa abbiamo sottoscritto il protocollo con la Regione \u2013 dice il sindaco di Frattaminore, <strong>Giuseppe Bencivenga <\/strong>\u2013 \u00e8 motivo d\u2019orgoglio che i lavori partano dal nostro Comune: segno che la collaborazione istituzionale, concreta e virtuosa, produce i suoi frutti\u00bb.<\/p>\n<p><a class=\"link_item\" data-linked_from=\"9175121\" href=\"https:\/\/www.ilmattino.it\/napoli\/area_metropolitana\/napoli_nuovo_murale_frattaminore_dedicato_maradona-9152333.html\" rel=\"nofollow noopener\" target=\"_blank\">Napoli, un nuovo murale a Frattaminore dedicato a Maradona<\/a><\/p>\n<p>Il primo cittadino di Frattamaggiore <strong>Marco Del Prete<\/strong>: \u00abUn intervento strategico che attendevamo da anni, frutto di un lungo percorso di dialogo istituzionale, di progettazione condivisa e di impegno politico costante. Un traguardo che oggi \u00e8 realt\u00e0, verso una citt\u00e0 pi\u00f9 moderna, sostenibile e vivibile\u201d. Il sindaco di Sant\u2019Antimo, Massimo Buonanno: \u00abCon la sottoscrizione del protocollo, due anni fa, abbiamo capito che ormai la soluzione era prossima: una tappa storica, che prelude all\u2019altro intervento annunciato da Terna, l\u2019elettrodotto Sant\u2019Antimo \u2013 Napoli e che attraversa <strong>Melito, Mugnano e Marano<\/strong>\u00bb.<\/p>\n<p>Ringrazia anche <strong>Umberto Cimmino<\/strong>, alla guida di Grumo solo da giugno 2024. Soddisfazione anche da parte di <strong>Antonio Efficie<\/strong>, presidente del Comitato \u201cNo ai tralicci\u201d nato 20 anni fa: \u201cLiberi dai tralicci: una vittoria condivisa. Un percorso fatto di sacrifici, competenze e collaborazione\u00bb.<\/p>\n","protected":false},"excerpt":{"rendered":"Saranno demoliti i tralicci della rete elettrica. Otto chilometri quelli da interrare, tra i comuni di Frattamaggiore, Frattaminore,&hellip;\n","protected":false},"author":3,"featured_media":204952,"comment_status":"","ping_status":"","sticky":false,"template":"","format":"standard","meta":{"footnotes":""},"categories":[172],"tags":[178,177,53079,122307,1537,90,89,91248,122308],"class_list":{"0":"post-204951","1":"post","2":"type-post","3":"status-publish","4":"format-standard","5":"has-post-thumbnail","7":"category-affari","8":"tag-affari","9":"tag-business","10":"tag-cavi","11":"tag-frattamaggiore","12":"tag-it","13":"tag-italia","14":"tag-italy","15":"tag-terna","16":"tag-tralicci"},"share_on_mastodon":{"url":"https:\/\/pubeurope.com\/@it\/115513181323214207","error":""},"_links":{"self":[{"href":"https:\/\/www.europesays.com\/it\/wp-json\/wp\/v2\/posts\/204951","targetHints":{"allow":["GET"]}}],"collection":[{"href":"https:\/\/www.europesays.com\/it\/wp-json\/wp\/v2\/posts"}],"about":[{"href":"https:\/\/www.europesays.com\/it\/wp-json\/wp\/v2\/types\/post"}],"author":[{"embeddable":true,"href":"https:\/\/www.europesays.com\/it\/wp-json\/wp\/v2\/users\/3"}],"replies":[{"embeddable":true,"href":"https:\/\/www.europesays.com\/it\/wp-json\/wp\/v2\/comments?post=204951"}],"version-history":[{"count":0,"href":"https:\/\/www.europesays.com\/it\/wp-json\/wp\/v2\/posts\/204951\/revisions"}],"wp:featuredmedia":[{"embeddable":true,"href":"https:\/\/www.europesays.com\/it\/wp-json\/wp\/v2\/media\/204952"}],"wp:attachment":[{"href":"https:\/\/www.europesays.com\/it\/wp-json\/wp\/v2\/media?parent=204951"}],"wp:term":[{"taxonomy":"category","embeddable":true,"href":"https:\/\/www.europesays.com\/it\/wp-json\/wp\/v2\/categories?post=204951"},{"taxonomy":"post_tag","embeddable":true,"href":"https:\/\/www.europesays.com\/it\/wp-json\/wp\/v2\/tags?post=204951"}],"curies":[{"name":"wp","href":"https:\/\/api.w.org\/{rel}","templated":true}]}}