{"id":204961,"date":"2025-11-08T08:51:12","date_gmt":"2025-11-08T08:51:12","guid":{"rendered":"https:\/\/www.europesays.com\/it\/204961\/"},"modified":"2025-11-08T08:51:12","modified_gmt":"2025-11-08T08:51:12","slug":"ale-colnago-tre-gare-in-48-ore-con-azzetti-e-bianchi-agli-europei-di-middelkerke","status":"publish","type":"post","link":"https:\/\/www.europesays.com\/it\/204961\/","title":{"rendered":"ALE COLNAGO. TRE GARE IN 48 ORE CON AZZETTI E BIANCHI AGLI EUROPEI DI MIDDELKERKE"},"content":{"rendered":"<p>            <a class=\"category\" href=\"https:\/\/www.tuttobiciweb.it\/articles\/category\/CICLOCROSS\" itemprop=\"about\" rel=\"nofollow noopener\" target=\"_blank\">CICLOCROSS<\/a> | 07\/11\/2025 | 15:33<\/p>\n<p>Messi alle spalle i podi del Mugello e il tris di vittorie a Casalecchio di Reno, il modenese <strong>Ale Colnago Team<\/strong> si appresta ad un fine settimana che vedr\u00e0 impegnati in gara 6 atleti, per gli altri componenti della squadra sono previsti intensi allenamenti per preparare i prossimi appuntamenti. Sabato 8 novembre a\u00a0Middelkerke\u00a0in Belgio, alle ore 11 nella gara di apertura della rassegna continentale,<strong> con la maglia azzurra della Nazionale saranno in lizza agli Europei di ciclocross Nicole\u00a0Azzetti\u00a0ed Elisa Bianchi (Juniores).<\/strong>\n            <\/p>\n<p>Sabato 8 novembre <strong>a Nalles nel 34\u00b0 Trofeo Citt\u00e0 di Bolzano,<\/strong> gara top class e prova del Trofeo Triveneto Ciclocross, saranno in gara <strong>Julia Kostner<\/strong> (Juniores 1\u00b0 anno) e <strong>Alan Zanolini<\/strong> (Under 23). Domenica 9 novembre alla Montagnetta di Sirone, nel Lecchese, al via del Memorial Samuele Riva ci saranno<strong> Rebecca Gariboldi<\/strong> (Open) e<strong> Sara\u00a0Peruta\u00a0<\/strong>(Juniores).\n            <\/p>\n<p>Eva Lechner, la pluricampionessa bolzanina che guida l\u2019Ale Colnago Team con Milena Cavani, cos\u00ec introduce il fine settimana. \u201cSiamo reduci da buoni risultati: al Mugello ci siamo difesi molto bene ottenendo buoni piazzamenti, il giorno dopo nel Bolognese non era facile gareggiare visti gli sforzi del giorno prima. Nonostante la fatica nelle gambe abbiamo vinto tre volte con Rebecca Gariboldi, Gioele Bertolini e Nicole\u00a0Azzetti, e vincere davanti ai nostri sponsor presenti alla gara \u00e8 stato ancora pi\u00f9 bello. Devo dire che li ho visti pedalare bene: Rebecca e Gioele stanno migliorando la condizione gara dopo gara, cos\u00ec come Nicolas\u00a0Scalorbi\u00a0che tra gli juniores \u00e8 in netta crescita. Questo fine settimana \u00e8 dedicato agli allenamenti, solo Kostner e Zanolini saranno al via del ciclocross di Nalles dove \u201cgiocano in casa\u201d, mentre Rebecca che ha bisogno del ritmo gara con Sara andr\u00e0 alla competizione di Sirone\u201d.<\/p>\n<p>Copyright &amp;copy TBW<\/p>\n","protected":false},"excerpt":{"rendered":"CICLOCROSS | 07\/11\/2025 | 15:33 Messi alle spalle i podi del Mugello e il tris di vittorie a&hellip;\n","protected":false},"author":3,"featured_media":204962,"comment_status":"","ping_status":"","sticky":false,"template":"","format":"standard","meta":{"footnotes":""},"categories":[1456],"tags":[83490,1824,21184,1825,14449,1537,90,89,245,244],"class_list":{"0":"post-204961","1":"post","2":"type-post","3":"status-publish","4":"format-standard","5":"has-post-thumbnail","7":"category-ciclismo","8":"tag-ale-colnago-team","9":"tag-ciclismo","10":"tag-ciclocross","11":"tag-cycling","12":"tag-gare-giovanili","13":"tag-it","14":"tag-italia","15":"tag-italy","16":"tag-sport","17":"tag-sports"},"share_on_mastodon":{"url":"https:\/\/pubeurope.com\/@it\/115513228199677065","error":""},"_links":{"self":[{"href":"https:\/\/www.europesays.com\/it\/wp-json\/wp\/v2\/posts\/204961","targetHints":{"allow":["GET"]}}],"collection":[{"href":"https:\/\/www.europesays.com\/it\/wp-json\/wp\/v2\/posts"}],"about":[{"href":"https:\/\/www.europesays.com\/it\/wp-json\/wp\/v2\/types\/post"}],"author":[{"embeddable":true,"href":"https:\/\/www.europesays.com\/it\/wp-json\/wp\/v2\/users\/3"}],"replies":[{"embeddable":true,"href":"https:\/\/www.europesays.com\/it\/wp-json\/wp\/v2\/comments?post=204961"}],"version-history":[{"count":0,"href":"https:\/\/www.europesays.com\/it\/wp-json\/wp\/v2\/posts\/204961\/revisions"}],"wp:featuredmedia":[{"embeddable":true,"href":"https:\/\/www.europesays.com\/it\/wp-json\/wp\/v2\/media\/204962"}],"wp:attachment":[{"href":"https:\/\/www.europesays.com\/it\/wp-json\/wp\/v2\/media?parent=204961"}],"wp:term":[{"taxonomy":"category","embeddable":true,"href":"https:\/\/www.europesays.com\/it\/wp-json\/wp\/v2\/categories?post=204961"},{"taxonomy":"post_tag","embeddable":true,"href":"https:\/\/www.europesays.com\/it\/wp-json\/wp\/v2\/tags?post=204961"}],"curies":[{"name":"wp","href":"https:\/\/api.w.org\/{rel}","templated":true}]}}