{"id":205005,"date":"2025-11-08T09:29:11","date_gmt":"2025-11-08T09:29:11","guid":{"rendered":"https:\/\/www.europesays.com\/it\/205005\/"},"modified":"2025-11-08T09:29:11","modified_gmt":"2025-11-08T09:29:11","slug":"allerta-meteo-brasile-a-rischio-sprint-e-qualifiche-a-interlagos-news","status":"publish","type":"post","link":"https:\/\/www.europesays.com\/it\/205005\/","title":{"rendered":"Allerta meteo Brasile: a rischio Sprint e qualifiche a Interlagos &#8211; News"},"content":{"rendered":"<p><strong>Arriva il ciclone<\/strong><\/p>\n<p>Il <a href=\"https:\/\/www.formulapassion.it\/f1\/f1-orari\/orari-tv-gp-brasile-2025-interlagos-sprint-televisione-programmazione-diretta-sky-differita-tv8-dove-vederla-ferrari-leclerc-hamilton\" title=\"ricco sabato del Gran Premio di San Paolo\" rel=\"nofollow noopener\" target=\"_blank\">ricco sabato del Gran Premio di San Paolo<\/a> potrebbe essere <strong>seriamente influenzato da un ciclone extra-tropicale<\/strong> in arrivo su Interlagos. Nel pomeriggio di venerd\u00ec l\u2019Istituto Nazionale di Meteorologia del Brasile ha emesso un\u2019<strong>allerta arancione<\/strong> per temporali, con <strong><a href=\"https:\/\/www.formulapassion.it\/f1\/f1-news\/verstappen-non-abbiamo-aderenza-settore-centrale-terribile-la-pioggia-non-mi-aspetto-molto\" title=\"piogge intense e venti forti\" rel=\"nofollow noopener\" target=\"_blank\">piogge intense e venti forti<\/a><\/strong> per questa mattina che potrebbero per\u00f2 protrarsi per l\u2019intera giornata condizionato sia la Sprint sia le qualifiche.<\/p>\n<p>La tempesta dovrebbe abbattersi sul circuito<strong> tra le 6 e le 9 del mattino<\/strong> (la Sprint \u00e8 in programma per le 11 locali, le 15 in Italia), ma in questi casi \u00e8 ancora pi\u00f9 difficile prevedere con esattezza gli strascichi temporali. Secondo i dati diffusi, le precipitazioni dovrebbero essere comprese <strong>fra i 30 e i 60 millimetri<\/strong> all\u2019ora con raffiche di vento <strong>superiori ai 75 km\/h<\/strong>. La Federazione ha comunque avvisato tutti i team di <strong>tenere chiusi i garage<\/strong> proprio per evitare il rischio di allagamenti.<\/p>\n<p><strong>Possibili variazioni come nel 2024<\/strong><\/p>\n<p>Uno scenario simile si era gi\u00e0 <strong>vissuto lo scorso anno<\/strong> quando, nonostante la tanta pioggia caduta tra sabato pomeriggio e domenica, si era comunque riusciti a completare il programma spostando le qualifiche alle 7:30 di domenica e anticipando la gara alle 12:30.<\/p>\n<p>La FIA sta gi\u00e0 pensando a qualcosa di analogo, considerando che le previsioni attuali offrono ottimismo grazie a ridotte probabilit\u00e0 di pioggia per il giorno della gara. La <strong>finestra temporale per far slittare la Sprint \u00e8 infatti molto stretta<\/strong>: il regolamento sportivo impone infatti che le qualifiche non possano iniziare prima di tre ore dalla fine della Sprint e il tramonto di Interlagos caler\u00e0 poco dopo le 18:30 compromettendo la visibilit\u00e0 in pista.<\/p>\n","protected":false},"excerpt":{"rendered":"Arriva il ciclone Il ricco sabato del Gran Premio di San Paolo potrebbe essere seriamente influenzato da un&hellip;\n","protected":false},"author":3,"featured_media":205006,"comment_status":"","ping_status":"","sticky":false,"template":"","format":"standard","meta":{"footnotes":""},"categories":[176],"tags":[8848,1537,90,89,245,244],"class_list":{"0":"post-205005","1":"post","2":"type-post","3":"status-publish","4":"format-standard","5":"has-post-thumbnail","7":"category-sport","8":"tag-gp-brasile","9":"tag-it","10":"tag-italia","11":"tag-italy","12":"tag-sport","13":"tag-sports"},"share_on_mastodon":{"url":"https:\/\/pubeurope.com\/@it\/115513377718116708","error":""},"_links":{"self":[{"href":"https:\/\/www.europesays.com\/it\/wp-json\/wp\/v2\/posts\/205005","targetHints":{"allow":["GET"]}}],"collection":[{"href":"https:\/\/www.europesays.com\/it\/wp-json\/wp\/v2\/posts"}],"about":[{"href":"https:\/\/www.europesays.com\/it\/wp-json\/wp\/v2\/types\/post"}],"author":[{"embeddable":true,"href":"https:\/\/www.europesays.com\/it\/wp-json\/wp\/v2\/users\/3"}],"replies":[{"embeddable":true,"href":"https:\/\/www.europesays.com\/it\/wp-json\/wp\/v2\/comments?post=205005"}],"version-history":[{"count":0,"href":"https:\/\/www.europesays.com\/it\/wp-json\/wp\/v2\/posts\/205005\/revisions"}],"wp:featuredmedia":[{"embeddable":true,"href":"https:\/\/www.europesays.com\/it\/wp-json\/wp\/v2\/media\/205006"}],"wp:attachment":[{"href":"https:\/\/www.europesays.com\/it\/wp-json\/wp\/v2\/media?parent=205005"}],"wp:term":[{"taxonomy":"category","embeddable":true,"href":"https:\/\/www.europesays.com\/it\/wp-json\/wp\/v2\/categories?post=205005"},{"taxonomy":"post_tag","embeddable":true,"href":"https:\/\/www.europesays.com\/it\/wp-json\/wp\/v2\/tags?post=205005"}],"curies":[{"name":"wp","href":"https:\/\/api.w.org\/{rel}","templated":true}]}}