{"id":205112,"date":"2025-11-08T11:06:10","date_gmt":"2025-11-08T11:06:10","guid":{"rendered":"https:\/\/www.europesays.com\/it\/205112\/"},"modified":"2025-11-08T11:06:10","modified_gmt":"2025-11-08T11:06:10","slug":"musetti-se-batte-djokovic-va-a-torino-i-calcoli","status":"publish","type":"post","link":"https:\/\/www.europesays.com\/it\/205112\/","title":{"rendered":"Musetti, se batte Djokovic va a Torino: i calcoli"},"content":{"rendered":"<p>                                Raggiungendo l\u2019ultimo atto ad Atene, Lorenzo ha quasi raggiunto Auger-Aliassime. L\u2019avrebbe gi\u00e0 sorpassato se non avesse dovuto scartare i 10 punti di Parigi, a causa del forfeit del Queen\u2019s. Oggi contro Djokovic deve vincere<\/p>\n<p>                    8 novembre &#8211; 11:36  &#8211; TORINO<\/p>\n<p class=\"paragraph\" spellcheck=\"true\">\u201cQuei maledetti 10 punti\u201d. Speriamo che Lorenzo non debba rimuginarci sopra. Speriamo che Lorenzo batta Djokovic, conquisti il titolo del 250 di Atene e si qualifichi alle Finals, raggiungendo Jannik Sinner e scrivendo il record della doppia partecipazione azzurra &#8211; tra i titolari &#8211; al \u201ctorneo dei maestri\u201d. Al di l\u00e0 della variabile Nole (decider\u00e0 solo oggi se raggiungere Torino o andare in vacanza), la lettura della classifica e dei regolamenti Atp lascia un retrogusto amaro, che solo il successo di Musetti in Grecia potr\u00e0 cancellare. La situazione \u00e8 questa: il carrarino, nono nella Race con 3685 punti, deve sorpassare Felix Auger-Aliassime, a quota 3845, per entrare nelle Finals, non semplicemente da riserva. Mentre il canadese si \u00e8 fermato per preservare il fisico, rinunciando al concomitante 250 di Metz, Musetti ha chiesto una wild card ad Atene in modo da giocarsi le ultime chance.\u00a0<\/p>\n<p><a class=\"is-partner-link\" href=\"https:\/\/abbonamenti.gazzetta.it\/promo-sinner-parigi\/?pwcmp=promo_sinner_primo_CTA&amp;forceBrowser=true\" rel=\"nofollow noopener\" target=\"_blank\">Festeggia il ritorno al primo posto della classifica ATP di Jannik con l\u2019abbonamento G+ a soli 0,99\u20ac\/mese!<\/a><\/p>\n<p>    calcoli\u2014 \u00a0<\/p>\n<p class=\"paragraph is-inline\" spellcheck=\"true\">I tornei della fascia pi\u00f9 bassa del tour maggiore mettono in palio 250 punti per il vincitore e 165 per il finalista. Sommando i 3685 punti gi\u00e0 in tasca ai 165 della finale, Lorenzo arriverebbe virtualmente a 3850 punti, 5 in pi\u00f9 di Auger-Aliassime. Ma il ranking Atp _ sia quello ufficiale delle ultime 52 settimane, sia la Race che tiene conto dei risultati dell\u2019anno solare _ non si compone per accumulo: vengono conteggiati 19 tornei, secondo criteri precisi. Nel \u201cbreakdown\u201d di Musetti figura uno zero in corrispondenza del Queen\u2019s, l\u2019appuntamento londinese pre-Wimbledon a cui ha rinunciato per recuperare dall\u2019infortunio rimediato nella semifinale del Roland Garros contro Alcaraz. Il motivo? L\u2019Atp assegna una penalit\u00e0 di zero punti nel ranking ai giocatori che si ritirano da un torneo 500. In teoria, \u00e8 possibile sostituire quello zero partecipando a un 500 aggiuntivo, successivo a quello saltato, per un totale di cinque tornei 500 giocati nell\u2019anno solare. Nel caso di Musetti, il 2025 lo ha visto partecipare a tre 500 (Washington, Pechino e Vienna), oltre al Masters di Montecarlo che si pu\u00f2 conteggiare tra i 500 ai fini del \u201ccommitment\u201d. Gliene manca uno. Per questo nella sua classifica \u00e8 rimasto lo zero del Queen\u2019s. Ci\u00f2 significa che, per progredire nel ranking, e quindi per inserire il bottino di Atene, deve scartare qualcos\u2019altro, ossia i 10 punti del 1000 di Parigi. Ecco la ragione per cui non gli bastano i 165 punti della finale: 3685+165-10 uguale 3840, appena 5 lunghezze dietro Auger-Aliassime. A Lorenzo servono i 250 punti della vittoria, con cui balzerebbe a quota 3925.<\/p>\n<p class=\"is-copyright\">\u00a9 RIPRODUZIONE RISERVATA<\/p>\n","protected":false},"excerpt":{"rendered":"Raggiungendo l\u2019ultimo atto ad Atene, Lorenzo ha quasi raggiunto Auger-Aliassime. L\u2019avrebbe gi\u00e0 sorpassato se non avesse dovuto scartare&hellip;\n","protected":false},"author":3,"featured_media":205113,"comment_status":"","ping_status":"","sticky":false,"template":"","format":"standard","meta":{"footnotes":""},"categories":[1457],"tags":[3432,32,31998,7919,37521,37522,1932,26568,1426,18576,1537,90,89,3417,122467,122468,3419,1289,1292,122469,12055,1918,122470,122471,9609,12715,85010,3420,117492,6063,9898,245,244,1273,1995,7778],"class_list":{"0":"post-205112","1":"post","2":"type-post","3":"status-publish","4":"format-standard","5":"has-post-thumbnail","7":"category-tennis","8":"tag-aliassime","9":"tag-andare","10":"tag-atene","11":"tag-atp","12":"tag-auger","13":"tag-auger-aliassime","14":"tag-classifica","15":"tag-djokovic","16":"tag-finale","17":"tag-finals","18":"tag-it","19":"tag-italia","20":"tag-italy","21":"tag-lorenzo","22":"tag-maledetti","23":"tag-maledetti-punti","24":"tag-musetti","25":"tag-parigi","26":"tag-punti","27":"tag-punti-parigi","28":"tag-queen","29":"tag-quei","30":"tag-quei-maledetti","31":"tag-quei-maledetti-punti","32":"tag-quota","33":"tag-race","34":"tag-raggiungendo","35":"tag-ranking","36":"tag-scartare","37":"tag-solare","38":"tag-speriamo","39":"tag-sport","40":"tag-sports","41":"tag-tennis","42":"tag-tornei","43":"tag-zero"},"share_on_mastodon":{"url":"https:\/\/pubeurope.com\/@it\/115513759091676787","error":""},"_links":{"self":[{"href":"https:\/\/www.europesays.com\/it\/wp-json\/wp\/v2\/posts\/205112","targetHints":{"allow":["GET"]}}],"collection":[{"href":"https:\/\/www.europesays.com\/it\/wp-json\/wp\/v2\/posts"}],"about":[{"href":"https:\/\/www.europesays.com\/it\/wp-json\/wp\/v2\/types\/post"}],"author":[{"embeddable":true,"href":"https:\/\/www.europesays.com\/it\/wp-json\/wp\/v2\/users\/3"}],"replies":[{"embeddable":true,"href":"https:\/\/www.europesays.com\/it\/wp-json\/wp\/v2\/comments?post=205112"}],"version-history":[{"count":0,"href":"https:\/\/www.europesays.com\/it\/wp-json\/wp\/v2\/posts\/205112\/revisions"}],"wp:featuredmedia":[{"embeddable":true,"href":"https:\/\/www.europesays.com\/it\/wp-json\/wp\/v2\/media\/205113"}],"wp:attachment":[{"href":"https:\/\/www.europesays.com\/it\/wp-json\/wp\/v2\/media?parent=205112"}],"wp:term":[{"taxonomy":"category","embeddable":true,"href":"https:\/\/www.europesays.com\/it\/wp-json\/wp\/v2\/categories?post=205112"},{"taxonomy":"post_tag","embeddable":true,"href":"https:\/\/www.europesays.com\/it\/wp-json\/wp\/v2\/tags?post=205112"}],"curies":[{"name":"wp","href":"https:\/\/api.w.org\/{rel}","templated":true}]}}