{"id":205150,"date":"2025-11-08T11:42:11","date_gmt":"2025-11-08T11:42:11","guid":{"rendered":"https:\/\/www.europesays.com\/it\/205150\/"},"modified":"2025-11-08T11:42:11","modified_gmt":"2025-11-08T11:42:11","slug":"amanda-sandrelli-e-eliana-michelazzi-sul-prati-gate","status":"publish","type":"post","link":"https:\/\/www.europesays.com\/it\/205150\/","title":{"rendered":"Amanda Sandrelli e Eliana Michelazzi sul &#8220;Prati-gate&#8221;"},"content":{"rendered":"<p>Verissimo va in onda <strong>sabato 8 novembre<\/strong> con un nuovo appuntamento, condotto, come sempre, da <strong>Silvia Toffanin<\/strong>. Ospite attenta e pronta a cogliere le pieghe pi\u00f9 intime dei suoi intervistati, Toffanin accoglie nel suo studio alcune personalit\u00e0 del mondo dello spettacolo pronte a mettersi in gioco. <strong>Amanda Sandrelli<\/strong>, <strong>Eliana Michelazzo<\/strong>, <strong>Raffaella Fico<\/strong>\u2026 e molti altri. Tutti gli ospiti e le anticipazioni della nuova puntata.\n<\/p>\n<p>Verissimo, le anticipazioni dell\u20198 novembre: gli ospiti<\/p>\n<p>Piatto ricco a Verissimo nella puntata di sabato 8 novembre. Ospiti d\u2019eccezione e attesissimi per gli spettatori in studio e a casa. <a href=\"https:\/\/dilei.it\/star-e-vip\/silvia-toffanin\/\" rel=\"nofollow noopener\" target=\"_blank\">Silvia Toffanin<\/a> \u00e8 infatti pronta ad accogliere l\u2019attrice <a href=\"https:\/\/dilei.it\/vip\/gino-paoli-figli-vita-privata\/1626245\/\" rel=\"nofollow noopener\" target=\"_blank\">Amanda Sandrelli<\/a>. Figlia di Gino Paoli e Stefania Sandrelli, si \u00e8 pi\u00f9 volta raccontata tra gioie e dolori nel salotto di Canale 5. Questa volta \u00e8 pronta ad offrire un\u2019intervista ritratto che non dimenticheremo.<\/p>\n<p>Dopo il <strong>debutto nel 1984<\/strong>,\u00a0accanto alla madre Stefania nel film L\u2019attenzione, la <strong>vera consacrazione al grande pubblico<\/strong> avvenne in Non ci resta che piangere al fianco di Massimo Troisi e Roberto Benigni. Iconico e indimenticabile il duetto con il padre nella canzone La Bella e la Bestia. Amanda \u00e8 pronta a svelare i momenti pi\u00f9 significativi della sua carriera, ma non eviter\u00e0 certo di parlare della propria <strong>vita privata<\/strong>. Oggi infatti, dopo le relazioni passate, Amanda ha ritrovato l\u2019amore: dal 2018 \u00e8 legata a Paolo Giovannucci, attore e suo primo fidanzato da ragazzina. Una vita segnata anche da momenti dolorosi, come la<a href=\"https:\/\/dilei.it\/vip\/amanda-sandrelli-ricordo-fratello-giovanni-paoli\/1626500\/\" rel=\"nofollow noopener\" target=\"_blank\">\u00a0perdita del fratello<\/a>.<\/p>\n<p>Eliana Michelazzo sul \u201cPrati-gate\u201d e Raffaella Fico<\/p>\n<p>Torna su Canale 5, nello studio di Verissimo, il <strong>caso denominato \u201cPrati-gate\u201d<\/strong>, scoppiato nel 2019, a\u00a0 seguito della fantomatica storia tra <a href=\"https:\/\/dilei.it\/star-e-vip\/pamela-prati\/\" rel=\"nofollow noopener\" target=\"_blank\">Pamela Prati<\/a> e Mark Caltagirone. A parlarne con Silvia Toffanin c\u2019\u00e8 <a href=\"https:\/\/dilei.it\/star-e-vip\/eliana-michelazzo\/\" rel=\"nofollow noopener\" target=\"_blank\">Eliana Michelazzo<\/a>, finita alla ribalta della cronaca dopo accuse e procedimenti per truffa, in seguito ai quali la sua vita \u00e8 totalmente cambiata. La donna ha infatti iniziato <strong>una nuova vita trasferendosi a Ibiza<\/strong>.<\/p>\n<p>Un nuovo inizio, lontano dai riflettori. Nel talk del pomeriggio del sabato Mediaset \u00e8 pronta a raccontare gli ultimi anni, intensi e difficili.\u00a0<strong>L\u2019ex agente di Pamela Prati<\/strong>, dopo una lunga vicenda giudiziaria, \u00e8 stata recentemente assolta dall\u2019accusa di coinvolgimento di un minore nel noto caso del \u201cPrati-gate\u201d.<\/p>\n<p>Inoltre, in studio, \u00e8 pronta a parlare di \u201cun nuovo capitolo di vita\u201d <a href=\"https:\/\/dilei.it\/star-e-vip\/raffaella-fico\/\" rel=\"nofollow noopener\" target=\"_blank\">Raffaella Fico<\/a>, in un\u2019intervista ricca di emozioni che promette sorprese. Nelle scorse settimane, infatti, sono circolate alcune indiscrezioni su una sua <a href=\"https:\/\/dilei.it\/vip\/raffaella-fico-incinta-armando-izzo-gossip\/1906044\/\" rel=\"nofollow noopener\" target=\"_blank\">presunta gravidanza<\/a>\u2026 Che sia pronta al grande annuncio? Presente anche Filomena Mastromarino (Malena) pronta a parlare del proprio percorso degli ultimi tempi e <a href=\"https:\/\/dilei.it\/star-e-vip\/patrizia-pellegrino\/\" rel=\"nofollow noopener\" target=\"_blank\">Patrizia Pellegrino<\/a> con le tante prove superate. Infine, ospite del talk anche <strong>Burak Tozkoparan<\/strong>, l\u2019attore turco che nella serie di Canale 5 La notte nel cuore interpreta Cihan.<\/p>\n<p>Quando e dove vedere Verissimo<\/p>\n<p>Sabato 8 novembre va dunque in onda una nuova imperdibile puntata di Verissimo. Silvia Toffanin condurr\u00e0 le sue intervista come sempre <strong>su Canale 5, dalle 16:30<\/strong>.\u00a0Il programma \u00e8 inoltre trasmesso in contemporanea su\u00a0<strong>Mediaset Infinity<\/strong>. Sempre sulla piattaforma Mediaset \u00e8 possibile rivedere i momenti salienti in qualunque momento nei giorni successivi alla messa in onda. Anche sui social lo show pu\u00f2 essere goduto attraverso gli highlights\u00a0delle interviste. Insomma, in qualsivoglia modo vogliate, Verissimo \u00e8 disponibile e pronto ad essere guardato (e commentato).<\/p>\n<p>Resta sempre aggiornata:\u00a0<a href=\"https:\/\/www.whatsapp.com\/channel\/0029Vb68mVyHVvTWezDm7d0R\" target=\"_blank\" rel=\"noopener nofollow\" data-doctype=\"\">iscriviti al nostro canale WhatsApp<\/a>!<\/p>\n","protected":false},"excerpt":{"rendered":"Verissimo va in onda sabato 8 novembre con un nuovo appuntamento, condotto, come sempre, da Silvia Toffanin. Ospite&hellip;\n","protected":false},"author":3,"featured_media":205151,"comment_status":"","ping_status":"","sticky":false,"template":"","format":"standard","meta":{"footnotes":""},"categories":[1444],"tags":[122492,203,204,1537,90,89,37954,22838,214,253,22839],"class_list":{"0":"post-205150","1":"post","2":"type-post","3":"status-publish","4":"format-standard","5":"has-post-thumbnail","7":"category-tv","8":"tag-amanda-sandrelli","9":"tag-entertainment","10":"tag-intrattenimento","11":"tag-it","12":"tag-italia","13":"tag-italy","14":"tag-raffaella-fico","15":"tag-silvia-toffanin","16":"tag-spettacolo","17":"tag-tv","18":"tag-verissimo"},"share_on_mastodon":{"url":"https:\/\/pubeurope.com\/@it\/115513900763188273","error":""},"_links":{"self":[{"href":"https:\/\/www.europesays.com\/it\/wp-json\/wp\/v2\/posts\/205150","targetHints":{"allow":["GET"]}}],"collection":[{"href":"https:\/\/www.europesays.com\/it\/wp-json\/wp\/v2\/posts"}],"about":[{"href":"https:\/\/www.europesays.com\/it\/wp-json\/wp\/v2\/types\/post"}],"author":[{"embeddable":true,"href":"https:\/\/www.europesays.com\/it\/wp-json\/wp\/v2\/users\/3"}],"replies":[{"embeddable":true,"href":"https:\/\/www.europesays.com\/it\/wp-json\/wp\/v2\/comments?post=205150"}],"version-history":[{"count":0,"href":"https:\/\/www.europesays.com\/it\/wp-json\/wp\/v2\/posts\/205150\/revisions"}],"wp:featuredmedia":[{"embeddable":true,"href":"https:\/\/www.europesays.com\/it\/wp-json\/wp\/v2\/media\/205151"}],"wp:attachment":[{"href":"https:\/\/www.europesays.com\/it\/wp-json\/wp\/v2\/media?parent=205150"}],"wp:term":[{"taxonomy":"category","embeddable":true,"href":"https:\/\/www.europesays.com\/it\/wp-json\/wp\/v2\/categories?post=205150"},{"taxonomy":"post_tag","embeddable":true,"href":"https:\/\/www.europesays.com\/it\/wp-json\/wp\/v2\/tags?post=205150"}],"curies":[{"name":"wp","href":"https:\/\/api.w.org\/{rel}","templated":true}]}}