{"id":205234,"date":"2025-11-08T12:53:09","date_gmt":"2025-11-08T12:53:09","guid":{"rendered":"https:\/\/www.europesays.com\/it\/205234\/"},"modified":"2025-11-08T12:53:09","modified_gmt":"2025-11-08T12:53:09","slug":"capitano-leader-e-icona-i-100-caps-di-siya-kolisi","status":"publish","type":"post","link":"https:\/\/www.europesays.com\/it\/205234\/","title":{"rendered":"Capitano, leader e icona: i 100 caps di Siya Kolisi"},"content":{"rendered":"<p>Dalla township di Zwide al tetto del mondo con gli Springboks, il flanker sudafricano celebra un grande traguardo<\/p>\n<p>\t\t\t\t\t\t<img fetchpriority=\"high\" decoding=\"async\" aria-describedby=\"caption-attachment-180782\" class=\"size-full wp-image-180782\" src=\"https:\/\/www.europesays.com\/it\/wp-content\/uploads\/2025\/11\/siya-kolisi-sudafrica-e1566827389493.jpg\" alt=\"\" width=\"850\" height=\"567\"\/><\/p>\n<p id=\"caption-attachment-180782\" class=\"wp-caption-text\">Capitano, leader e icona: i 100 caps di Siya Kolisi ph. Reuters<\/p>\n<p>In occasione di Francia-Sudafrica, una delle figure pi\u00f9 emblematiche del rugby mondiale si prepara a scrivere un\u2019altra pagina di storia. Siya Kolisi, leader e capitano degli Springboks, raggiunger\u00e0 l\u2019atteso traguardo delle 100 presenze in nazionale: un conseguimento personale che va ben oltre i numeri.<\/p>\n<p>Cresciuto a Zwide, una cittadina a circa 15 km da Gqeberha, Kolisi \u00e8 passato dal superare avversit\u00e0 personali alla guida di una squadra che incarna l\u2019identit\u00e0 e le speranze di un\u2019intera nazione.<\/p>\n<p>La sua ascesa non \u00e8 solo sportiva: \u00e8 un simbolo di trasformazione, perseveranza e successo. Da primo capitano nero nella storia dei Boks, alla conquista di due Coppe del Mondo, Kolisi ha contribuito a rendere gli Springboks ancora pi\u00f9 conosciuti a livello globale.<\/p>\n<p>Dalla township al tetto del mondo<\/p>\n<p>Kolisi ha ottenuto il suo primo contratto professionistico con Western Province nel 2010, un giusto riconoscimento alla passione per la palla ovale che rappresentava un modo per sfuggire a un contesto di povert\u00e0. Il debutto con i Boks arriva nel 2013, quando entra come sostituto di Arno Botha contro la Scozia a Nelspruit. Nel 2018 il primo passaggio decisivo: diventa capitano degli Springboks, aprendo una nuova era per il rugby sudafricano.<\/p>\n<p>Da quel momento, Siya Kolisi \u00e8 diventato il volto di una squadra che ha vinto le Coppe del Mondo del 2019 e del 2023, ma che ha saputo anche mantenere il primato internazionale a suon di grandi prestazioni. Il suo ruolo nello scacchiere tattico \u00e8 sempre stato centrale anche e soprattutto grazie alle indubbie qualit\u00e0 tecniche. Oltre al carisma indiscusso, Kolisi \u00e8 capace di portare un contributo unico in termini di fisicit\u00e0, presenza nei breakdown e placcaggi: una vera terza linea a 360\u00b0.<\/p>\n<p><strong>Leggi anche:<\/strong>\u00a0<a href=\"https:\/\/www.onrugby.it\/2025\/11\/05\/dove-e-quando-si-vede-francia-sudafrica-in-diretta-tv-e-streaming\/\" target=\"_blank\" rel=\"noopener nofollow\">Dove e quando si vede Francia-Sudafrica in diretta tv e streaming<\/a><\/p>\n<p>La leadership e l\u2019impatto fuori dal rettangolo di gioco<\/p>\n<p>I 100 caps non sono solo un segno di longevit\u00e0, rappresentano anche la capacit\u00e0 di guidare una squadra attraverso le vittorie prestigiose e le sfide punto a punto. Tra il 2018 e il 2025, gli Springboks hanno giocato 88 test, vincendone il 72 % circa; Kolisi \u00e8 stato protagonista in 28 dei 30 trionfi pi\u00f9 significativi.<\/p>\n<p>\u201cOgni giorno devo comportarmi in un modo che mi ricordi che devo impegnarmi sempre, perch\u00e9 anche gli altri stanno guardando e spero di poter essere quel piccolo barlume di speranza per loro\u201d, ha dichiarato Kolisi, incarnando la prospettiva che lo sport possa essere sempre di pi\u00f9 un veicolo di valori universali. A Yokohama, in occasione della prima vittoria mondiale nel 2019, Kolisi parl\u00f2 di cosa significasse il trofeo per la squadra e per il Sudafrica, un Paese ancora complicato e travagliato sul piano sociale.<\/p>\n<p>La sua carriera per\u00f2 non sempre \u00e8 stata piena di momenti memorabili, anzi. In tanti, spesso, ne hanno messo in discussione le qualit\u00e0, ipotizzando che il ruolo di capitano degli Springboks fosse sostanzialmente una nomina politica: Kolisi ha sempre smentito i detrattori con le prestazioni sul campo.<\/p>\n<p>Il passaggio in Francia al Racing 92 non ha avuto il successo che tutti speravano, ma ancora una volta il flanker degli Sharks si \u00e8 rimesso in gioco lavorando duro e conquistando un posto all\u2019interno di una squadra che trabocca di talento.<\/p>\n<p>L\u2019ex capitano del Sudafrica alla RWC 1995, Francois Pieenar ha dichiarato che \u201cSiya \u00e8 il migliore, il suo curriculum parla per lui\u201d. Parole a cui fanno eco quelle di un altro grande skipper, John Smit, che ha ribadito il concetto:\u201d\u00c8 abbastanza semplice, tanti trofei, i successi nel Rugby Championship, una vittoria nella serie dei British &amp; Irish Lions, una percentuale di vittorie tra le prime 10 come capitano, due Coppe del Mondo consecutive e quasi 100 test. Chiunque continui a discutere \u00e8 uno sciocco\u201d.<\/p>\n<p>Il tributo di Eben Etzebeth<\/p>\n<blockquote class=\"instagram-media\" style=\"background: #FFF; border: 0; border-radius: 3px; box-shadow: 0 0 1px 0 rgba(0,0,0,0.5),0 1px 10px 0 rgba(0,0,0,0.15); margin: 1px; max-width: 540px; min-width: 326px; padding: 0; width: calc(100% - 2px);\" data-instgrm-captioned=\"\" data-instgrm-permalink=\"https:\/\/www.instagram.com\/p\/DQxB_e5iLpo\/?utm_source=ig_embed&amp;utm_campaign=loading\" data-instgrm-version=\"14\">\n<\/blockquote>\n<p>onrugby.it \u00a9 riproduzione riservata<\/p>\n<p>Cari Lettori,<\/p>\n<p>OnRugby, da oltre 10 anni, Vi offre gratuitamente un\u2019informazione puntuale e quotidiana sul<br \/>\n\t\t\t\t\t\t\t\tmondo della palla ovale. <b>Il nostro lavoro ha un costo che viene ripagato dalla pubblicit\u00e0, in particolare quella personalizzata.<\/b><\/p>\n<p>Quando Vi viene proposta l\u2019informativa sul rilascio di cookie o tecnologie simili, Vi chiediamo di sostenerci dando il Vostro consenso.<\/p>\n<p>\t\t\t\t\t<script async src=\"\/\/www.instagram.com\/embed.js\"><\/script><\/p>\n","protected":false},"excerpt":{"rendered":"Dalla township di Zwide al tetto del mondo con gli Springboks, il flanker sudafricano celebra un grande traguardo&hellip;\n","protected":false},"author":3,"featured_media":205235,"comment_status":"","ping_status":"","sticky":false,"template":"","format":"standard","meta":{"footnotes":""},"categories":[1458],"tags":[1537,90,89,1840,245,244],"class_list":{"0":"post-205234","1":"post","2":"type-post","3":"status-publish","4":"format-standard","5":"has-post-thumbnail","7":"category-rugby","8":"tag-it","9":"tag-italia","10":"tag-italy","11":"tag-rugby","12":"tag-sport","13":"tag-sports"},"share_on_mastodon":{"url":"https:\/\/pubeurope.com\/@it\/115514180165586296","error":""},"_links":{"self":[{"href":"https:\/\/www.europesays.com\/it\/wp-json\/wp\/v2\/posts\/205234","targetHints":{"allow":["GET"]}}],"collection":[{"href":"https:\/\/www.europesays.com\/it\/wp-json\/wp\/v2\/posts"}],"about":[{"href":"https:\/\/www.europesays.com\/it\/wp-json\/wp\/v2\/types\/post"}],"author":[{"embeddable":true,"href":"https:\/\/www.europesays.com\/it\/wp-json\/wp\/v2\/users\/3"}],"replies":[{"embeddable":true,"href":"https:\/\/www.europesays.com\/it\/wp-json\/wp\/v2\/comments?post=205234"}],"version-history":[{"count":0,"href":"https:\/\/www.europesays.com\/it\/wp-json\/wp\/v2\/posts\/205234\/revisions"}],"wp:featuredmedia":[{"embeddable":true,"href":"https:\/\/www.europesays.com\/it\/wp-json\/wp\/v2\/media\/205235"}],"wp:attachment":[{"href":"https:\/\/www.europesays.com\/it\/wp-json\/wp\/v2\/media?parent=205234"}],"wp:term":[{"taxonomy":"category","embeddable":true,"href":"https:\/\/www.europesays.com\/it\/wp-json\/wp\/v2\/categories?post=205234"},{"taxonomy":"post_tag","embeddable":true,"href":"https:\/\/www.europesays.com\/it\/wp-json\/wp\/v2\/tags?post=205234"}],"curies":[{"name":"wp","href":"https:\/\/api.w.org\/{rel}","templated":true}]}}