{"id":205421,"date":"2025-11-08T15:23:16","date_gmt":"2025-11-08T15:23:16","guid":{"rendered":"https:\/\/www.europesays.com\/it\/205421\/"},"modified":"2025-11-08T15:23:16","modified_gmt":"2025-11-08T15:23:16","slug":"trapianto-cornea-artificiale-primo-intervento-veneto-al-san-bortolo","status":"publish","type":"post","link":"https:\/\/www.europesays.com\/it\/205421\/","title":{"rendered":"Trapianto cornea artificiale. Primo intervento veneto al San Bortolo"},"content":{"rendered":"\n<p>Vicenza<\/p>\n<p>Il paziente, vicino alla cecit\u00e0, era stato sottoposto a 38 interventi in altri ospedali ma sempre con risultati mediocri<\/p>\n<p>    &#13;<br \/>\n    &#13;<br \/>\n                 &#13;<br \/>\n  &#13;<\/p>\n<p>        <img loading=\"lazy\" decoding=\"async\" src=\"https:\/\/www.europesays.com\/it\/wp-content\/uploads\/2025\/11\/Il dottor Viola %28terzo a sinistra in alto%29 insieme allo staff. L%E2%80%99intervento eseguito all.jpeg\" data-format=\"16x9\" alt=\"Il dottor Viola (terzo a sinistra in alto) insieme allo staff. L\u2019intervento eseguito all'ospedale di Vicenza \u00e8 stato il primo in Veneto\" width=\"750\" height=\"421\"\/><br \/>\n      &#13;<\/p>\n<p>&#13;<br \/>\n      Il dottor Viola (terzo a sinistra in alto) insieme allo staff. L\u2019intervento eseguito all&#8217;ospedale di Vicenza \u00e8 stato il primo in Veneto&#13;\n          <\/p>\n<p>    &#13;<br \/>\n    &#13;<br \/>\n                 &#13;<br \/>\n  &#13;<\/p>\n<p>        <img loading=\"lazy\" decoding=\"async\" src=\"https:\/\/www.europesays.com\/it\/wp-content\/uploads\/2025\/11\/Il dottor Viola %28terzo a sinistra in alto%29 insieme allo staff. L%E2%80%99intervento eseguito all.jpeg\" data-format=\"16x9\" alt=\"Il dottor Viola (terzo a sinistra in alto) insieme allo staff. L\u2019intervento eseguito all'ospedale di Vicenza \u00e8 stato il primo in Veneto\" width=\"750\" height=\"421\"\/><br \/>\n      &#13;<\/p>\n<p>&#13;<br \/>\n      Il dottor Viola (terzo a sinistra in alto) insieme allo staff. L\u2019intervento eseguito all&#8217;ospedale di Vicenza \u00e8 stato il primo in Veneto&#13;\n          <\/p>\n<p><strong>Al San Bortolo il primo trapianto di cornea artificiale<\/strong> del Veneto. Lo ha eseguito con successo<strong> il dottor Pietro Viola<\/strong>, responsabile dell\u2019ambulatorio per le patologie corneali del reparto di oculistica diretto dal primario Roberto Cian, <strong>su un paziente di 65 anni di Genova<\/strong>. Era sull\u2019orlo della cecit\u00e0 e ora \u00e8 tornato a vedere.<\/p>\n<p>Primo trapianto di cornea artificiale in Veneto al San Bortolo<\/p>\n<p><strong>L\u2019uomo, nato con glaucoma congenito, era reduce da 38 operazioni oculistiche<\/strong>, soprattutto in Inghilterra e Francia, sull\u2019unico occhio rimasto, ma con risultati mediocri. Ci vedeva pochissimo, come immerso in una cortina lattiginosa. In un occhio cos\u00ec usurato in cui i tessuti sono troppo fragili le cellule non attecchiscono pi\u00f9.\u00a0<\/p>\n<p>Un paziente al limite della cecit\u00e0<\/p>\n<p><strong>L\u2019ultima speranza era la cornea artificiale.<\/strong> Sul mercato medico \u00e8 apparso, dopo la fase di sperimentazione, questo device innovativo che si chiama \u201cEndoArt\u201d, e che uno specialista come Viola, ancora giovane, 45 anni, ma gi\u00e0 una vasta esperienza, una casistica di 100 interventi l\u2019anno, ha subito adottato.<\/p>\n<p><strong>Al posto del tessuto da donatore umano una membrana sintetica <\/strong>sterile, biocompatibile, impermeabile, pressoch\u00e9 simile a una lente a contatto che supera l\u2019insufficienza cellulare, riduce edema e dolore, ripristina la visione. <strong>Si appoggia in un quarto d\u2019ora sul retro della cornea opaca, \u00e8 sicura, non invasiva, favorisce tempi di recupero pi\u00f9 rapidi<\/strong>, non ha bisogno di farmaci a lungo termine, evita il pericolo di rigetto anche negli occhi ad alto rischio in cui i precedenti trapianti siano falliti, e non si consuma. Una metodica chirurgica che segna una svolta epocale in campo oftalmogico con cui l\u2019oculistica dell\u2019ospedale di Vicenza guidata da Cian entra nello sparuto gruppo dei reparti di eccellenza.<\/p>\n<p>Il dispositivo innovativo: EndoArt<\/p>\n<p>Finora, infatti, <strong>in tutto il mondo sono stati effettuati solo 700 interventi del gener<\/strong>e, e <strong>in Italia appena una ventina<\/strong>, fra Bologna, Roma, Cagliari, altri centri-top nazionali. E fra i 700 casi operati, il paziente trapiantato a Vicenza, <strong>secondo l\u2019azienda israeliana che ha sviluppato l\u2019impianto, \u00e8 stato, per l\u2019incredibile numero di interventi pregressi, il pi\u00f9 complicato<\/strong>.<\/p>\n<p>\u00abL\u2019intervento, di per s\u00e9, non \u00e8 molto impegnativo &#8211; spiega Viola -. La tecnica chirurgica \u00e8 pressoch\u00e9 sovrapponibile a quella che si usa per il trapianto lamellare da donatore. Si fa una piccola incisione come per una normale cataratta, e si spinge il dispositivo per farlo aderire perfettamente con la sola differenza che si inserisce non davanti ma sulla parte posteriore della superficie corneale\u00bb.<\/p>\n<p>Il ruolo del dottor Pietro Viola<\/p>\n<p>Per il dottor Viola, carriera finora percorsa tutta al San Bortolo dove ha iniziato a lavorare nel 2012, esattamente un anno dopo l\u2019arrivo del primario Cian che ne ha scoperto le doti, un nuovo traguardo. \u00c8 stato lui, pioniere in Italia, a introdurre a Vicenza dalla Francia dall\u2019ospedale Charles Nicolle di Rouen, ma poi modificandola e perfezionandola, la tecnica Dmek. In pratica si sostituiscono solo le cellule malate, per cui si utilizza una porzione ridottissima del tessuto da trapiantare. Il primo di questi interventi nel 2014, e oggi un bilancio di assoluto rilievo. \u00abAl San Bortolo &#8211; dice &#8211; ho avuto la fortuna di trovare nel dottor Cian un primario che mi ha lasciato tutto lo spazio per progredire sul piano professionale\u00bb. E per volare verso mete sempre pi\u00f9 alte.\u00a0<\/p>\n<p>Il futuro dell\u2019oculistica al San Bortolo<\/p>\n<p>Con quest\u2019ultimo intervento<strong> Vicenza si conferma scuola oculistica al passo con i tempi<\/strong> e aggiunge al suo palmares, fra i primi ospedali su scala nazionale, <strong>una tecnica che consente a pazienti fra i pi\u00f9 difficili di tornare a vedere<\/strong> <strong>senza dover attendere la donazione di una cornea umana<\/strong>.<br \/>&#13;<br \/>\n\u00abIl merito &#8211; dice il primario Roberto Cian &#8211; \u00e8 di tutto lo staff. Ora l\u2019obiettivo \u00e8 di avere linee diagnostiche dedicate per la retina, la cornea, la cataratta, il glaucoma, ma anche di aprirci a nuove frontiere come la maculopatia secca, l\u2019occhio secco, utilizzando strumenti di ultima generazione\u00bb.<\/p>\n<p>Il nuovo maxi-reparto<\/p>\n<p>E questo in vista di entrare,<strong> entro met\u00e0 del 2026, al secondo piano del San Bortolo 2, in un maxi-reparto avveniristico che avr\u00e0 11 ambulatori <\/strong>dotati di poltrone-letti tecnici post trattamento chirurgico e 3 sale operatorie per un\u2019attivit\u00e0 che oggi registra 4 mila 300 cataratte, 100 trapianti di cornea, 4 mila iniezioni intravitreali, 10 mila prime visite, 60 mila prestazioni, e una domanda ambulatoriale giornaliera di centinaia di pazienti.<\/p>\n","protected":false},"excerpt":{"rendered":"Vicenza Il paziente, vicino alla cecit\u00e0, era stato sottoposto a 38 interventi in altri ospedali ma sempre con&hellip;\n","protected":false},"author":3,"featured_media":205422,"comment_status":"","ping_status":"","sticky":false,"template":"","format":"standard","meta":{"footnotes":""},"categories":[175],"tags":[239,1537,90,89,240],"class_list":{"0":"post-205421","1":"post","2":"type-post","3":"status-publish","4":"format-standard","5":"has-post-thumbnail","7":"category-salute","8":"tag-health","9":"tag-it","10":"tag-italia","11":"tag-italy","12":"tag-salute"},"share_on_mastodon":{"url":"https:\/\/pubeurope.com\/@it\/115514769866464735","error":""},"_links":{"self":[{"href":"https:\/\/www.europesays.com\/it\/wp-json\/wp\/v2\/posts\/205421","targetHints":{"allow":["GET"]}}],"collection":[{"href":"https:\/\/www.europesays.com\/it\/wp-json\/wp\/v2\/posts"}],"about":[{"href":"https:\/\/www.europesays.com\/it\/wp-json\/wp\/v2\/types\/post"}],"author":[{"embeddable":true,"href":"https:\/\/www.europesays.com\/it\/wp-json\/wp\/v2\/users\/3"}],"replies":[{"embeddable":true,"href":"https:\/\/www.europesays.com\/it\/wp-json\/wp\/v2\/comments?post=205421"}],"version-history":[{"count":0,"href":"https:\/\/www.europesays.com\/it\/wp-json\/wp\/v2\/posts\/205421\/revisions"}],"wp:featuredmedia":[{"embeddable":true,"href":"https:\/\/www.europesays.com\/it\/wp-json\/wp\/v2\/media\/205422"}],"wp:attachment":[{"href":"https:\/\/www.europesays.com\/it\/wp-json\/wp\/v2\/media?parent=205421"}],"wp:term":[{"taxonomy":"category","embeddable":true,"href":"https:\/\/www.europesays.com\/it\/wp-json\/wp\/v2\/categories?post=205421"},{"taxonomy":"post_tag","embeddable":true,"href":"https:\/\/www.europesays.com\/it\/wp-json\/wp\/v2\/tags?post=205421"}],"curies":[{"name":"wp","href":"https:\/\/api.w.org\/{rel}","templated":true}]}}