{"id":205615,"date":"2025-11-08T18:01:20","date_gmt":"2025-11-08T18:01:20","guid":{"rendered":"https:\/\/www.europesays.com\/it\/205615\/"},"modified":"2025-11-08T18:01:20","modified_gmt":"2025-11-08T18:01:20","slug":"ho-pensato-di-lasciarmi-andare","status":"publish","type":"post","link":"https:\/\/www.europesays.com\/it\/205615\/","title":{"rendered":"Ho pensato di lasciarmi andare"},"content":{"rendered":"<p><strong>Peppe Quintale<\/strong> \u00e8 uno dei protagonisti del salotto di <strong>Ciao Maschio<\/strong>, il talk show condotto da Nunzia De Girolamo. La puntata in onda sabato 8 novembre, nel pomeriggio di Rai 1, \u00e8 un\u2019occasione per raccontarsi, forse come mai prima. L\u2019ex volto de Le Iene fa delle rivelazioni molto delicate sulla sua vita privata, dal crollo professionale al pensiero del suicidio, fino al dramma della malattia del figlio.<\/p>\n<p>La solitudine del lockdown e il pensiero del suicidio<\/p>\n<p>Il racconto di Peppe Quintale a Ciao Maschio culmina in una frase molto forte: <strong>\u201cHo pensato di lasciarmi andare\u201d<\/strong>. Un\u2019affermazione che si riferisce a uno dei momenti pi\u00f9 bui affrontati dal conduttore che, nel periodo del lockdown, si \u00e8 trovato di fronte a un vero e proprio crollo emotivo. Come molti di noi, del resto.<\/p>\n<p>Per Quintale, per\u00f2, questo malessere si \u00e8 alimentato e ingigantito al punto da compiere il pensiero pi\u00f9 terribile. \u201cIl lockdown mi ha travolto. Avevo appena fatto l\u2019investimento pi\u00f9 grande della mia vita\u2026 poi tutto \u00e8 crollato. <strong>Una sera ero su un pizzo di collina, a 800 metri<\/strong>. Ho pensato: mi metto da una parte e mi addormento. \u00c8 stato brutto. Bruttissimo\u201d, racconta a Nunzia De Girolamo.<\/p>\n<p>La conduttrice gli chiede, senza troppi giri di parole: \u201cHai pensato al suicidio?\u201d. E lui, con voce tremante: \u201cS\u00ec. Ho pensato di lasciarmi andare. <strong>Ma poi ho pensato a mio figlio<\/strong>. Se continuo a parlarne, piango\u201d.<\/p>\n<p>Un disagio che ha abbracciato ogni aspetto della sua vita, non solo quello economico ma anche quello psicologico. Poi come un\u2019ombra si \u00e8 esteso alla sua salute. Come gi\u00e0 raccontato in altre occasioni, Peppe Quintale ha vissuto una <strong>relazione disfunzionale con il cibo<\/strong>, che ha descritto come un\u2019ossessione: \u201cMi sono ritrovato grasso senza accorgermene. In parte non me ne curavo, in parte fingevo di accettarmi. Ho capito che ero in pieno disturbo alimentare\u201d, aveva raccontato al Corriere della Sera la scorsa estate.<\/p>\n<p><strong>Di quei 126 kg ne ha persi ben 40<\/strong>, tutto grazie a una rigorosa disciplina fisica e alimentare che lo ha trasformato, riconquistando la voglia di vivere e abbattendo finalmente la depressione.<\/p>\n<p>La malattia del figlio Giacomo<\/p>\n<p>Prima ancora del Covid, c\u2019\u00e8 un momento che ha segnato profondamente la vita di Peppe Quintale. Prima di conoscere Nicoletta Biancardi, sua attuale compagna, ha avuto il figlio Giacomo che, purtroppo, in tenerissima et\u00e0 ha sviluppato una <strong>rara malattia agli occhi<\/strong>.<\/p>\n<p>\u201cQuando aveva 5 anni gli fu diagnosticato un <strong>retinoblastoma<\/strong>, un tumore all\u2019occhio \u2013 racconta a Ciao Maschio -. Abbiamo vissuto mesi terribili, poi per fortuna non era tumore, era una malattia rara. Mio figlio ha fatto 55 narcosi\u2026 e ogni volta che andavo ad accompagnarlo, vedevo bambini che non c\u2019erano pi\u00f9. <strong>Capisci che la vita \u00e8 un miracolo<\/strong>\u201c. Poi un episodio che lo ha colpito particolarmente: \u201cUna mamma mi abbracci\u00f2 dopo che avevo parlato in TV del retinoblastoma. Piangeva e mi disse: \u00e8 grazie a lei se mio figlio \u00e8 vivo\u201d.<\/p>\n<p>Il conduttore <strong>ha trasformato il suo dolore in un impegno concreto<\/strong>. \u00c8 stato presidente di ASROO (Associazione Scientifica Retinoblastoma e Oncologia Oculare), nata nel 2010 per iniziativa di medici e biologi del Centro di riferimento del Retinoblastoma, dell\u2019Unit\u00e0 di Oftalmologia e della Sezione di Biochimica del Dipartimento di Medicina Interna Scienze Endocrino Metaboliche e Biochimica di Siena.<\/p>\n<p class=\"p1\">Resta sempre aggiornata:\u00a0<a href=\"https:\/\/www.whatsapp.com\/channel\/0029Vb68mVyHVvTWezDm7d0R\" rel=\"nofollow noopener\" target=\"_blank\"><b>iscriviti al nostro canale WhatsApp!<\/b><\/a><\/p>\n","protected":false},"excerpt":{"rendered":"Peppe Quintale \u00e8 uno dei protagonisti del salotto di Ciao Maschio, il talk show condotto da Nunzia De&hellip;\n","protected":false},"author":3,"featured_media":205616,"comment_status":"","ping_status":"","sticky":false,"template":"","format":"standard","meta":{"footnotes":""},"categories":[1444],"tags":[2104,203,204,1537,90,89,60127,214,253],"class_list":{"0":"post-205615","1":"post","2":"type-post","3":"status-publish","4":"format-standard","5":"has-post-thumbnail","7":"category-tv","8":"tag-emozioni","9":"tag-entertainment","10":"tag-intrattenimento","11":"tag-it","12":"tag-italia","13":"tag-italy","14":"tag-nunzia-de-girolamo","15":"tag-spettacolo","16":"tag-tv"},"share_on_mastodon":{"url":"https:\/\/pubeurope.com\/@it\/115515390945232744","error":""},"_links":{"self":[{"href":"https:\/\/www.europesays.com\/it\/wp-json\/wp\/v2\/posts\/205615","targetHints":{"allow":["GET"]}}],"collection":[{"href":"https:\/\/www.europesays.com\/it\/wp-json\/wp\/v2\/posts"}],"about":[{"href":"https:\/\/www.europesays.com\/it\/wp-json\/wp\/v2\/types\/post"}],"author":[{"embeddable":true,"href":"https:\/\/www.europesays.com\/it\/wp-json\/wp\/v2\/users\/3"}],"replies":[{"embeddable":true,"href":"https:\/\/www.europesays.com\/it\/wp-json\/wp\/v2\/comments?post=205615"}],"version-history":[{"count":0,"href":"https:\/\/www.europesays.com\/it\/wp-json\/wp\/v2\/posts\/205615\/revisions"}],"wp:featuredmedia":[{"embeddable":true,"href":"https:\/\/www.europesays.com\/it\/wp-json\/wp\/v2\/media\/205616"}],"wp:attachment":[{"href":"https:\/\/www.europesays.com\/it\/wp-json\/wp\/v2\/media?parent=205615"}],"wp:term":[{"taxonomy":"category","embeddable":true,"href":"https:\/\/www.europesays.com\/it\/wp-json\/wp\/v2\/categories?post=205615"},{"taxonomy":"post_tag","embeddable":true,"href":"https:\/\/www.europesays.com\/it\/wp-json\/wp\/v2\/tags?post=205615"}],"curies":[{"name":"wp","href":"https:\/\/api.w.org\/{rel}","templated":true}]}}