{"id":205971,"date":"2025-11-08T23:09:17","date_gmt":"2025-11-08T23:09:17","guid":{"rendered":"https:\/\/www.europesays.com\/it\/205971\/"},"modified":"2025-11-08T23:09:17","modified_gmt":"2025-11-08T23:09:17","slug":"palasport-se-esselunga-si-ritira-ecco-chi-e-davvero-in-corsa-per-aprire-il-supermercato-primocanale-it","status":"publish","type":"post","link":"https:\/\/www.europesays.com\/it\/205971\/","title":{"rendered":"Palasport, se Esselunga si ritira ecco chi \u00e8 davvero in corsa per aprire il supermercato &#8211; Primocanale.it"},"content":{"rendered":"<p>\t\t\t\t\t\t<img loading=\"lazy\" decoding=\"async\" title=\"\" src=\"https:\/\/www.europesays.com\/it\/wp-content\/uploads\/2025\/11\/palasportgenovmarchiatop24198.jpg\" alt=\"\" itemprop=\"image\" class=\"img-fluid jch-lazyload\" width=\"1530\" height=\"900\"\/><\/p>\n<p>Le lettere dell&#8217;insegna Esselunga che erano apparse il mese scorso sulla facciata del nuovo Palasport di Genova per poi venir coperte e sparire in poche ore, sembrano definitivamente cancellate. La notizia trapela dalla riunione romana tra azienda e sindacati, e ora lo spazio per la grande distribuzione all&#8217;interno dell&#8217;area commerciale del Waterfront attende nuovi acquirenti. Che a sorpresa potrebbero arrivare da fuori Liguria: un attore che ancora sul territorio non ha sedi ma che &#8220;accerchia&#8221; la regione con punti vendita nelle regioni limitrofe.<\/p>\n<p>Chi \u00e8 interessato dopo Esselunga<\/p>\n<p>Tutti gli attori della GDO presenti a livello locale sono potenzialmente interessati: se il terzo negozio di Esselunga in citt\u00e0, dopo via Piave e via di Francia, non sar\u00e0 quello vista mare della ex Fiera, non \u00e8 altrettanto facile che gli storici concorrenti Coop e Sogegross possano andare a occupare quegli spazi. Per il gruppo della famiglia Gattiglia per esempio, ora la concentrazione \u00e8 alta verso l&#8217;apertura del nuovo punto vendita di Quarto, nella ex area del Don Bosco, a pochi passi dall&#8217;esercizio Coop di corso Europa.<\/p>\n<p>Il gruppo che da Pavia punta alla Liguria<\/p>\n<p>Ma l&#8217;ago della bilancia lo muoverebbero soprattutto i denari richiesti per andare al Waterfront, accanto alle residenze sempre pi\u00f9 frequentate da ospiti occasionali di bed &amp; breakfast e foresterie: per acquisire i muri dell&#8217;area commerciale interessata alla vendita alimentare infatti servirebbero tra i 30 e i 40 milioni di euro, una operazione che metterebbe duramente alla prova i conti aziendali. E che invece non sembra spaventare il gruppo Finiper: nato 50 anni fa nel pavese, \u00e8 proprietario degli Ipermercati Iper La grande i e dei supermercati UNES. Proprio questa ultima insegna, totalmente assente dalla Liguria, vanta 200 punti vendita in tutta Italia, con una forte concentrazione tra Emilia, Lombardia e Piemonte. E verso il mare guarda con interesse ormai da molto tempo.<\/p>\n","protected":false},"excerpt":{"rendered":"Le lettere dell&#8217;insegna Esselunga che erano apparse il mese scorso sulla facciata del nuovo Palasport di Genova per&hellip;\n","protected":false},"author":3,"featured_media":205972,"comment_status":"","ping_status":"","sticky":false,"template":"","format":"standard","meta":{"footnotes":""},"categories":[172],"tags":[178,122994,177,56788,40361,1537,90,89,23109,122993,122995],"class_list":{"0":"post-205971","1":"post","2":"type-post","3":"status-publish","4":"format-standard","5":"has-post-thumbnail","7":"category-affari","8":"tag-affari","9":"tag-basko","10":"tag-business","11":"tag-coop","12":"tag-esselunga","13":"tag-it","14":"tag-italia","15":"tag-italy","16":"tag-palasport","17":"tag-sogegross","18":"tag-unes"},"share_on_mastodon":{"url":"https:\/\/pubeurope.com\/@it\/115516602355072123","error":""},"_links":{"self":[{"href":"https:\/\/www.europesays.com\/it\/wp-json\/wp\/v2\/posts\/205971","targetHints":{"allow":["GET"]}}],"collection":[{"href":"https:\/\/www.europesays.com\/it\/wp-json\/wp\/v2\/posts"}],"about":[{"href":"https:\/\/www.europesays.com\/it\/wp-json\/wp\/v2\/types\/post"}],"author":[{"embeddable":true,"href":"https:\/\/www.europesays.com\/it\/wp-json\/wp\/v2\/users\/3"}],"replies":[{"embeddable":true,"href":"https:\/\/www.europesays.com\/it\/wp-json\/wp\/v2\/comments?post=205971"}],"version-history":[{"count":0,"href":"https:\/\/www.europesays.com\/it\/wp-json\/wp\/v2\/posts\/205971\/revisions"}],"wp:featuredmedia":[{"embeddable":true,"href":"https:\/\/www.europesays.com\/it\/wp-json\/wp\/v2\/media\/205972"}],"wp:attachment":[{"href":"https:\/\/www.europesays.com\/it\/wp-json\/wp\/v2\/media?parent=205971"}],"wp:term":[{"taxonomy":"category","embeddable":true,"href":"https:\/\/www.europesays.com\/it\/wp-json\/wp\/v2\/categories?post=205971"},{"taxonomy":"post_tag","embeddable":true,"href":"https:\/\/www.europesays.com\/it\/wp-json\/wp\/v2\/tags?post=205971"}],"curies":[{"name":"wp","href":"https:\/\/api.w.org\/{rel}","templated":true}]}}