{"id":206075,"date":"2025-11-09T00:46:13","date_gmt":"2025-11-09T00:46:13","guid":{"rendered":"https:\/\/www.europesays.com\/it\/206075\/"},"modified":"2025-11-09T00:46:13","modified_gmt":"2025-11-09T00:46:13","slug":"juventus-torino-0-0-baroni-nel-secondo-tempo-nostre-le-migliori-occasioni","status":"publish","type":"post","link":"https:\/\/www.europesays.com\/it\/206075\/","title":{"rendered":"Juventus-Torino 0-0, Baroni: \u201cNel secondo tempo nostre le migliori occasioni\u201d"},"content":{"rendered":"<p>Le parole del tecnico granata dopo la stracittadina d&#8217;andata tra Juventus e Torino valevole per l&#8217;undicesima giornata di Serie A<\/p>\n<p>E&#8217; terminato il derby Juventus-Torino, valido per l&#8217;undicesima giornata di Serie A. Al termine dell&#8217;incontro, Marco Baroni, ha commentato la partita ai microfoni di DAZN. Di seguito le sue dichiarazioni.<\/p>\n<p><strong>Si riesce a stare pi\u00f9 distaccati dalla tribuna? Oggi in difesa zero sbavature.<\/strong><\/p>\n<p>&#8220;Nel primo tempo siamo stati eccessivamente attendisti. C&#8217;erano tante cose nuove, l&#8217;abitudine a giocare un derby. La squadra \u00e8 rimasta compatta. Nel secondo tempo siamo scesi in campo con un altro piglio. Siamo stati pi\u00f9 aggressivi. Credo che le migliori occasioni le abbiamo avute noi. Per\u00f2 ci servono queste partite per farci crescere. Stiamo facendo un percorso. Vedo ampi margini di miglioramento, tra squadra, societ\u00e0 e tifosi. L&#8217;ambiente compatto ci rende migliori sicuramente&#8221;.<\/p>\n<p><strong>Nel primo tempo siete stati troppo chiusi. Avete difeso bene ma non ripartivate. Gli attaccanti non tenevano su palla. Nel secondo tempo quasi 20 metri pi\u00f9 avanti, senza paura. Asllani l&#8217;ha cambiata. Zapata invece a che punto \u00e8?<\/strong><\/p>\n<p>&#8220;Sicuramente Asllani ha dato un contributo come Adams. Io credo che sia stato proprio il click. Ho chiesto proprio un cambio di pressione, di alzarsi, di andare sui riferimenti, eravamo un pochino troppo attendisti. La squadra \u00e8 entrata con pi\u00f9 pressione. Sicuramente Kristjan ci ha dato quel palleggio, quelle uscite che ci servivano. Per quanto riguarda Zapata, \u00e8\u00a0 tra i primi 50 attaccanti che hanno fatto pi\u00f9 gol. E&#8217; un percorso il suo. Rientra da un crociato. Il giocatore \u00e8 chiaro che avrebbe bisogno di maggior minutaggio. Sto cercando di trovargli pi\u00f9 spazio, lui sta bene, ma anch&#8217;io sto cercando il pi\u00f9 possibile di utilizzarlo&#8221;.<\/p>\n<p><strong>Diventa un problema chi mettere in porta?<\/strong><\/p>\n<p>&#8220;Per me non \u00e8 mai un problema. Io non seguo delle gerarchie. Sicuramente Israel \u00e8 un portiere di valore. Ma Alberto se l&#8217;\u00e8 meritato. Ha sempre grande disponibilit\u00e0 e attenzione, per lui, per il compagno. Io cercher\u00f2 di gestire al meglio le risorse di entrambi. Franco deve rientrare dentro per il valore che ha, non per la gerarchia. In una squadra come il Torino tutti devono essere importanti e titolari. Tutti devono mettermi in difficolt\u00e0 per prendersi il posto&#8221;.<\/p>\n<p class=\"is-copyright\">\u00a9 RIPRODUZIONE RISERVATA<\/p>\n","protected":false},"excerpt":{"rendered":"Le parole del tecnico granata dopo la stracittadina d&#8217;andata tra Juventus e Torino valevole per l&#8217;undicesima giornata di&hellip;\n","protected":false},"author":3,"featured_media":191482,"comment_status":"","ping_status":"","sticky":false,"template":"","format":"standard","meta":{"footnotes":""},"categories":[1452],"tags":[19463,3250,123022,6097,721,4970,1367,1277,5187,822,1740,59772,5183,1537,90,89,558,121071,2052,123023,21438,491,10360,1885,10333,1739,245,244,1857,1641],"class_list":{"0":"post-206075","1":"post","2":"type-post","3":"status-publish","4":"format-standard","5":"has-post-thumbnail","7":"category-calcio","8":"tag-asllani","9":"tag-attaccanti","10":"tag-attendisti","11":"tag-baroni","12":"tag-calcio","13":"tag-cercando","14":"tag-credo","15":"tag-dato","16":"tag-derby","17":"tag-devono","18":"tag-football","19":"tag-giornata-serie","20":"tag-giornata","21":"tag-it","22":"tag-italia","23":"tag-italy","24":"tag-juventus","25":"tag-juventus-torino","26":"tag-migliori","27":"tag-migliori-occasioni","28":"tag-occasioni","29":"tag-percorso","30":"tag-pressione","31":"tag-problema","32":"tag-sicuramente","33":"tag-soccer","34":"tag-sport","35":"tag-sports","36":"tag-squadra","37":"tag-torino"},"share_on_mastodon":{"url":"https:\/\/pubeurope.com\/@it\/115516983528140465","error":""},"_links":{"self":[{"href":"https:\/\/www.europesays.com\/it\/wp-json\/wp\/v2\/posts\/206075","targetHints":{"allow":["GET"]}}],"collection":[{"href":"https:\/\/www.europesays.com\/it\/wp-json\/wp\/v2\/posts"}],"about":[{"href":"https:\/\/www.europesays.com\/it\/wp-json\/wp\/v2\/types\/post"}],"author":[{"embeddable":true,"href":"https:\/\/www.europesays.com\/it\/wp-json\/wp\/v2\/users\/3"}],"replies":[{"embeddable":true,"href":"https:\/\/www.europesays.com\/it\/wp-json\/wp\/v2\/comments?post=206075"}],"version-history":[{"count":0,"href":"https:\/\/www.europesays.com\/it\/wp-json\/wp\/v2\/posts\/206075\/revisions"}],"wp:featuredmedia":[{"embeddable":true,"href":"https:\/\/www.europesays.com\/it\/wp-json\/wp\/v2\/media\/191482"}],"wp:attachment":[{"href":"https:\/\/www.europesays.com\/it\/wp-json\/wp\/v2\/media?parent=206075"}],"wp:term":[{"taxonomy":"category","embeddable":true,"href":"https:\/\/www.europesays.com\/it\/wp-json\/wp\/v2\/categories?post=206075"},{"taxonomy":"post_tag","embeddable":true,"href":"https:\/\/www.europesays.com\/it\/wp-json\/wp\/v2\/tags?post=206075"}],"curies":[{"name":"wp","href":"https:\/\/api.w.org\/{rel}","templated":true}]}}