{"id":207350,"date":"2025-11-09T22:14:10","date_gmt":"2025-11-09T22:14:10","guid":{"rendered":"https:\/\/www.europesays.com\/it\/207350\/"},"modified":"2025-11-09T22:14:10","modified_gmt":"2025-11-09T22:14:10","slug":"atalanta-juric-vicino-allesonero-trattativa-avanzata-con-palladino","status":"publish","type":"post","link":"https:\/\/www.europesays.com\/it\/207350\/","title":{"rendered":"Atalanta, Juric vicino all\u2019esonero: trattativa avanzata con Palladino"},"content":{"rendered":"<p>Per l&#8217;ex tecnico giallorosso sarebbe il terzo esonero negli ultimi 12 mesi<\/p>\n<p>L\u2019<strong data-start=\"123\" data-end=\"135\">Atalanta<\/strong> sta vivendo una stagione sottotono. Dopo il lungo e glorioso decennio di <strong data-start=\"209\" data-end=\"222\">Gasperini<\/strong>, la Dea ha dovuto avviare un nuovo progetto tecnico affidandosi a uno dei suoi allievi, <strong data-start=\"311\" data-end=\"320\">Juric<\/strong>. Tuttavia, il tecnico croato in pochi mesi non \u00e8 riuscito a mantenere vivo l\u2019entusiasmo degli ultimi anni: l\u2019Atalanta si trova attualmente al 13\u00b0 posto con soli 13 punti conquistati. La pesante sconfitta contro il <strong data-start=\"538\" data-end=\"550\">Sassuolo<\/strong> potrebbe essere stata la goccia che fa traboccare il vaso. Secondo Fabrizio Romano, la societ\u00e0 bergamasca \u00e8 gi\u00e0 in trattative avanzate con <strong data-start=\"694\" data-end=\"707\">Palladino<\/strong>. Dopo la sosta, la Dea potrebbe dunque avere una nuova guida tecnica, segnando per <strong data-start=\"791\" data-end=\"800\">Juric<\/strong> il terzo esonero negli ultimi 12 mesi.<\/p>\n<p class=\"is-copyright\">\u00a9 RIPRODUZIONE RISERVATA<\/p>\n","protected":false},"excerpt":{"rendered":"Per l&#8217;ex tecnico giallorosso sarebbe il terzo esonero negli ultimi 12 mesi L\u2019Atalanta sta vivendo una stagione sottotono.&hellip;\n","protected":false},"author":3,"featured_media":207351,"comment_status":"","ping_status":"","sticky":false,"template":"","format":"standard","meta":{"footnotes":"","_share_on_mastodon":"0"},"categories":[1452],"tags":[569,721,16372,26042,123725,1740,1537,90,89,26039,105971,1739,245,244,3375,338],"class_list":["post-207350","post","type-post","status-publish","format-standard","has-post-thumbnail","category-calcio","tag-atalanta","tag-calcio","tag-dea","tag-esonero","tag-esonero-ultimi","tag-football","tag-it","tag-italia","tag-italy","tag-juric","tag-palladino","tag-soccer","tag-sport","tag-sports","tag-tecnico","tag-ultimi"],"share_on_mastodon":{"url":"https:\/\/pubeurope.com\/@it\/115522048270618434","error":""},"_links":{"self":[{"href":"https:\/\/www.europesays.com\/it\/wp-json\/wp\/v2\/posts\/207350","targetHints":{"allow":["GET"]}}],"collection":[{"href":"https:\/\/www.europesays.com\/it\/wp-json\/wp\/v2\/posts"}],"about":[{"href":"https:\/\/www.europesays.com\/it\/wp-json\/wp\/v2\/types\/post"}],"author":[{"embeddable":true,"href":"https:\/\/www.europesays.com\/it\/wp-json\/wp\/v2\/users\/3"}],"replies":[{"embeddable":true,"href":"https:\/\/www.europesays.com\/it\/wp-json\/wp\/v2\/comments?post=207350"}],"version-history":[{"count":0,"href":"https:\/\/www.europesays.com\/it\/wp-json\/wp\/v2\/posts\/207350\/revisions"}],"wp:featuredmedia":[{"embeddable":true,"href":"https:\/\/www.europesays.com\/it\/wp-json\/wp\/v2\/media\/207351"}],"wp:attachment":[{"href":"https:\/\/www.europesays.com\/it\/wp-json\/wp\/v2\/media?parent=207350"}],"wp:term":[{"taxonomy":"category","embeddable":true,"href":"https:\/\/www.europesays.com\/it\/wp-json\/wp\/v2\/categories?post=207350"},{"taxonomy":"post_tag","embeddable":true,"href":"https:\/\/www.europesays.com\/it\/wp-json\/wp\/v2\/tags?post=207350"}],"curies":[{"name":"wp","href":"https:\/\/api.w.org\/{rel}","templated":true}]}}