{"id":207747,"date":"2025-11-10T05:13:17","date_gmt":"2025-11-10T05:13:17","guid":{"rendered":"https:\/\/www.europesays.com\/it\/207747\/"},"modified":"2025-11-10T05:13:17","modified_gmt":"2025-11-10T05:13:17","slug":"aereo-precipitato-louisville-piloti-costretti-al-decollo-nonostante-il-guasto","status":"publish","type":"post","link":"https:\/\/www.europesays.com\/it\/207747\/","title":{"rendered":"Aereo precipitato Louisville, piloti costretti al decollo nonostante il guasto"},"content":{"rendered":"<p>Se si considerano le ultime ipotesi, il volo UPS McDonnell Douglas MD-11, precipitato marted\u00ec scorso a Louisville, nel Kentucky, avrebbe raggiunto la velocit\u00e0 di non ritorno prima di perdere uno dei tre motori. In questo caso il pilota si \u00e8 trovato costretto a decollare, sperando di poter risolvere il problema in volo. Nell&#8217;incidente del carico sono morte 14 persone dopo che l&#8217;aereo, diretto al Daniel K. Inouye International Airport di Honolulu, ha sviluppato una fiamma quando ancora si trovava sulla pista e si \u00e8 poi schiantato alle 17:15, ora locale.<\/p>\n<p><strong>LE VERIFICHE <\/strong><br \/>\u00a0<\/p>\n<p>\u00abIn scenari come questi c&#8217;\u00e8 ben poco da fare se non attenersi alle procedure. Comunque facciamo controlli due volte all&#8217;anno per valutare se siamo in grado di affrontare queste situazioni\u00bb, dice a Il Messaggero un pilota di una societ\u00e0 privata che preferisce rimanere anonimo e che ha lavorato per pi\u00f9 di 20 anni ad Alitalia.<\/p>\n<p>Il pilota spiega cosa potrebbe essere successo a Louisville: \u00abDurante la preparazione al decollo, l&#8217;equipaggio calcola tre velocit\u00e0 fondamentali basandosi su vari fattori come il peso dell&#8217;aereo, la lunghezza della pista e le condizioni ambientali.<\/p>\n<p>La prima \u00e8 la V1, detta &#8216;velocit\u00e0 di decisione&#8217;: se un problema si presenta prima di raggiungerla, l&#8217;aereo pu\u00f2 ancora fermarsi. Ma se il guasto avviene dopo V1, il decollo deve proseguire. La seconda \u00e8 la Vr, la velocit\u00e0 alla quale il pilota inizia a sollevare l&#8217;aereo da terra. Infine c&#8217;\u00e8 la V2, la velocit\u00e0 di sicurezza che garantisce che l&#8217;aereo possa continuare a salire anche se un motore non funziona\u00bb.<\/p>\n<p>E poi aggiunge: \u00abNel caso dell&#8217;MD-11 la V1 era quasi sicuramente inferiore alla Vr. Se l&#8217;avaria \u00e8 avvenuta dopo la V1 ma prima della Vr il decollo doveva essere continuato in attesa del raggiungimento della Vr che \u00e8 la velocit\u00e0 alla quale si inizia il distacco da terra\u00bb, ha concluso. UPS e FedEx hanno annunciato di aver temporaneamente messo a terra tutti i loro aerei cargo MD-11, parlando di una misura presa \u00abper eccesso di precauzione\u00bb dopo l&#8217;incidente. Lo schianto ha causato anche la chiusura dell&#8217;aeroporto internazionale di Louisville, uno dei principali hub del gruppo di spedizioni. \u00abLa sospensione dei voli ha effetto immediato. Abbiamo preso questa decisione in modo preventivo, seguendo la raccomandazione del produttore dell&#8217;aeromobile\u00bb, ha comunicato UPS in una nota ufficiale.<\/p>\n<p><strong>LA DINAMICA <\/strong><br \/>\u00a0<\/p>\n<p>La decisione di mettere a terra gli aerei \u00e8 arrivata dopo che Boeing ha chiesto ai suoi operatori cargo di sospendere i voli, in seguito a una revisione interna sulla sicurezza che ha evidenziato la necessit\u00e0 di \u00abulteriori analisi ingegneristiche\u00bb, secondo quanto dichiarato da un portavoce del costruttore aeronautico americano.<\/p>\n<p>L&#8217;aereo cargo volava con un carico molto pesante (ma non pericoloso) e il serbatoio pieno di carburante: i video mostrano come facesse fatica a prendere quota. I dati registrati prima dello schianto mostrano che era arrivato a un massimo di 53 metri di altezza a una velocit\u00e0 di 340 chilometri orari.<\/p>\n<p>Nell&#8217;impatto l&#8217;aereo \u00e8 esploso in fiamme e almeno due attivit\u00e0 commerciali nelle vicinanze sono state colpite dai rottami, ha dichiarato il governatore del Kentucky Andy Beshear. La Kentucky Petroleum Recycling \u00e8 stata colpita \u00abin modo piuttosto diretto\u00bb, ha detto Beshear, mentre una seconda attivit\u00e0 \u2013 Grade A Auto Parts \u2013 \u00e8 stata anch&#8217;essa danneggiata.<\/p>\n<p>&#13;<br \/>\n                                \u00a9 RIPRODUZIONE RISERVATA&#13;<\/p>\n<p>&#13;<\/p>\n<p>\n                            Il punto sui temi di attualit\u00e0, ogni luned\u00ec<br \/>\n                            <b>Iscriviti<\/b> e ricevi le notizie via email\n                        <\/p>\n","protected":false},"excerpt":{"rendered":"Se si considerano le ultime ipotesi, il volo UPS McDonnell Douglas MD-11, precipitato marted\u00ec scorso a Louisville, nel&hellip;\n","protected":false},"author":3,"featured_media":207748,"comment_status":"","ping_status":"","sticky":false,"template":"","format":"standard","meta":{"footnotes":""},"categories":[160],"tags":[120035,14,164,165,39205,166,7,15,243,11,167,12,168,161,162,163],"class_list":{"0":"post-207747","1":"post","2":"type-post","3":"status-publish","4":"format-standard","5":"has-post-thumbnail","7":"category-mondo","8":"tag-aereo-precipitato-louisville","9":"tag-cronaca","10":"tag-dal-mondo","11":"tag-dalmondo","12":"tag-kentucky","13":"tag-mondo","14":"tag-news","15":"tag-notizie","16":"tag-ultima-ora","17":"tag-ultime-notizie","18":"tag-ultime-notizie-di-mondo","19":"tag-ultimenotizie","20":"tag-ultimenotiziedimondo","21":"tag-world","22":"tag-world-news","23":"tag-worldnews"},"share_on_mastodon":{"url":"https:\/\/pubeurope.com\/@it\/115523695818503448","error":""},"_links":{"self":[{"href":"https:\/\/www.europesays.com\/it\/wp-json\/wp\/v2\/posts\/207747","targetHints":{"allow":["GET"]}}],"collection":[{"href":"https:\/\/www.europesays.com\/it\/wp-json\/wp\/v2\/posts"}],"about":[{"href":"https:\/\/www.europesays.com\/it\/wp-json\/wp\/v2\/types\/post"}],"author":[{"embeddable":true,"href":"https:\/\/www.europesays.com\/it\/wp-json\/wp\/v2\/users\/3"}],"replies":[{"embeddable":true,"href":"https:\/\/www.europesays.com\/it\/wp-json\/wp\/v2\/comments?post=207747"}],"version-history":[{"count":0,"href":"https:\/\/www.europesays.com\/it\/wp-json\/wp\/v2\/posts\/207747\/revisions"}],"wp:featuredmedia":[{"embeddable":true,"href":"https:\/\/www.europesays.com\/it\/wp-json\/wp\/v2\/media\/207748"}],"wp:attachment":[{"href":"https:\/\/www.europesays.com\/it\/wp-json\/wp\/v2\/media?parent=207747"}],"wp:term":[{"taxonomy":"category","embeddable":true,"href":"https:\/\/www.europesays.com\/it\/wp-json\/wp\/v2\/categories?post=207747"},{"taxonomy":"post_tag","embeddable":true,"href":"https:\/\/www.europesays.com\/it\/wp-json\/wp\/v2\/tags?post=207747"}],"curies":[{"name":"wp","href":"https:\/\/api.w.org\/{rel}","templated":true}]}}