{"id":207821,"date":"2025-11-10T06:59:11","date_gmt":"2025-11-10T06:59:11","guid":{"rendered":"https:\/\/www.europesays.com\/it\/207821\/"},"modified":"2025-11-10T06:59:11","modified_gmt":"2025-11-10T06:59:11","slug":"nuove-immagini-mostrano-una-struttura-complessa","status":"publish","type":"post","link":"https:\/\/www.europesays.com\/it\/207821\/","title":{"rendered":"nuove immagini mostrano una struttura complessa"},"content":{"rendered":"\n<p>Gli astrofotografi Michael J\u00e4ger, Gerald Rhemann ed Enrico Prosperi hanno ottenuto la prima immagine mai vista della <strong>cometa 3I\/ATLAS<\/strong> \u2013 il terzo oggetto interstellare conosciuto al mondo \u2013 mentre emerge dal suo passaggio pi\u00f9 vicino al Sole, il 29 ottobre 2025. Hanno pubblicato l\u2019immagine sulla pagina Facebook ICQ Comet Observations. L\u2019immagine mostra come l\u2019oggetto \u2013 una cometa proveniente da un altro sistema stellare \u2013 sia stato influenzato, come spesso accade alle comete, dal suo passaggio ravvicinato vicino al nostro Sole. L\u2019oggetto ora mostra <strong>numerosi getti<\/strong>, che si diffondono in tutte le direzioni. \u201cAbbiamo qualcosa di insolito da segnalare\u201c, afferma J\u00e4ger. \u201c3I\/ATLAS ha mostrato una <strong>complessa struttura di coda<\/strong> stamattina presto (8 novembre)\u201d. \u201cAl momento dell\u2019esposizione, la cometa si trovava a soli 7-10\u00b0 sopra l\u2019orizzonte\u201c, afferma. \u201cAlla fine, il crepuscolo ha interferito con l\u2019osservazione, che \u00e8 avvenuta sotto la luce intensa della Luna. Abbiamo osservato da una posizione montuosa\u201d.<\/p>\n<p>Questa immagine \u00e8 diversa dalle altre foto che abbiamo visto negli ultimi giorni, che mostrano solo una macchia sfocata senza una coda distinta. L\u2019esposizione di J\u00e4ger ha rilevato <strong>quattro o cinque code, tra cui uno stretto getto puntato verso il Sole.<\/strong><\/p>\n<p><a href=\"https:\/\/www.meteoweb.eu\/wp-content\/uploads\/2025\/11\/cometa-interstellare-3I-ATLAS-2.jpg\" rel=\"nofollow noopener\" target=\"_blank\"><img loading=\"lazy\" decoding=\"async\" class=\"size-full wp-image-1001858685\" src=\"https:\/\/www.europesays.com\/it\/wp-content\/uploads\/2025\/11\/cometa-interstellare-3I-ATLAS-2.jpg.webp.webp\" alt=\"cometa interstellare 3I ATLAS\" width=\"788\" height=\"771\"  \/><\/a>Credit: M. J\u00e4ger, G. Rhemann, E. Prosperi<\/p>\n<p>Queste nuove osservazioni sono bastate a suscitare le domande di Avi Loeb, astrofisico di Harvard, che sosteneva gi\u00e0 che l\u2019oggetto potrebbe essere di origine aliena. Loeb suggerisce che 3I\/ATLAS potrebbe essere un\u2019astronave aliena. Se cos\u00ec fosse, i getti osservati potrebbero essere un segno di propulsione; dopotutto, i motori producono pennacchi. Eppure, <strong>non ci sono segni che 3I\/ATLAS abbia cambiato rotta.<\/strong> J\u00e4ger l\u2019ha trovata esattamente dove dovrebbe essere, seguendo la stessa traiettoria cometaria che aveva prima del perielio, ossia il suo passaggio ravvicinato al Sole. \u201cL\u2019astrometria ha mostrato che continua a seguire le effemeridi\u201d, osserva J\u00e4ger. \u201cI residui erano superiori a 1 secondo d\u2019arco. Non ha rallentato n\u00e9 rilasciato piccole astronavi\u201d.<\/p>\n<p>La cometa 3I\/ATLAS sta lasciando il Sistema Solare<\/p>\n<p>3I\/ATLAS ha raggiunto il suo passaggio pi\u00f9 vicino al Sole alle 11:47 UTC del 29 ottobre 2025. A quel punto, l\u2019oggetto si trovava a circa 1,36 UA (1,36 volte la distanza Terra-Sole, circa 203 milioni di km) dalla nostra stella. Ora l\u2019oggetto \u00e8 di nuovo diretto fuori dal nostro Sistema Solare.<\/p>\n<p>Ma 3I\/ATLAS non ha ancora raggiunto il suo passaggio pi\u00f9 vicino alla Terra. Questo avverr\u00e0 pi\u00f9 tardi, intorno al 19 dicembre 2025, quando sar\u00e0 a circa 1,8 UA (270 milioni di km) dalla Terra.<\/p>\n<p><a aria-label=\"Non servono gli alieni per spiegare le stranezze della cometa 3I\/ATLAS\" href=\"https:\/\/www.meteoweb.eu\/2025\/11\/non-servono-alieni-per-spiegare-le-stranezze-della-cometa-3i-atlas\/1001856756\/\" rel=\"nofollow noopener\" target=\"_blank\"><img loading=\"lazy\" data-lazyloaded=\"1\" decoding=\"async\" width=\"300\" height=\"123\" src=\"https:\/\/www.europesays.com\/it\/wp-content\/uploads\/2025\/11\/cometa-interstellare-3IATLAS-300x123.jpg.webp.webp\" class=\"attachment-medium size-medium wp-post-image\" alt=\"cometa interstellare 3IATLAS\"  data-\/><\/a><\/p>\n","protected":false},"excerpt":{"rendered":"Gli astrofotografi Michael J\u00e4ger, Gerald Rhemann ed Enrico Prosperi hanno ottenuto la prima immagine mai vista della cometa&hellip;\n","protected":false},"author":3,"featured_media":207822,"comment_status":"","ping_status":"","sticky":false,"template":"","format":"standard","meta":{"footnotes":""},"categories":[173],"tags":[79170,1537,90,89,195,198,199,197,200,201,194,196],"class_list":{"0":"post-207821","1":"post","2":"type-post","3":"status-publish","4":"format-standard","5":"has-post-thumbnail","7":"category-scienza-e-tecnologia","8":"tag-cometa","9":"tag-it","10":"tag-italia","11":"tag-italy","12":"tag-science","13":"tag-science-and-technology","14":"tag-scienceandtechnology","15":"tag-scienza","16":"tag-scienza-e-tecnologia","17":"tag-scienzaetecnologia","18":"tag-technology","19":"tag-tecnologia"},"share_on_mastodon":{"url":"https:\/\/pubeurope.com\/@it\/115524112767171211","error":""},"_links":{"self":[{"href":"https:\/\/www.europesays.com\/it\/wp-json\/wp\/v2\/posts\/207821","targetHints":{"allow":["GET"]}}],"collection":[{"href":"https:\/\/www.europesays.com\/it\/wp-json\/wp\/v2\/posts"}],"about":[{"href":"https:\/\/www.europesays.com\/it\/wp-json\/wp\/v2\/types\/post"}],"author":[{"embeddable":true,"href":"https:\/\/www.europesays.com\/it\/wp-json\/wp\/v2\/users\/3"}],"replies":[{"embeddable":true,"href":"https:\/\/www.europesays.com\/it\/wp-json\/wp\/v2\/comments?post=207821"}],"version-history":[{"count":0,"href":"https:\/\/www.europesays.com\/it\/wp-json\/wp\/v2\/posts\/207821\/revisions"}],"wp:featuredmedia":[{"embeddable":true,"href":"https:\/\/www.europesays.com\/it\/wp-json\/wp\/v2\/media\/207822"}],"wp:attachment":[{"href":"https:\/\/www.europesays.com\/it\/wp-json\/wp\/v2\/media?parent=207821"}],"wp:term":[{"taxonomy":"category","embeddable":true,"href":"https:\/\/www.europesays.com\/it\/wp-json\/wp\/v2\/categories?post=207821"},{"taxonomy":"post_tag","embeddable":true,"href":"https:\/\/www.europesays.com\/it\/wp-json\/wp\/v2\/tags?post=207821"}],"curies":[{"name":"wp","href":"https:\/\/api.w.org\/{rel}","templated":true}]}}