{"id":208004,"date":"2025-11-10T09:36:15","date_gmt":"2025-11-10T09:36:15","guid":{"rendered":"https:\/\/www.europesays.com\/it\/208004\/"},"modified":"2025-11-10T09:36:15","modified_gmt":"2025-11-10T09:36:15","slug":"era-vero-de-gregori-non-fu-simpatico","status":"publish","type":"post","link":"https:\/\/www.europesays.com\/it\/208004\/","title":{"rendered":"era vero. De Gregori non fu simpatico\u00bb"},"content":{"rendered":"<p>\n                            Il punto serale sulle notizie del giorno<br \/>\n                            <b>Iscriviti<\/b> e ricevi le notizie via email\n                        <\/p>\n<p><strong><a href=\"https:\/\/www.ilmessaggero.it\/t\/gigliola-cinquetti\" rel=\"nofollow noopener\" target=\"_blank\">Gigliola Cinquetti<\/a><\/strong>, la ragazza di &#8220;Non ho l&#8217;et\u00e0&#8221; che conquist\u00f2 il mondo con la sua voce, ricomincia a cantare, a girare ancora una volta tutti i teatri d&#8217;Italia. Ad accompagnarla\u00a0sul palco,\u00a0il\u00a028 novembre da Levico Terme, musicisti di grande bravura ed esperienza con la regia di\u00a0Luciano Teodori, marito di Gigliola, padre dei suoi figli Giovanni e Costantino.\u00a0\u00abQuesta tourn\u00e9e &#8211; racconta al quotidiano Libero &#8211; ha lo scopo di sorprendere me per prima, difatti ho voluto ripescare brani del repertorio che avevo quasi rimosso, e ho voglia di riviverli conlamaturit\u00e0 che ora mi appartiene\u00bb.<\/p>\n<p>&#13;<br \/>\n    APPROFONDIMENTI&#13;<\/p>\n<p>&#13;<\/p>\n<p>                <a href=\"https:\/\/www.ilmessaggero.it\/video\/funerali_peppe_vessicchio_oggi_a_roma_il_segreto_della_chiesa_dei_santi_angeli_custodi_dove_avverra_l_ultimo_saluto-9179963.html\" title=\"Video\" rel=\"nofollow noopener\" target=\"_blank\"><img loading=\"lazy\" decoding=\"async\" src=\"https:\/\/www.europesays.com\/it\/wp-content\/uploads\/2025\/11\/9179963_poster.jpg\" title=\"Video\" width=\"64\" height=\"64\" data-pagespeed-no-transform=\"\"\/><\/a>            <\/p>\n<p>    &#13;<\/p>\n<p>&#13;<\/p>\n<p>                <a href=\"https:\/\/www.ilmessaggero.it\/video\/salute\/carlo_verdone_che_tempo_che_fa_laurea_honoris_causa_bari-9179918.html\" title=\"Video\" rel=\"nofollow noopener\" target=\"_blank\"><img loading=\"lazy\" decoding=\"async\" src=\"https:\/\/www.europesays.com\/it\/wp-content\/uploads\/2025\/11\/9179918_poster.jpg\" title=\"Video\" width=\"64\" height=\"64\" data-pagespeed-no-transform=\"\"\/><\/a>            <\/p>\n<p>    &#13;<\/p>\n<p>    &#13;<\/p>\n<p>Chi la seguir\u00e0 dal vivo potr\u00e0 assistee a un omaggio\u00a0agli ABBA:\u00a0\u00abArrivarono primi all\u2019Eurofestival del &#8217;74 &#8211; racconta ancora a Libero &#8211;\u00a0mentre io guadagnai la seconda postazione con S\u00ec. <\/p>\n<p>Ma non gliene ho mai voluto: ho adorato il film Mamma Mia!\u00bb. Un film che forse avrebbe interpretato lei al posto di\u00a0Meryl Streep, solo se avesse accettato di firmare per la Warner\u2026 \u00abSe dovessimo fare l\u2019elenco dei rimpianti, delle occasioni perdute, sarebbe lunghissimo. La possibilit\u00e0 di farmi strada a Hollywood, effettivamente, fu concreta\u00bb.<\/p>\n<p>Poi conferma ancora una volta la\u00a0modernit\u00e0 di Non ho l\u2019et\u00e0. \u00ab\u00c8 in linea col femminismo nella sua accezione contemporanea, con il concetto che quando una donna dice no, \u00e8 no. La protagonista della mia canzone dice \u201cnon ho l\u2019et\u00e0\u201d per sua libera scelta, non perch\u00e9 glielo abbiano imposto i genitori. Non sono mai stata una\u00a0femminista attiva militante, per\u00f2 sono ampiamente riconoscente per le conquiste sociali scaturite da quelle lotte. Negli anni \u201970 ho votato, con convinzione, per il divorzio e\u00a0per l\u2019aborto\u00bb. E ricorda che la Rai rimand\u00f2 l&#8217;Eurofestival per paura che la sua canzone potesse influenzare l&#8217;elettorato.<\/p>\n<p>Anni di grande successo per Gigliola Cinquetti che pos\u00f2 per alcune foto anche con i Rolling Stones. \u00abIn quel momento &#8211; ammette &#8211; non sapevo chi diavolo fossero, mi aveva solo infastidito parecchio uno di loro che si ostinava a mettersi le dita nel naso per provocazione. Costui era Mick Jagger\u00bb.<\/p>\n<p>Con lei non fu tenera Luigi Tenco e nemmeno\u00a0Francesco De Gregori fu gentilissimo&#8230; \u00abEffettivamente al primo incontro, in presenza di un amico comune, disse \u201cGigliola chi? Quella l\u00e0? Quella di Non ho l\u2019et\u00e0?\u201d. Poi abbiamo avuto tutto il tempo di conoscerci. Vado pazza per tutte le canzoni di De Gregori, ma quella per cui pi\u00f9 mi struggo \u00e8 Atlantide. Magari un giorno, chi pu\u00f2 dirlo, capiter\u00e0 di duettarla insieme\u00bb.<\/p>\n<p>E gi\u00e0 che ci siamo Gino Paoli ha raccontato di una volta\u00a0che a Sanremo chiese a Domenico Modugno perch\u00e9 fosse\u00a0cos\u00ec emozionato. La risposta di Modugno fu:\u00a0\u201cIo mi emoziono sempre, non sono la Cinquetti che non si emoziona mai\u201d. Ora tocca a lei replicare:\u00a0\u00abMimmo non si sbagliava: da giovane ero cos\u00ec dura e rigorosa conme stessache emozionarsi lo consideravo un lusso che non potevo permettermi. Adesso, nella maturit\u00e0, mi emoziono eccome. \u00c8 un lusso che mi concedo senza freni\u00bb<\/p>\n<p>A Libero, messa davanti alla scelta di poter essere la coach di Amici e di giudice di X Factor, Gigliola Cinquetti non sceglie: \u00abIo mi trovo bene dappertutto, per cui potenzialmente accetterei entrambe le sfide.Concretamente per\u00f2, sono impegnata col teatro, e quando prendo un impegno, ci metto tuttame stessa. Quindi declinerei con garbo le due offerte\u00bb.<\/p>\n<p>&#13;<br \/>\n                            \u00a9 RIPRODUZIONE RISERVATA&#13;<\/p>\n<p>&#13;<\/p>\n","protected":false},"excerpt":{"rendered":"Il punto serale sulle notizie del giorno Iscriviti e ricevi le notizie via email Gigliola Cinquetti, la ragazza&hellip;\n","protected":false},"author":3,"featured_media":208005,"comment_status":"","ping_status":"","sticky":false,"template":"","format":"standard","meta":{"footnotes":""},"categories":[1443],"tags":[7147,203,66143,124092,204,1537,90,89,1538,1539],"class_list":{"0":"post-208004","1":"post","2":"type-post","3":"status-publish","4":"format-standard","5":"has-post-thumbnail","7":"category-musica","8":"tag-domenico-modugno","9":"tag-entertainment","10":"tag-francesco-de-gregori","11":"tag-gigliola-cinquetti","12":"tag-intrattenimento","13":"tag-it","14":"tag-italia","15":"tag-italy","16":"tag-music","17":"tag-musica"},"share_on_mastodon":{"url":"https:\/\/pubeurope.com\/@it\/115524730365525002","error":""},"_links":{"self":[{"href":"https:\/\/www.europesays.com\/it\/wp-json\/wp\/v2\/posts\/208004","targetHints":{"allow":["GET"]}}],"collection":[{"href":"https:\/\/www.europesays.com\/it\/wp-json\/wp\/v2\/posts"}],"about":[{"href":"https:\/\/www.europesays.com\/it\/wp-json\/wp\/v2\/types\/post"}],"author":[{"embeddable":true,"href":"https:\/\/www.europesays.com\/it\/wp-json\/wp\/v2\/users\/3"}],"replies":[{"embeddable":true,"href":"https:\/\/www.europesays.com\/it\/wp-json\/wp\/v2\/comments?post=208004"}],"version-history":[{"count":0,"href":"https:\/\/www.europesays.com\/it\/wp-json\/wp\/v2\/posts\/208004\/revisions"}],"wp:featuredmedia":[{"embeddable":true,"href":"https:\/\/www.europesays.com\/it\/wp-json\/wp\/v2\/media\/208005"}],"wp:attachment":[{"href":"https:\/\/www.europesays.com\/it\/wp-json\/wp\/v2\/media?parent=208004"}],"wp:term":[{"taxonomy":"category","embeddable":true,"href":"https:\/\/www.europesays.com\/it\/wp-json\/wp\/v2\/categories?post=208004"},{"taxonomy":"post_tag","embeddable":true,"href":"https:\/\/www.europesays.com\/it\/wp-json\/wp\/v2\/tags?post=208004"}],"curies":[{"name":"wp","href":"https:\/\/api.w.org\/{rel}","templated":true}]}}