{"id":208578,"date":"2025-11-10T17:49:09","date_gmt":"2025-11-10T17:49:09","guid":{"rendered":"https:\/\/www.europesays.com\/it\/208578\/"},"modified":"2025-11-10T17:49:09","modified_gmt":"2025-11-10T17:49:09","slug":"il-nuovo-trailer-ufficiale-dellatteso-finale-della-saga-con-cynthia-erivo-e-ariana-grande","status":"publish","type":"post","link":"https:\/\/www.europesays.com\/it\/208578\/","title":{"rendered":"il nuovo trailer ufficiale dell&#8217;atteso finale della saga con Cynthia Erivo e Ariana Grande"},"content":{"rendered":"<p>Secondo capitolo e conclusione che viene definita leggendaria per Wicked, come sanno gli amanti del musical di culto diventato un dittico diretto da Jon M. Chu con protagoniste Cynthia Erivo e Ariana Grande. Vi presentiamo le immagini del nuovo trailer del film.<\/p>\n<p>Ogni storia deve avere una fine degna di un inizio promettente. Passato per la serata degli Oscar, il primo capitolo dell&#8217;adattamento del musical di culto, <strong>Wicked<\/strong>, ha consacrato definitivamente la carriera anche al cinema di <strong>Ariana Grande<\/strong>, insieme a <strong>Cynthia Erivo<\/strong>. Per loro due ruoli molto diversi ma apprezzati, cos\u00ec come le loro qualit\u00e0 di cantanti. Torna alla regia <a href=\"https:\/\/www.comingsoon.it\/personaggi\/jon-m-chu\/83151\/biografia\/\" target=\"_blank\" title=\"Jon M. Chu\" rel=\"nofollow noopener\"><strong>Jon M. Chu<\/strong><\/a>, per questo ritorno spettacolare che promette avventura, un ritmo frenetico e nuove canzoni che fan grandi e piccini sono pronti a imparare e a replicare per le prossime feste. <a href=\"https:\/\/www.comingsoon.it\/film\/wicked-parte-2\/66890\/scheda\/\" target=\"_blank\" title=\"Wicked parte 2\" rel=\"nofollow noopener\"><strong>Wicked parte 2<\/strong><\/a> <strong>uscir\u00e0 il 19 novembre<\/strong> al cinema per Universal, per un capitolo finale degno dello spessore delle streghe di Oz, con <strong>Elphaba e Glinda che sono sempre pi\u00f9 lontane e ai ferri corti<\/strong>.<\/p>\n<p>Ogni scelta ha una conseguenza, ce lo racconteranno i protagonisti anche di questa nuova avventura. <strong>Elphaba<\/strong> (<a href=\"https:\/\/www.comingsoon.it\/personaggi\/cynthia-erivo\/255104\/biografia\/\" target=\"_blank\" title=\"Cynthia Erivo\" rel=\"nofollow noopener\"><strong>Cynthia Erivo<\/strong><\/a>), ormai demonizzata come la Strega Malvagia dell&#8217;Ovest, vive in esilio nella foresta di Oz, continuando la sua lotta per la libert\u00e0 degli animali di Oz e cercando disperatamente di rivelare la verit\u00e0 sul Mago (<a href=\"https:\/\/www.comingsoon.it\/personaggi\/jeff-goldblum\/44203\/biografia\/\" target=\"_blank\" title=\"Jeff Goldblum\" rel=\"nofollow noopener\"><strong>Jeff Goldblum<\/strong><\/a>). <strong>Glinda<\/strong> (<a href=\"https:\/\/www.comingsoon.it\/personaggi\/jon-m-chu\/83151\/biografia\/\" target=\"_blank\" title=\"Ariana Grande\" rel=\"nofollow noopener\"><strong>Ariana Grande<\/strong><\/a>), nel frattempo, \u00e8 diventata l&#8217;emblema della bont\u00e0 per tutta Oz, vive nel palazzo della Citt\u00e0 di Smeraldo e gode dei vantaggi della fama e della popolarit\u00e0<\/p>\n<p>Pronti per nuove immagini? Ecco il <strong>nuovo trailer di Wicked 2.<\/strong><\/p>\n<p><a href=\"https:\/\/www.comingsoon.it\/film\/wicked-parte-2\/66890\/video\/?vid=48348\" title=\"Wicked - Parte 2: Il Nuovo Trailer Ufficiale in Italiano del sequel del Film - HD\" rel=\"nofollow noopener\" target=\"_blank\">Wicked &#8211; Parte 2: Il Nuovo Trailer Ufficiale in Italiano del sequel del Film &#8211; HD<\/a>&#13;<\/p>\n","protected":false},"excerpt":{"rendered":"Secondo capitolo e conclusione che viene definita leggendaria per Wicked, come sanno gli amanti del musical di culto&hellip;\n","protected":false},"author":3,"featured_media":208579,"comment_status":"","ping_status":"","sticky":false,"template":"","format":"standard","meta":{"footnotes":""},"categories":[1442],"tags":[203,454,204,1537,90,89,1521],"class_list":{"0":"post-208578","1":"post","2":"type-post","3":"status-publish","4":"format-standard","5":"has-post-thumbnail","7":"category-film","8":"tag-entertainment","9":"tag-film","10":"tag-intrattenimento","11":"tag-it","12":"tag-italia","13":"tag-italy","14":"tag-movies"},"share_on_mastodon":{"url":"https:\/\/pubeurope.com\/@it\/115526668591735346","error":""},"_links":{"self":[{"href":"https:\/\/www.europesays.com\/it\/wp-json\/wp\/v2\/posts\/208578","targetHints":{"allow":["GET"]}}],"collection":[{"href":"https:\/\/www.europesays.com\/it\/wp-json\/wp\/v2\/posts"}],"about":[{"href":"https:\/\/www.europesays.com\/it\/wp-json\/wp\/v2\/types\/post"}],"author":[{"embeddable":true,"href":"https:\/\/www.europesays.com\/it\/wp-json\/wp\/v2\/users\/3"}],"replies":[{"embeddable":true,"href":"https:\/\/www.europesays.com\/it\/wp-json\/wp\/v2\/comments?post=208578"}],"version-history":[{"count":0,"href":"https:\/\/www.europesays.com\/it\/wp-json\/wp\/v2\/posts\/208578\/revisions"}],"wp:featuredmedia":[{"embeddable":true,"href":"https:\/\/www.europesays.com\/it\/wp-json\/wp\/v2\/media\/208579"}],"wp:attachment":[{"href":"https:\/\/www.europesays.com\/it\/wp-json\/wp\/v2\/media?parent=208578"}],"wp:term":[{"taxonomy":"category","embeddable":true,"href":"https:\/\/www.europesays.com\/it\/wp-json\/wp\/v2\/categories?post=208578"},{"taxonomy":"post_tag","embeddable":true,"href":"https:\/\/www.europesays.com\/it\/wp-json\/wp\/v2\/tags?post=208578"}],"curies":[{"name":"wp","href":"https:\/\/api.w.org\/{rel}","templated":true}]}}