{"id":209580,"date":"2025-11-11T09:40:09","date_gmt":"2025-11-11T09:40:09","guid":{"rendered":"https:\/\/www.europesays.com\/it\/209580\/"},"modified":"2025-11-11T09:40:09","modified_gmt":"2025-11-11T09:40:09","slug":"atp-finals-sinner-parte-forte-musetti-cede-a-fritz","status":"publish","type":"post","link":"https:\/\/www.europesays.com\/it\/209580\/","title":{"rendered":"Atp Finals, Sinner parte forte. Musetti cede a Fritz"},"content":{"rendered":"<p>\n        Jannik Sinner (Ansa)\n    <\/p>\n<p>All\u2019Inalpi Arena di Torino esordio positivo per l\u2019altoatesino, che supera in due set <strong>Felix Auger-Aliassime<\/strong> confermando la sua solidit\u00e0. Giornata amara invece per Lorenzo Musetti che paga le fatiche di Atene e l\u2019emozione per l\u2019esordio nel torneo. Il carrarino \u00e8 stato battuto da un <strong>Taylor Fritz<\/strong> pi\u00f9 incisivo nei momenti chiave.<\/p>\n<p>All\u2019Inalpi Arena di Torino esordio positivo per l\u2019altoatesino, che supera in due set Felix Auger-Aliassime confermando la sua solidit\u00e0. Giornata amara invece per Lorenzo Musetti che paga le fatiche di Atene e l\u2019emozione per l\u2019esordio nel torneo. Il carrarino \u00e8 stato battuto da un Taylor Fritz pi\u00f9 incisivo nei momenti chiave.All\u2019Inalpi Arena di Torino \u00e8 stata la giornata d\u2019esordio dei due azzurri alle Atp Finals 2025, e tutto \u00e8 andato come da pronostico. Jannik Sinner ha archiviato la pratica Felix Auger-Aliassime in due set, mentre Lorenzo Musetti si \u00e8 dovuto arrendere a un Taylor Fritz apparso, al momento, ancora superiore.Sinner riparte da Torino come aveva finito la stagione: vincendo, e convincendo. L\u2019azzurro supera Auger-Aliassime 7-5 6-1 nel match d\u2019esordio alle Atp Finals e apre nel migliore dei modi la sua avventura nel gruppo Borg. Un\u2019ora e quaranta di dominio tecnico e mentale, impreziosite da un servizio praticamente impeccabile e da una freddezza che ormai \u00e8 il suo marchio di fabbrica. Il pubblico dell\u2019Inalpi Arena &#8211; oltre 13.000 persone &#8211; lo accompagna in ogni scambio, e Sinner risponde con un tennis solido, intenso, senza sbavature.Il primo set \u00e8 combattuto: Sinner spreca due occasioni per il break sul 3-2, poi chiude 7-5 alla seconda palla utile, proprio mentre il canadese inizia ad accusare un problema al polpaccio sinistro. Da l\u00ec in avanti, l\u2019equilibrio si spezza: Auger-Aliassime resiste finch\u00e9 pu\u00f2, ma nel secondo set non c\u2019\u00e8 storia. L\u2019altoatesino sale 3-0 in pochi minuti e chiude 6-1 con un ace, salutando il pubblico con un semplice \u00abGrazie\u00bb scritto sulla telecamera. \u00abSono molto contento di come siamo partiti &#8211; ha detto Sinner &#8211; Il livello era alto e il primo set molto tosto. Poi lui ha avuto qualche problema fisico, ma io sono rimasto concentrato. Vincere la prima partita \u00e8 importante in questo format\u00bb. Mercoled\u00ec affronter\u00e0 Alexander Zverev, gi\u00e0 battuto due volte nelle ultime settimane tra Vienna e Parigi: un test vero per misurare la condizione e la continuit\u00e0 del numero 2 del mondo.Non era l\u2019esordio che Musetti aveva immaginato. Entrato nel tabellone all\u2019ultimo momento dopo la rinuncia di Novak Djokovic, il carrarino si \u00e8 presentato all\u2019Inalpi Arena con entusiasmo e determinazione, ma ha trovato sulla sua strada un Fritz in pieno controllo del match: 6-3, 6-4 in un\u2019ora e 42 minuti per lo statunitense. Fritz &#8211; gi\u00e0 finalista lo scorso anno a Torino &#8211; ha confermato la sua solidit\u00e0 al servizio, con nove ace solo nel secondo set, e ha gestito il match con precisione, approfittando delle discontinuit\u00e0 dell\u2019azzurro.Musetti, pur provando a costruire occasioni e break, non \u00e8 riuscito a concretizzare. \u00abTaylor ha giocato davvero bene e gli faccio i complimenti. Ho servito piuttosto bene, poi ci sono state alcune occasioni per andare avanti nel punteggio e ho subito il break subito dopo. Quella \u00e8 stata probabilmente la svolta della partita\u00bb, ha spiegato il toscano in conferenza stampa, sottolineando la forza dell\u2019avversario. La rincorsa alla qualificazione, come ammette Musetti, ha lasciato il segno: \u00abCi ho pensato durante la partita e subito dopo la finale di Atene. Sapevo che non potevo essere al 100% della forma, soprattutto fisicamente. Mentalmente sono felice di essere qui. Sono super orgoglioso di me stesso, del mio team e di ci\u00f2 che abbiamo realizzato\u00bb. Nonostante la sconfitta, l\u2019azzurro guarda avanti con ottimismo: \u00abDa un lato l\u2019entusiasmo di stare qua \u00e8 qualcosa che ho sentito all\u2019entrata, molto emozionante, una delle pi\u00f9 belle della mia carriera. Mi sarebbe piaciuto esordire con una vittoria, ma la cosa bella \u00e8 che comunque si pu\u00f2 passare il girone. L\u2019abbiamo visto tante volte: chi sembrava spacciato ha poi vinto il torneo. Questo mi d\u00e0 la forza per cercare una reazione\u00bb. Per quanto riguarda Fritz, l\u2019americano si \u00e8 detto molto soddisfatto: \u00abSono contento di come ho servito e del mio gioco: sono rimasto concentrato dall\u2019inizio alla fine\u00bb, ha spiegato dopo aver firmato \u00ab1-0\u00bb sulla lente della telecamera, festeggiando il successo che lo proietta al prossimo incontro, in programma domani alle 14, con Alcaraz. Per Musetti, invece, il cammino si complica e dovr\u00e0 ora cercare riscatto contro l\u2019australiano Alex De Minaur, domani sera alle 20:30, in un match che pu\u00f2 gi\u00e0 valere la sopravvivenza nel torneo, visto che l\u2019avversario successivo sar\u00e0 proprio Alcaraz. Alla vigilia del torneo lo spagnolo aveva commentato con ironia il sorteggio. \u00abDue anni fa Djokovic mi ha ucciso, preferisco Musetti\u00bb, aveva detto, salvo poi correggere il tiro: \u00abSe Lorenzo \u00e8 qui, \u00e8 perch\u00e9 se lo merita\u00bb. Tuttavia, l\u2019attuale numero 9 Atp non se l\u2019\u00e8 presa: \u00abLa finale con Novak mi ha dato fiducia e consapevolezza. Sto imparando ad adattarmi anche su queste superfici\u00bb, ha risposto con il sorriso.La giornata, gi\u00e0 segnata dalla delusione sportiva, \u00e8 stata oscurata da una doppia tragedia: due spettatori, di 70 e 78 anni, hanno accusato un malore in due distinti episodi &#8211; uno al Fan Village e uno sugli spalti dell\u2019Arena &#8211; e sono morti dopo il trasporto d\u2019urgenza alle Molinette.\n<\/p>\n<p>Ecco #EdicolaVerit\u00e0, la rassegna stampa podcast dell&#8217;11 novembre con Carlo Cambi<\/p>\n","protected":false},"excerpt":{"rendered":"Jannik Sinner (Ansa) All\u2019Inalpi Arena di Torino esordio positivo per l\u2019altoatesino, che supera in due set Felix Auger-Aliassime&hellip;\n","protected":false},"author":3,"featured_media":209581,"comment_status":"","ping_status":"","sticky":false,"template":"","format":"standard","meta":{"footnotes":"","_share_on_mastodon":"0"},"categories":[1457],"tags":[7919,11770,30759,65433,1537,90,89,1717,1863,3419,125086,366,125085,245,244,1273,1641],"class_list":["post-209580","post","type-post","status-publish","format-standard","has-post-thumbnail","category-tennis","tag-atp","tag-atp-finals","tag-atp-finals-2025","tag-inalpi-arena","tag-it","tag-italia","tag-italy","tag-jannik-sinner","tag-lorenzo-musetti","tag-musetti","tag-musetti-atp-finals","tag-sinner","tag-sinner-atp-finals","tag-sport","tag-sports","tag-tennis","tag-torino"],"share_on_mastodon":{"url":"https:\/\/pubeurope.com\/@it\/115530407944993219","error":""},"_links":{"self":[{"href":"https:\/\/www.europesays.com\/it\/wp-json\/wp\/v2\/posts\/209580","targetHints":{"allow":["GET"]}}],"collection":[{"href":"https:\/\/www.europesays.com\/it\/wp-json\/wp\/v2\/posts"}],"about":[{"href":"https:\/\/www.europesays.com\/it\/wp-json\/wp\/v2\/types\/post"}],"author":[{"embeddable":true,"href":"https:\/\/www.europesays.com\/it\/wp-json\/wp\/v2\/users\/3"}],"replies":[{"embeddable":true,"href":"https:\/\/www.europesays.com\/it\/wp-json\/wp\/v2\/comments?post=209580"}],"version-history":[{"count":0,"href":"https:\/\/www.europesays.com\/it\/wp-json\/wp\/v2\/posts\/209580\/revisions"}],"wp:featuredmedia":[{"embeddable":true,"href":"https:\/\/www.europesays.com\/it\/wp-json\/wp\/v2\/media\/209581"}],"wp:attachment":[{"href":"https:\/\/www.europesays.com\/it\/wp-json\/wp\/v2\/media?parent=209580"}],"wp:term":[{"taxonomy":"category","embeddable":true,"href":"https:\/\/www.europesays.com\/it\/wp-json\/wp\/v2\/categories?post=209580"},{"taxonomy":"post_tag","embeddable":true,"href":"https:\/\/www.europesays.com\/it\/wp-json\/wp\/v2\/tags?post=209580"}],"curies":[{"name":"wp","href":"https:\/\/api.w.org\/{rel}","templated":true}]}}