{"id":209897,"date":"2025-11-11T13:52:11","date_gmt":"2025-11-11T13:52:11","guid":{"rendered":"https:\/\/www.europesays.com\/it\/209897\/"},"modified":"2025-11-11T13:52:11","modified_gmt":"2025-11-11T13:52:11","slug":"stramaccioni-chivu-mi-ricorda-ancelotti-stravedo-per-pio-esposito-ma-bonny-e","status":"publish","type":"post","link":"https:\/\/www.europesays.com\/it\/209897\/","title":{"rendered":"Stramaccioni: \u201cChivu mi ricorda Ancelotti. Stravedo per Pio Esposito ma Bonny \u00e8\u2026\u201d"},"content":{"rendered":"<p>&#8220;Questa Inter \u00e8 pi\u00f9 forte dell&#8217;anno scorso? Se \u00e8 pi\u00f9 forte lo dir\u00e0 il tempo, ma che sia pi\u00f9 completa sicuramente s\u00ec&#8221;, dice Stramaccioni<\/p>\n<p>Nel corso di un&#8217;ampia intervista a La Gazzetta dello Sport, Andrea <a href=\"https:\/\/www.fcinter1908.it\/ultimora\/barella-italia-moldavia-stramaccioni\/\" rel=\"nofollow noopener\" target=\"_blank\">Stramaccioni<\/a> ha risposto cos\u00ec alla domanda se l&#8217;Inter di quest&#8217;anno sia pi\u00f9 forte di quella dell&#8217;anno scorso:<\/p>\n<p>\u00abSe \u00e8 pi\u00f9 forte lo dir\u00e0 il tempo, ma che sia pi\u00f9 completa sicuramente s\u00ec. Grazie ad Akanji, che a me piace pi\u00f9 di Pavard, a Sucic che \u00e8 un titolare aggiunto e soprattutto grazie ai due giovani dell\u2019attacco, Bonny ed Esposito: l\u2019eventuale assenza di un membro della ThuLa non \u00e8 pi\u00f9 motivo di ansia come in passato. Stravedo per Pio, ma il rendimento di Bonny al primo anno di Inter \u00e8 mostruoso: fa un gol o un assist ogni 50 minuti di Serie A. Di 22enni cos\u00ec al primo anno di Inter ne ricordo pochi&#8230;\u00bb.<\/p>\n<p><strong>Lautaro ha detto: \u00abAbbiamo un allenatore che vuole crescere con noi\u00bb. Il feeling fa la differenza?<\/strong><\/p>\n<p>\u00abChivu \u00e8 il leader riconosciuto dello spogliatoio ma \u00e8 anche \u201cuno di loro\u201d, lo vedi dalle esultanze e dagli abbracci. E mi piace tanto la sua comunicazione, sempre positiva, misurata: a Napoli \u00e8 stato bravissimo a non parlare dell\u2019arbitro ma solo degli errori della sua squadra. Aveva stile gi\u00e0 da giocatore, da tecnico mi ricorda Ancelotti\u00bb.<\/p>\n<p class=\"is-copyright\">\u00a9 RIPRODUZIONE RISERVATA<\/p>\n","protected":false},"excerpt":{"rendered":"&#8220;Questa Inter \u00e8 pi\u00f9 forte dell&#8217;anno scorso? Se \u00e8 pi\u00f9 forte lo dir\u00e0 il tempo, ma che sia&hellip;\n","protected":false},"author":3,"featured_media":209898,"comment_status":"","ping_status":"","sticky":false,"template":"","format":"standard","meta":{"footnotes":"","_share_on_mastodon":"0"},"categories":[1452],"tags":[28271,4346,125317,721,2839,1072,125318,125319,26945,125320,125321,1740,3440,350,1537,90,89,1739,245,244,22091],"class_list":["post-209897","post","type-post","status-publish","format-standard","has-post-thumbnail","category-calcio","tag-ancelotti","tag-bonny","tag-bonny-inter","tag-calcio","tag-chivu","tag-completa","tag-completa-sicuramente","tag-completa-sicuramente-si","tag-dira","tag-dira-completa","tag-dira-completa-sicuramente","tag-football","tag-forte","tag-inter","tag-it","tag-italia","tag-italy","tag-soccer","tag-sport","tag-sports","tag-stramaccioni"],"share_on_mastodon":{"url":"https:\/\/pubeurope.com\/@it\/115531398849648423","error":""},"_links":{"self":[{"href":"https:\/\/www.europesays.com\/it\/wp-json\/wp\/v2\/posts\/209897","targetHints":{"allow":["GET"]}}],"collection":[{"href":"https:\/\/www.europesays.com\/it\/wp-json\/wp\/v2\/posts"}],"about":[{"href":"https:\/\/www.europesays.com\/it\/wp-json\/wp\/v2\/types\/post"}],"author":[{"embeddable":true,"href":"https:\/\/www.europesays.com\/it\/wp-json\/wp\/v2\/users\/3"}],"replies":[{"embeddable":true,"href":"https:\/\/www.europesays.com\/it\/wp-json\/wp\/v2\/comments?post=209897"}],"version-history":[{"count":0,"href":"https:\/\/www.europesays.com\/it\/wp-json\/wp\/v2\/posts\/209897\/revisions"}],"wp:featuredmedia":[{"embeddable":true,"href":"https:\/\/www.europesays.com\/it\/wp-json\/wp\/v2\/media\/209898"}],"wp:attachment":[{"href":"https:\/\/www.europesays.com\/it\/wp-json\/wp\/v2\/media?parent=209897"}],"wp:term":[{"taxonomy":"category","embeddable":true,"href":"https:\/\/www.europesays.com\/it\/wp-json\/wp\/v2\/categories?post=209897"},{"taxonomy":"post_tag","embeddable":true,"href":"https:\/\/www.europesays.com\/it\/wp-json\/wp\/v2\/tags?post=209897"}],"curies":[{"name":"wp","href":"https:\/\/api.w.org\/{rel}","templated":true}]}}