{"id":210162,"date":"2025-11-11T17:18:14","date_gmt":"2025-11-11T17:18:14","guid":{"rendered":"https:\/\/www.europesays.com\/it\/210162\/"},"modified":"2025-11-11T17:18:14","modified_gmt":"2025-11-11T17:18:14","slug":"concorso-inps-e-inail-448-posti-a-tempo-indeterminato-come-candidarsi","status":"publish","type":"post","link":"https:\/\/www.europesays.com\/it\/210162\/","title":{"rendered":"Concorso Inps e Inail, 448 posti a tempo indeterminato: come candidarsi"},"content":{"rendered":"<p>Sono 448 i posti per <strong>Ispettori di Vigilanza<\/strong> messi a bando con un concorso pubblico pubblicato oggi, marted\u00ec 11 novembre. Le assunzioni, a tempo indeterminato, riguardano i ruoli del personale di Inps (355 posti) e Inail (93 posti). I candidati avranno tempo fino alle 23:59 del 10 dicembre 2025 per presentare la domanda esclusivamente online.\n<\/p>\n<p>La mappa per regione<\/p>\n<p>A seguire il numero dei\u00a0posti <a href=\"https:\/\/quifinanza.it\/fisco-tasse\/bonus-fiscali\/bonus-inps-imprese-3500-euro\/937243\/\" rel=\"nofollow noopener\" target=\"_blank\">Inps\u00a0<\/a>a livello regionale:<\/p>\n<ul>\n<li>Abruzzo: 8<\/li>\n<li>Basilicata: 17<\/li>\n<li>Emilia-Romagna: 44<\/li>\n<li>Friuli-Venezia Giulia: 12<\/li>\n<li>Lazio: 19<\/li>\n<li>Lombardia: 42<\/li>\n<li>Marche: 4<\/li>\n<li>Molise: 3<\/li>\n<li>Piemonte: 40<\/li>\n<li>Puglia: 25<\/li>\n<li>Sardegna: 23<\/li>\n<li>Sicilia: 16<\/li>\n<li>Toscana: 28<\/li>\n<li>Trentino-Alto Adige: 20<\/li>\n<li>Umbria: 7<\/li>\n<li>Veneto: 47<\/li>\n<\/ul>\n<p>Ecco invece i posti <a href=\"https:\/\/quifinanza.it\/lavoro\/bando-isi-inail-imprese\/904614\/\" rel=\"nofollow noopener\" target=\"_blank\">Inail<\/a>:<\/p>\n<ul>\n<li>Piemonte: 5<\/li>\n<li>Aosta: 1<\/li>\n<li>Lombardia: 13<\/li>\n<li>Trento: 1<\/li>\n<li>Veneto: 9<\/li>\n<li>Liguria: 3<\/li>\n<li>Emilia-Romagna: 7<\/li>\n<li>Toscana: 6<\/li>\n<li>Umbria: 1<\/li>\n<li>Marche: 1<\/li>\n<li>Lazio: 12<\/li>\n<li>Abruzzo: 3<\/li>\n<li>Molise: 2<\/li>\n<li>Campania: 8<\/li>\n<li>Puglia: 7<\/li>\n<li>Basilicata: 2<\/li>\n<li>Calabria: 5<\/li>\n<li>Sicilia: 3<\/li>\n<li>Sardegna: 4<\/li>\n<\/ul>\n<p>Ogni candidato pu\u00f2 presentare domanda per <strong>una sola Regione<\/strong> e per una sola posizione, scegliendo uno dei due Istituti. Il bando prevede delle quote riservate a specifiche categorie: il 30% dei posti per volontari delle Forze Armate e ufficiali di complemento e il\u00a015% dei posti per operatori volontari che hanno concluso il Servizio Civile Universale o Nazionale.<\/p>\n<p>Se la riserva non pu\u00f2 operare integralmente o parzialmente, perch\u00e9 d\u00e0 luogo a frazioni di posto, tali frazioni si cumulano con le riserve relative ai successivi concorsi per l\u2019assunzione di personale non dirigenziale banditi dalle medesime amministrazioni oppure sono utilizzate nei casi in cui si procede a ulteriori assunzioni attingendo alla graduatoria degli idonei.<\/p>\n<p>Requisiti e titoli di studio richiesti<\/p>\n<p>Per partecipare al concorso \u00e8 necessario essere in possesso dei seguenti requisiti generali: <strong>cittadinanza italiana<\/strong> o di un Paese UE, il godimento dei diritti civili e politici, idoneit\u00e0 fisica e non aver riportato condanne penali che impediscano l\u2019impiego nella PA.<\/p>\n<p>Il titolo di studio richiesto \u00e8 una Laurea in una delle seguenti aree:<\/p>\n<ul>\n<li>Scienze dei servizi giuridici (L-14);<\/li>\n<li>Scienze dell\u2019amministrazione e dell\u2019organizzazione (L-16);<\/li>\n<li>Scienze dell\u2019economia e della gestione aziendale (L-18);<\/li>\n<li>Scienze economiche (L-33);<\/li>\n<li>Scienze politiche e delle relazioni internazionali (L-36).<\/li>\n<\/ul>\n<p>Sono considerati validi anche i corrispettivi <strong>diplomi di laurea<\/strong>, lauree specialistiche e magistrali nelle discipline affini (come Giurisprudenza, Economia, Scienze Politiche). Sono ammessi anche titoli di studio conseguiti all\u2019estero, con riserva.<\/p>\n<p>Come candidarsi<\/p>\n<p>Il candidato dovr\u00e0 inviare la domanda di ammissione al concorso esclusivamente per via telematica, autenticandosi con <strong>Spid, Cie, Cne o eIdas,<\/strong> compilando il format di candidatura sul portale \u201cinPa\u201d, previa registrazione sullo stesso portale. All\u2019atto della registrazione l\u2019interessato dovr\u00e0 compilare il proprio curriculum vitae, con valore di dichiarazione sostitutiva di certificazione. Per la partecipazione al concorso il candidato deve essere in possesso di un indirizzo di posta elettronica certificata (pec) a lui intestato o di un domicilio digitale.<\/p>\n<p>La registrazione, la compilazione e l\u2019invio online della domanda devono essere completati entro il termine di trenta giorni decorrenti dal giorno successivo a quello di pubblicazione del bando sul portale \u201cinPa\u201d e sui siti istituzionali Inps e Inail.<\/p>\n<p>Prima dell\u2019assunzione ci sar\u00e0 un periodo di prova<\/p>\n<p>I vincitori del concorso saranno assunti con un contratto a tempo pieno e indeterminato. Dalla data di assunzione decorre un periodo di prova di 4 mesi, al cui superamento seguir\u00e0 la conferma in servizio. Il vincitore o l\u2019idoneo che non assume servizio senza giustificato motivo entro il termine stabilito, decade dalla assunzione e dalla graduatoria. I neo-assunti saranno soggetti all\u2019obbligo di permanenza nella sede di prima destinazione per un periodo non inferiore a cinque anni.<\/p>\n","protected":false},"excerpt":{"rendered":"Sono 448 i posti per Ispettori di Vigilanza messi a bando con un concorso pubblico pubblicato oggi, marted\u00ec&hellip;\n","protected":false},"author":3,"featured_media":210163,"comment_status":"","ping_status":"","sticky":false,"template":"","format":"standard","meta":{"footnotes":""},"categories":[79],"tags":[20542,14,93,94,17985,7710,1537,90,89,7,15,11,84,91,12,85,92],"class_list":{"0":"post-210162","1":"post","2":"type-post","3":"status-publish","4":"format-standard","5":"has-post-thumbnail","7":"category-italia","8":"tag-bandi-e-concorsi","9":"tag-cronaca","10":"tag-cronaca-italiana","11":"tag-cronacaitaliana","12":"tag-inail","13":"tag-inps","14":"tag-it","15":"tag-italia","16":"tag-italy","17":"tag-news","18":"tag-notizie","19":"tag-ultime-notizie","20":"tag-ultime-notizie-e-news-di-oggi","21":"tag-ultime-notizie-italia","22":"tag-ultimenotizie","23":"tag-ultimenotizieenewsdioggi","24":"tag-ultimenotizieitalia"},"share_on_mastodon":{"url":"https:\/\/pubeurope.com\/@it\/115532209034642077","error":""},"_links":{"self":[{"href":"https:\/\/www.europesays.com\/it\/wp-json\/wp\/v2\/posts\/210162","targetHints":{"allow":["GET"]}}],"collection":[{"href":"https:\/\/www.europesays.com\/it\/wp-json\/wp\/v2\/posts"}],"about":[{"href":"https:\/\/www.europesays.com\/it\/wp-json\/wp\/v2\/types\/post"}],"author":[{"embeddable":true,"href":"https:\/\/www.europesays.com\/it\/wp-json\/wp\/v2\/users\/3"}],"replies":[{"embeddable":true,"href":"https:\/\/www.europesays.com\/it\/wp-json\/wp\/v2\/comments?post=210162"}],"version-history":[{"count":0,"href":"https:\/\/www.europesays.com\/it\/wp-json\/wp\/v2\/posts\/210162\/revisions"}],"wp:featuredmedia":[{"embeddable":true,"href":"https:\/\/www.europesays.com\/it\/wp-json\/wp\/v2\/media\/210163"}],"wp:attachment":[{"href":"https:\/\/www.europesays.com\/it\/wp-json\/wp\/v2\/media?parent=210162"}],"wp:term":[{"taxonomy":"category","embeddable":true,"href":"https:\/\/www.europesays.com\/it\/wp-json\/wp\/v2\/categories?post=210162"},{"taxonomy":"post_tag","embeddable":true,"href":"https:\/\/www.europesays.com\/it\/wp-json\/wp\/v2\/tags?post=210162"}],"curies":[{"name":"wp","href":"https:\/\/api.w.org\/{rel}","templated":true}]}}