{"id":210203,"date":"2025-11-11T17:52:13","date_gmt":"2025-11-11T17:52:13","guid":{"rendered":"https:\/\/www.europesays.com\/it\/210203\/"},"modified":"2025-11-11T17:52:13","modified_gmt":"2025-11-11T17:52:13","slug":"una-targa-per-fefe-de-giorgi","status":"publish","type":"post","link":"https:\/\/www.europesays.com\/it\/210203\/","title":{"rendered":"una targa per Fef\u00e8 De Giorgi"},"content":{"rendered":"<p style=\"text-align:justify;\">LECCE \u2013 Ferdinando De Giorgi, allenatore della pluripremiata nazionale maschile di volley, \u00e8 stato ospite della Camera di Commercio per ricevere dal presidente dell\u2019ente, Mario Vadrucci, e dal segretario generale, Francesco De Giorgio, una targa per celebrare i suoi successi sportivi \u2013 da ultimo la Coppa del Mondo conquistata lo scorso settembre \u2013 ma anche il genuino e profondo legame che conserva con il Salento e con la Puglia.<\/p>\n<p style=\"text-align:justify;\">L\u2019incontro, che ha ricalcato quello del settembre dello scorso anno, ha visto la partecipazione anche di alcuni studenti dei licei a indirizzo sportivo della provincia. Il tecnico di Squinzano ha risposto con grande disponibilit\u00e0 alle domande che i ragazzi gli hanno rivolto, rimarcando pi\u00f9 volte l\u2019importanza del gioco di squadra, del mettersi a disposizione degli altri, non solo nello sport ma nella vita in genere, rispettando le regole e i valori che sono alla base di una comunit\u00e0 come di una disciplina.<\/p>\n<p style=\"text-align:justify;\">Vincitore per cinque volte della coppa del mondo, tra da atleta e due da commissario tecnico, Fef\u00e8 De Giorgi \u00e8 senza dubbio tra i pi\u00f9 noti ambasciatori del Salento nel mondo. Secondo il presidente Vadrucci, l\u2019allenatore interpreta \u201cil carattere migliore dei salentini, che riescono ad attraversare e superare confini e avventure, senza mai dimenticare da dove provengono, con la caparbiet\u00e0 e l\u2019intelligenza di capire che nessun traguardo \u00e8 irraggiungibile se si lavora e si utilizzano le opportunit\u00e0 che la vita offre, senza scoraggiarsi mai. Un po&#8217; quello che fanno tutti quanti operano in questa terra nei vari settori e, tra mille difficolt\u00e0, riescono a emergere, superando ostacoli e limiti che le circostanze e il decentramento geografico frappongono\u201d.<\/p>\n<p><img loading=\"lazy\" decoding=\"async\" style=\"aspect-ratio:600\/460;\" src=\"https:\/\/www.europesays.com\/it\/wp-content\/uploads\/2025\/11\/targa-fdg.jpeg\" alt=\"targa fdg\" width=\"600\" height=\"460\" title=\"targa fdg\"\/>La targa consegnata a Ferdinando De Giorgi.<\/p>\n<p style=\"text-align:justify;\">\u201cFef\u00e8 ci insegna con la sua calma, la sua costanza, le sue idee, che nessun traguardo pu\u00f2 esserci precluso se riusciamo a interagire e fare squadra, per raggiungere gli obiettivi verso cui puntiamo \u2013 ha concluso Vadrucci -. \u00c8 l\u2019insegnamento che ci viene dai suoi successi sportivi, ma non solo, in una vita che il nostro conterraneo ha speso finora con grande successo, in Italia e all\u2019estero, diventando un esempio concreto da seguire in ogni campo e che speriamo possa ancora primeggiare, nel prossimo futuro. Per questo la Camera di Commercio di Lecce vuole oggi indicarlo come importante punto di riferimento per tutta la comunit\u00e0 salentina che lui rappresenta e identifica nel modo pi\u00f9 genuino\u201d.<\/p>\n<p style=\"text-align:justify;\">LeccePrima \u00e8 anche su Whatsapp. <a href=\"https:\/\/www.whatsapp.com\/channel\/0029VaGh03R4inorimgaQX0C\" rel=\"nofollow noopener\" target=\"_blank\">Seguici sul nostro canale<\/a>.<\/p>\n","protected":false},"excerpt":{"rendered":"LECCE \u2013 Ferdinando De Giorgi, allenatore della pluripremiata nazionale maschile di volley, \u00e8 stato ospite della Camera di&hellip;\n","protected":false},"author":3,"featured_media":210204,"comment_status":"","ping_status":"","sticky":false,"template":"","format":"standard","meta":{"footnotes":""},"categories":[1474],"tags":[399,1537,90,89,16663,6897,245,244,28749,1869],"class_list":{"0":"post-210203","1":"post","2":"type-post","3":"status-publish","4":"format-standard","5":"has-post-thumbnail","7":"category-volley","8":"tag-incontro","9":"tag-it","10":"tag-italia","11":"tag-italy","12":"tag-motivazioni","13":"tag-regole","14":"tag-sport","15":"tag-sports","16":"tag-valori","17":"tag-volley"},"share_on_mastodon":{"url":"https:\/\/pubeurope.com\/@it\/115532342774048637","error":""},"_links":{"self":[{"href":"https:\/\/www.europesays.com\/it\/wp-json\/wp\/v2\/posts\/210203","targetHints":{"allow":["GET"]}}],"collection":[{"href":"https:\/\/www.europesays.com\/it\/wp-json\/wp\/v2\/posts"}],"about":[{"href":"https:\/\/www.europesays.com\/it\/wp-json\/wp\/v2\/types\/post"}],"author":[{"embeddable":true,"href":"https:\/\/www.europesays.com\/it\/wp-json\/wp\/v2\/users\/3"}],"replies":[{"embeddable":true,"href":"https:\/\/www.europesays.com\/it\/wp-json\/wp\/v2\/comments?post=210203"}],"version-history":[{"count":0,"href":"https:\/\/www.europesays.com\/it\/wp-json\/wp\/v2\/posts\/210203\/revisions"}],"wp:featuredmedia":[{"embeddable":true,"href":"https:\/\/www.europesays.com\/it\/wp-json\/wp\/v2\/media\/210204"}],"wp:attachment":[{"href":"https:\/\/www.europesays.com\/it\/wp-json\/wp\/v2\/media?parent=210203"}],"wp:term":[{"taxonomy":"category","embeddable":true,"href":"https:\/\/www.europesays.com\/it\/wp-json\/wp\/v2\/categories?post=210203"},{"taxonomy":"post_tag","embeddable":true,"href":"https:\/\/www.europesays.com\/it\/wp-json\/wp\/v2\/tags?post=210203"}],"curies":[{"name":"wp","href":"https:\/\/api.w.org\/{rel}","templated":true}]}}