{"id":210444,"date":"2025-11-11T20:55:13","date_gmt":"2025-11-11T20:55:13","guid":{"rendered":"https:\/\/www.europesays.com\/it\/210444\/"},"modified":"2025-11-11T20:55:13","modified_gmt":"2025-11-11T20:55:13","slug":"sul-posto-i-vigili-del-fuoco-2","status":"publish","type":"post","link":"https:\/\/www.europesays.com\/it\/210444\/","title":{"rendered":"sul posto i vigili del fuoco"},"content":{"rendered":"<p>Un incendio \u00e8 divampato poche ore fa all\u2019esterno del teatro del complesso fieristico Le Ciminiere, in viale Africa. Sul posto sono intervenute due squadre dei vigili del fuoco con diversi mezzi di soccorso. Nella struttura sono in corso lavori di manutenzione straordinaria e alcuni operai erano presenti. Nessuno di loro, fortunatamente, risulta ferito o intossicato. Secondo le prime informazioni, le fiamme si sarebbero sviluppate all\u2019esterno dell\u2019auditorium, interessando del materiale legato ai lavori in corso. Le cause dell\u2019incendio sono ancora in fase di accertamento. A supporto sono state inviate anche tre autobotti, un automezzo logistico e un&#8217;autoscala. Sul posto presente anche il comandate dei vigili del fuoco di Catania, Felice Irac\u00e0, e diversi funzionari tecnici. Presente anche la polizia di Stato e personale della polizia locale. Poco prima delle 20 e 30 \u00e8 crollata l&#8217;impalcatura del teatro.<\/p>\n<p>Antonio Mannino direttore artistico di Etna Comics Antonio Mannino, di Etna Comics \u00e8 sceso dall\u2019ufficio di fronte al centro Le Ciminiere e assiste incredulo al rogo. &#8220;\u00c8 terribile, \u00e8 come se stesse bruciando casa mia. \u00c8 una scena inaspettata ed \u00e8 come come se fosse andata in fiamme un pezzo di della mia vita. Dobbiamo solo augurarci che le fiamme non non si estendano ad altri padiglioni e che qualcosa resti in piedi per non parlare di disastro completo&#8221;, ha dichiarato.<\/p>\n<p>\u00c8 intervenuto anche Sergio Zinna, direttore artistico del centro di culture contemporanee Zo, dal 2001 attivo accanto a Le Ciminiere.\u00a0<\/p>\n<p>\u201cStiamo qui, ovviamente preoccupati, sperando che i vigili del fuoco facciano il lavoro che devono fare. Ci stanno dicendo che secondo loro non c\u2019\u00e8 un rischio concreto &#8211; ha dichiarato &#8211; per\u00f2 garanzia al 100% non ne possono dare. Al momento la situazione \u00e8 questa e speriamo l\u2019incendio sia al pi\u00f9 presto domato\u201d.<\/p>\n<p>\u00a0<\/p>\n","protected":false},"excerpt":{"rendered":"Un incendio \u00e8 divampato poche ore fa all\u2019esterno del teatro del complesso fieristico Le Ciminiere, in viale Africa.&hellip;\n","protected":false},"author":3,"featured_media":210445,"comment_status":"","ping_status":"","sticky":false,"template":"","format":"standard","meta":{"footnotes":""},"categories":[6],"tags":[125594,14,8,3411,1537,90,89,7,15,82,9,83,10,13,11,80,84,12,81,85],"class_list":{"0":"post-210444","1":"post","2":"type-post","3":"status-publish","4":"format-standard","5":"has-post-thumbnail","7":"category-ultime-notizie","8":"tag-ciminiere","9":"tag-cronaca","10":"tag-headlines","11":"tag-incendio","12":"tag-it","13":"tag-italia","14":"tag-italy","15":"tag-news","16":"tag-notizie","17":"tag-notizie-di-cronaca","18":"tag-notizie-principali","19":"tag-notiziedicronaca","20":"tag-notizieprincipali","21":"tag-titoli","22":"tag-ultime-notizie","23":"tag-ultime-notizie-di-cronaca","24":"tag-ultime-notizie-e-news-di-oggi","25":"tag-ultimenotizie","26":"tag-ultimenotiziedicronaca","27":"tag-ultimenotizieenewsdioggi"},"share_on_mastodon":{"url":"https:\/\/pubeurope.com\/@it\/115533062003904460","error":""},"_links":{"self":[{"href":"https:\/\/www.europesays.com\/it\/wp-json\/wp\/v2\/posts\/210444","targetHints":{"allow":["GET"]}}],"collection":[{"href":"https:\/\/www.europesays.com\/it\/wp-json\/wp\/v2\/posts"}],"about":[{"href":"https:\/\/www.europesays.com\/it\/wp-json\/wp\/v2\/types\/post"}],"author":[{"embeddable":true,"href":"https:\/\/www.europesays.com\/it\/wp-json\/wp\/v2\/users\/3"}],"replies":[{"embeddable":true,"href":"https:\/\/www.europesays.com\/it\/wp-json\/wp\/v2\/comments?post=210444"}],"version-history":[{"count":0,"href":"https:\/\/www.europesays.com\/it\/wp-json\/wp\/v2\/posts\/210444\/revisions"}],"wp:featuredmedia":[{"embeddable":true,"href":"https:\/\/www.europesays.com\/it\/wp-json\/wp\/v2\/media\/210445"}],"wp:attachment":[{"href":"https:\/\/www.europesays.com\/it\/wp-json\/wp\/v2\/media?parent=210444"}],"wp:term":[{"taxonomy":"category","embeddable":true,"href":"https:\/\/www.europesays.com\/it\/wp-json\/wp\/v2\/categories?post=210444"},{"taxonomy":"post_tag","embeddable":true,"href":"https:\/\/www.europesays.com\/it\/wp-json\/wp\/v2\/tags?post=210444"}],"curies":[{"name":"wp","href":"https:\/\/api.w.org\/{rel}","templated":true}]}}