{"id":210885,"date":"2025-11-12T03:29:13","date_gmt":"2025-11-12T03:29:13","guid":{"rendered":"https:\/\/www.europesays.com\/it\/210885\/"},"modified":"2025-11-12T03:29:13","modified_gmt":"2025-11-12T03:29:13","slug":"bisseck-gol-a-bologna-la-gente-vuol-parlare-vi-spiego-e-smentisco","status":"publish","type":"post","link":"https:\/\/www.europesays.com\/it\/210885\/","title":{"rendered":"Bisseck: &#8220;Gol a Bologna? La gente vuol parlare, vi spiego. E smentisco&#8230;&#8221;"},"content":{"rendered":"<p>Yann Bisseck, difensore dell&#8217;Inter, intervenuto ai microfoni di Wheel Talks, format di Inter TV, ha risposto cos\u00ec ad alcune domande<\/p>\n<p><a href=\"https:\/\/www.fcinter1908.it\/ultimora\/bisseck-test-positivi-non-soluzione-futuro\/\" rel=\"nofollow noopener\" target=\"_blank\"><strong>Yann Bisseck<\/strong><\/a>, difensore dell&#8217;Inter, intervenuto ai microfoni di Wheel Talks, format di Inter TV, ha risposto cos\u00ec ad alcune domande:\u00a0&#8220;C&#8217;\u00e8 sempre qualcuno che non crede in te: ci sono tanti film in cui il protagonista non viene fuori subito: ma col duro lavoro, con la dedizione devi crederci e avere un po&#8217; di fortuna. E poi c&#8217;\u00e8 sempre un allenatore che ti cambia la vita: per me \u00e8 stato l&#8217;allenatore dell&#8217;under 17. E ora sono qui all&#8217;Inter, non posso lamentarmi. Il mio colpo di testa preferito? Dieci anni fa nell&#8217;under 14, \u00e8 il mio preferito.<\/p>\n<p>Da professionista? Tutti i colpi di testa li ho fatti da giovane: prendo quello col Cagliari in casa. Il mio esempio? Sar\u00f2 banale, sceglierei mio padre: ma visto che parliamo di calcio, quando ero giovane mi piaceva Jerome Boateng per come giocava, mi ispiravo a lui. Ma non sono un grande appassionato di calcio. Forse Lilian Thuram. Cosa mi piace di Milano? I ristoranti forse: ce ne sono tanti buoni. Io so cucinare, se provi il mio pollo teriyaki, non andrai mai pi\u00f9 in un ristorante giapponese. Gli inizi della mia carriera? Non i ricordi migliori. L&#8217;inizio \u00e8 stato buono, ho giocato la prima partita con la squadra della mia citt\u00e0, Colonia, a 16 anni: \u00e8 stato bello perch\u00e9 era come se non fossi preparato.<\/p>\n<p>Poi ho giocato altre 2-3 partite e poi \u00e8 iniziata la routine dell&#8217;underdog: ma devi prevalere, avere fortuna, incontrare brave persone e ora sto vivendo la mia migliore vita da calciatore. Roda? C&#8217;\u00e8 un articolo che dice che l&#8217;ultimo giorno non mi sono presentato: e quando tutti se ne se stavano andando mi sono presentato per ritirare 400 euro. Questo non \u00e8 mai successo, io ci sono stato dal giorno uno fino all&#8217;ultimo: mi sono divertito molto. La mia esultanza con Carlos Augusto? L&#8217;avevamo pianificata il giorno prima: mi piacciono le esultanze legate al basket. E festeggiano dopo ogni punto: nel calcio c&#8217;\u00e8 quasi un gol a partita, devi sfruttarlo al meglio. Era il mio primo: erano le mie sensazioni ma la gente vuole sempre parlare di qualcosa&#8221;.<\/p>\n<p class=\"is-copyright\">\u00a9 RIPRODUZIONE RISERVATA<\/p>\n","protected":false},"excerpt":{"rendered":"Yann Bisseck, difensore dell&#8217;Inter, intervenuto ai microfoni di Wheel Talks, format di Inter TV, ha risposto cos\u00ec ad&hellip;\n","protected":false},"author":3,"featured_media":210886,"comment_status":"","ping_status":"","sticky":false,"template":"","format":"standard","meta":{"footnotes":"","_share_on_mastodon":"0"},"categories":[1452],"tags":[3960,125785,1960,14753,125786,125787,721,7882,4053,71066,125788,4754,1740,17772,125789,125790,2611,4965,2267,229,1976,350,82839,1537,90,89,1739,245,244],"class_list":["post-210885","post","type-post","status-publish","format-standard","has-post-thumbnail","category-calcio","tag-alcune","tag-alcune-domande","tag-allenatore","tag-bisseck","tag-bisseck-difensore","tag-bisseck-difensore-inter","tag-calcio","tag-devi","tag-difensore","tag-difensore-inter","tag-difensore-inter-intervenuto","tag-domande","tag-football","tag-format","tag-format-inter","tag-format-inter-tv","tag-fortuna","tag-gente","tag-giocato","tag-giovane","tag-gol","tag-inter","tag-inter-intervenuto","tag-it","tag-italia","tag-italy","tag-soccer","tag-sport","tag-sports"],"share_on_mastodon":{"url":"https:\/\/pubeurope.com\/@it\/115534611375877614","error":""},"_links":{"self":[{"href":"https:\/\/www.europesays.com\/it\/wp-json\/wp\/v2\/posts\/210885","targetHints":{"allow":["GET"]}}],"collection":[{"href":"https:\/\/www.europesays.com\/it\/wp-json\/wp\/v2\/posts"}],"about":[{"href":"https:\/\/www.europesays.com\/it\/wp-json\/wp\/v2\/types\/post"}],"author":[{"embeddable":true,"href":"https:\/\/www.europesays.com\/it\/wp-json\/wp\/v2\/users\/3"}],"replies":[{"embeddable":true,"href":"https:\/\/www.europesays.com\/it\/wp-json\/wp\/v2\/comments?post=210885"}],"version-history":[{"count":0,"href":"https:\/\/www.europesays.com\/it\/wp-json\/wp\/v2\/posts\/210885\/revisions"}],"wp:featuredmedia":[{"embeddable":true,"href":"https:\/\/www.europesays.com\/it\/wp-json\/wp\/v2\/media\/210886"}],"wp:attachment":[{"href":"https:\/\/www.europesays.com\/it\/wp-json\/wp\/v2\/media?parent=210885"}],"wp:term":[{"taxonomy":"category","embeddable":true,"href":"https:\/\/www.europesays.com\/it\/wp-json\/wp\/v2\/categories?post=210885"},{"taxonomy":"post_tag","embeddable":true,"href":"https:\/\/www.europesays.com\/it\/wp-json\/wp\/v2\/tags?post=210885"}],"curies":[{"name":"wp","href":"https:\/\/api.w.org\/{rel}","templated":true}]}}