{"id":211027,"date":"2025-11-12T05:54:10","date_gmt":"2025-11-12T05:54:10","guid":{"rendered":"https:\/\/www.europesays.com\/it\/211027\/"},"modified":"2025-11-12T05:54:10","modified_gmt":"2025-11-12T05:54:10","slug":"napoli-allarme-anguissa-ko-col-camerun-per-un-problema-muscolare","status":"publish","type":"post","link":"https:\/\/www.europesays.com\/it\/211027\/","title":{"rendered":"Napoli, allarme Anguissa. Ko col Camerun per un problema muscolare"},"content":{"rendered":"<p>                                Il centrocampista \u00e8 in Marocco per i playoff mondiali africani e avrebbe dovuto giocare gioved\u00ec con la Repubblica Democratica del Congo. Da valutare l&#8217;entit\u00e0 dell&#8217;infortunio<\/p>\n<p class=\"paragraph\" spellcheck=\"true\">Brutte notizie per il Napoli da Rabat: durante l&#8217;allenamento di marted\u00ec con la sua nazionale, si \u00e8 fermato Andr\u00e9 Zambo-Anguissa, centrocampista del Camerun. Si tratta di un problema muscolare, la cui entit\u00e0 verr\u00e0 verificata solo dagli esami strumentali. Il giocatore salter\u00e0 sicuramente la semifinale dei playoff mondiali che i Leoni Indomabili giocheranno gioved\u00ec alle 20 in Marocco contro la Repubblica Democratica del Congo. In caso di successo, il Camerun tornerebbe poi in campo domenica sera, sempre a Rabat, per la finale contro la vincente di Nigeria-Congo (gioved\u00ec alle 17). La qualificata andr\u00e0 poi a disputare i playoff intercontinentali. Da capire se Anguissa torner\u00e0 subito a Napoli o rester\u00e0 coi compagni nel ritiro marocchino. Notizia che sicuramente mander\u00e0 su tutte le furie il presidente De Laurentiis, che non perde occasione per sottolineare &#8211; come ha fatto in occasione dell&#8217;ultimo Football Business Forum lo scorso venerd\u00ec alla Universit\u00e0 Bocconi &#8211; come le nazionali restituiscano giocatori rotti ai club.\u00a0<\/p>\n","protected":false},"excerpt":{"rendered":"Il centrocampista \u00e8 in Marocco per i playoff mondiali africani e avrebbe dovuto giocare gioved\u00ec con la Repubblica&hellip;\n","protected":false},"author":3,"featured_media":211028,"comment_status":"","ping_status":"","sticky":false,"template":"","format":"standard","meta":{"footnotes":"","_share_on_mastodon":"0"},"categories":[176],"tags":[1548,57037,5315,3153,16220,31662,50464,750,5302,1537,90,89,7157,248,12040,245,244],"class_list":["post-211027","post","type-post","status-publish","format-standard","has-post-thumbnail","category-sport","tag-allenamento","tag-anguissa","tag-camerun","tag-centrocampista","tag-congo","tag-democratica","tag-democratica-congo","tag-entita","tag-giovedi","tag-it","tag-italia","tag-italy","tag-marocco","tag-napoli","tag-playoff","tag-sport","tag-sports"],"share_on_mastodon":{"url":"https:\/\/pubeurope.com\/@it\/115535181480387073","error":""},"_links":{"self":[{"href":"https:\/\/www.europesays.com\/it\/wp-json\/wp\/v2\/posts\/211027","targetHints":{"allow":["GET"]}}],"collection":[{"href":"https:\/\/www.europesays.com\/it\/wp-json\/wp\/v2\/posts"}],"about":[{"href":"https:\/\/www.europesays.com\/it\/wp-json\/wp\/v2\/types\/post"}],"author":[{"embeddable":true,"href":"https:\/\/www.europesays.com\/it\/wp-json\/wp\/v2\/users\/3"}],"replies":[{"embeddable":true,"href":"https:\/\/www.europesays.com\/it\/wp-json\/wp\/v2\/comments?post=211027"}],"version-history":[{"count":0,"href":"https:\/\/www.europesays.com\/it\/wp-json\/wp\/v2\/posts\/211027\/revisions"}],"wp:featuredmedia":[{"embeddable":true,"href":"https:\/\/www.europesays.com\/it\/wp-json\/wp\/v2\/media\/211028"}],"wp:attachment":[{"href":"https:\/\/www.europesays.com\/it\/wp-json\/wp\/v2\/media?parent=211027"}],"wp:term":[{"taxonomy":"category","embeddable":true,"href":"https:\/\/www.europesays.com\/it\/wp-json\/wp\/v2\/categories?post=211027"},{"taxonomy":"post_tag","embeddable":true,"href":"https:\/\/www.europesays.com\/it\/wp-json\/wp\/v2\/tags?post=211027"}],"curies":[{"name":"wp","href":"https:\/\/api.w.org\/{rel}","templated":true}]}}