{"id":211274,"date":"2025-11-12T10:39:12","date_gmt":"2025-11-12T10:39:12","guid":{"rendered":"https:\/\/www.europesays.com\/it\/211274\/"},"modified":"2025-11-12T10:39:12","modified_gmt":"2025-11-12T10:39:12","slug":"sarah-jessica-parker-che-per-incontrare-la-regina-camilla-ha-fatto-shopping-in-un-negozio-dellusato","status":"publish","type":"post","link":"https:\/\/www.europesays.com\/it\/211274\/","title":{"rendered":"Sarah Jessica Parker che per incontrare la regina Camilla ha fatto shopping in un negozio dell&#8217;usato"},"content":{"rendered":"<p>La regina Camilla dalla sua non \u00e8 sembrata intimorita all&#8217;idea di incontrare in carne e ossa un personaggio che deve allo stile buona parte della sua popolarit\u00e0. Fedele al suo di stile, la sovrana ha optato per un abito nero smanicato al quale ha appuntato <a href=\"https:\/\/www.vanityfair.it\/article\/kate-middleton-il-papavero-rosso-e-quel-colletto-che-sarebbe-piaciuto-a-diana-per-il-concerto-in-onore-dei-caduti-in-guerra\" target=\"_blank\" rel=\"nofollow noopener\"><strong>il papavero simbolo del Remembrance Day<\/strong><\/a> al quale ha abbinato una camicia bianca a pois e un paio di stivali neri.<\/p>\n<p>Prima del ricevimento a Clarence House c&#8217;\u00e8 stato per\u00f2 la premiazione vera e propria all&#8217;Old Billingsgate. Per l&#8217;insolito tappeto rosso, la star di <a href=\"https:\/\/www.vanityfair.it\/topic\/sex-and-the-city\" isautogenerated=\"true\" rel=\"nofollow noopener\" target=\"_blank\">Sex and the City<\/a> ha indossato quello che pi\u00f9 che un abito sembrava il costume di scena di un period drama ottocentesco, un look che sembra rubato alla protagonista del romanzo che Carrie Bradshaw conclude alla fine della saga che le ha dato fama imperitura.<\/p>\n<p>Un vestito color malva molto particolare, con un&#8217;allure che definire vintage sembra riduttiva, con colletto ricamato, corpetto rigido con abbottonatura e gonna percorsa da rifiniture scure abbinato a tacchi ricoperti di luccichini.<\/p>\n<p><img decoding=\"async\" alt=\"Sarah Jessica Parker.\" loading=\"lazy\" class=\"ResponsiveImageContainer-eNxvmU cfBbTk responsive-image__image\"   src=\"https:\/\/www.europesays.com\/it\/wp-content\/uploads\/2025\/11\/GettyImages-2246059378.jpg\"\/><\/p>\n<p>Sarah Jessica Parker.<\/p>\n<p>Simon Ackerman<\/p>\n<p>Quello che per\u00f2 ha fatto discutere di pi\u00f9 \u00e8 stato non solo il tradimento della <a href=\"https:\/\/www.vanityfair.it\/article\/baguette-viola-fendi-sex-and-city-carrie-bradshaw\" target=\"_blank\" rel=\"nofollow noopener\"><strong>Baguette di Fendi<\/strong><\/a> per la Peekaboo ma la tendenza pickpocket-friendly lanciata dalla maison alle <a href=\"https:\/\/www.vanityfair.it\/article\/fendi-primavera-estate-2026-romantica-con-un-tocco-pop\" target=\"_blank\" rel=\"nofollow noopener\"><strong>sfilate Primavera-estate 2026<\/strong><\/a> che con quell&#8217;apertura che mette in mostra l&#8217;interno strizza l&#8217;occhio ai borseggiatori. <a href=\"https:\/\/www.vanityfair.it\/gallery\/carrie-bradshaw-borsa-baguette-fendi-sarah-jessica-parker-set-and-just-like-that\" target=\"_blank\" rel=\"nofollow noopener\"><strong>Quei ladri che su Sex and the City rubavano a Carrie proprio l&#8217;adorata Baguette<\/strong><\/a>. Siamo quasi certi che si tratti di un inside joke. Basta seguire quel fil rouge, anzi le paillettes viola, che collegano la finzione con la realt\u00e0.<\/p>\n","protected":false},"excerpt":{"rendered":"La regina Camilla dalla sua non \u00e8 sembrata intimorita all&#8217;idea di incontrare in carne e ossa un personaggio&hellip;\n","protected":false},"author":3,"featured_media":211275,"comment_status":"","ping_status":"","sticky":false,"template":"","format":"standard","meta":{"footnotes":""},"categories":[1451],"tags":[1621,1620,203,204,1537,90,89,1447,19743,96100],"class_list":{"0":"post-211274","1":"post","2":"type-post","3":"status-publish","4":"format-standard","5":"has-post-thumbnail","7":"category-celebrita","8":"tag-celebrita","9":"tag-celebrities","10":"tag-entertainment","11":"tag-intrattenimento","12":"tag-it","13":"tag-italia","14":"tag-italy","15":"tag-reali","16":"tag-regina-camilla","17":"tag-sarah-jessica-parker"},"share_on_mastodon":{"url":"https:\/\/pubeurope.com\/@it\/115536302288935679","error":""},"_links":{"self":[{"href":"https:\/\/www.europesays.com\/it\/wp-json\/wp\/v2\/posts\/211274","targetHints":{"allow":["GET"]}}],"collection":[{"href":"https:\/\/www.europesays.com\/it\/wp-json\/wp\/v2\/posts"}],"about":[{"href":"https:\/\/www.europesays.com\/it\/wp-json\/wp\/v2\/types\/post"}],"author":[{"embeddable":true,"href":"https:\/\/www.europesays.com\/it\/wp-json\/wp\/v2\/users\/3"}],"replies":[{"embeddable":true,"href":"https:\/\/www.europesays.com\/it\/wp-json\/wp\/v2\/comments?post=211274"}],"version-history":[{"count":0,"href":"https:\/\/www.europesays.com\/it\/wp-json\/wp\/v2\/posts\/211274\/revisions"}],"wp:featuredmedia":[{"embeddable":true,"href":"https:\/\/www.europesays.com\/it\/wp-json\/wp\/v2\/media\/211275"}],"wp:attachment":[{"href":"https:\/\/www.europesays.com\/it\/wp-json\/wp\/v2\/media?parent=211274"}],"wp:term":[{"taxonomy":"category","embeddable":true,"href":"https:\/\/www.europesays.com\/it\/wp-json\/wp\/v2\/categories?post=211274"},{"taxonomy":"post_tag","embeddable":true,"href":"https:\/\/www.europesays.com\/it\/wp-json\/wp\/v2\/tags?post=211274"}],"curies":[{"name":"wp","href":"https:\/\/api.w.org\/{rel}","templated":true}]}}