{"id":211882,"date":"2025-11-12T20:18:17","date_gmt":"2025-11-12T20:18:17","guid":{"rendered":"https:\/\/www.europesays.com\/it\/211882\/"},"modified":"2025-11-12T20:18:17","modified_gmt":"2025-11-12T20:18:17","slug":"audi-ecco-come-il-nuovo-design-essenziale-sta-trasformando-lidentita-del-marchio","status":"publish","type":"post","link":"https:\/\/www.europesays.com\/it\/211882\/","title":{"rendered":"Audi, ecco come il nuovo design essenziale sta trasformando l\u2019identit\u00e0 del marchio"},"content":{"rendered":"<p class=\"summary-art is-mr-b-25\">\u00abDesign the Future\u00bb: un incontro tra la Casa dei quattro anelli e la community di H-Farm sul ruolo del design e delle strategie aziendali nel guidare il cambiamento. Non solo nel progettare automobili come Concept C<\/p>\n<p><a href=\"#\" onclick=\"return false;\" style=\"cursor:default;\"><br \/>\n    <img decoding=\"async\" width=\"572\" height=\"430\" fetchpriority=\"high\" alt=\"\u201cDesign the Future\u201d: Audi guida la trasformazione nel segno dell\u2019essenzialit\u00e0\" src=\"https:\/\/dimages2.corriereobjects.it\/files\/main_image_430\/uploads\/2025\/11\/12\/6914ba3ac6fb4.jpeg\" data-full-src=\"https:\/\/www.europesays.com\/it\/wp-content\/uploads\/2025\/11\/6914ba3ac6fb4.jpeg\"\/><br \/>\n<\/a><\/p>\n<p class=\"text \" id=\"m2269-2268-2270\" data-convert-to-href=\"\">Gavin Ivester, Paolo Ciuccarelli, Johannes Schafelner e Timm Barlet<\/p>\n<p class=\"chapter-paragraph\">\u00c8 evidente che l\u2019unveiling a Milano di <b><a href=\"https:\/\/www.corriere.it\/motori\/prove\/25_ottobre_20\/prima-prova-concept-c-madre-tutte-audi-futuro-5d2f7bea-ad8b-11f0-a6fa-9cde8d2419ee.shtml\" title=\"La prima prova di Concept C, la \u00abmadre\u00bb di tutte le Audi del futuro\" rel=\"nofollow noopener\" target=\"_blank\">Audi Concept C<\/a> <\/b>dello scorso settembre &#8211; caratterizzato dal motto \u00abStrive for Clarity\u00bb &#8211; abbia segnato\u00a0un capitolo fondamentale della trasformazione Audi. Con un design orientato come non mai all\u2019essenzialit\u00e0 e un&#8217;identit\u00e0 forte, chiara e riconoscibile, la Casa dei quattro anelli ha compiuto un netto passo verso uno stile senza tempo e votato alla purezza delle linee. La nuova filosofia di design, definita The Radical Next da <b><a href=\"https:\/\/video.corriere.it\/motori\/audi-concept-c-roadster-futuro\/5157c5ac-88ab-11f0-b7e7-702351fae2ef\" title=\"Audi Concept C, la roadster del futuro\" rel=\"nofollow noopener\" target=\"_blank\">Massimo Frascella,<\/a> <\/b>Chief Creative Officer di Audi, \u00e8 il focus del riallineamento del brand, una sorta di nuovo inizio per la Casa nel proprio complesso. Prodotti, processi e strutture sono votati all\u2019essenziale, gettando le basi per l&#8217;innovazione e la leadership tecnologica.\u00a0    &#13;<br \/>\n&#13;<br \/>\n&#13;<br \/>\n&#13;<br \/>\n&#13;<br \/>\n&#13;<br \/>\n&#13;<br \/>\n&#13;<br \/>\n&#13;<br \/>\n&#13;<br \/>\n&#13;<br \/>\n&#13;<br \/>\n&#13;<br \/>\n&#13;<br \/>\n&#13;<br \/>\n&#13;<br \/>\n&#13;<br \/>\n&#13;<br \/>\n&#13;<br \/>\n&#13;<br \/>\n&#13;<br \/>\n&#13;<br \/>\n&#13;<br \/>\n&#13;<br \/>\n&#13;<br \/>\n&#13;<br \/>\n&#13;<br \/>\n&#13;<br \/>\n&#13;<br \/>\n&#13;<br \/>\n&#13;<br \/>\n&#13;<br \/>\n&#13;<br \/>\n&#13;<br \/>\n&#13;<br \/>\n&#13;<br \/>\n&#13;<br \/>\n&#13;<br \/>\n&#13;<br \/>\n&#13;<br \/>\n&#13;<br \/>\n&#13;<br \/>\n&#13;<br \/>\n&#13;<br \/>\n&#13;<br \/>\n&#13;<br \/>\n&#13;<br \/>\n&#13;<br \/>\n&#13;<br \/>\n&#13;<br \/>\n&#13;<br \/>\n&#13;<br \/>\n&#13;\n<\/p>\n<p>    Da 8 anni con H-Farm<\/p>\n<p class=\"paragraph\">Per proseguire in questo percorso di trasformazione, in occasione dell\u2019incontro \u00ab<b>Design the Future\u00bb<\/b>, la Casa dei quattro anelli si \u00e8 confrontata con la community di<b> H-FARM<\/b> sul ruolo del design e delle strategie aziendali nel guidare il cambiamento. L\u2019iniziativa, inserita all\u2019interno della partnership fra Audi ed <a href=\"\">H-FARM<\/a> &#8211; <b>hub di innovazione<\/b> dove startup, programmi educativi e consulenza si incontrano per promuovere l\u2019innovazione attraverso la tecnologia &#8211; \u00e8 un ulteriore step nel cammino di crescita e condivisione che le due realt\u00e0 stanno portando avanti da otto anni all\u2019insegna della cultura dell\u2019innovazione. In questo contesto si \u00e8 sviluppato l\u2019interessante confronto sul ruolo cardine del design e della sua centralit\u00e0 nell\u2019evoluzione d\u2019impresa. Sul palco di H-FARM sono intervenuti Timm Barlet, Managing Director Audi Italia, <b>Paolo Ciuccarelli<\/b>, Founding Director, Center for Design, presso Northeastern University (Boston), <b>Gavin Ivester<\/b>, Vice President Design di Cisco e <b>Johannes Schafelner<\/b>, Architect &amp; Director presso Zaha Hadid Architects. Presenti anche i ragazzi di <b>Audi We Generation<\/b>, che hanno raccontato l\u2019evento attraverso il punto di vista della Generazione Z.<\/p>\n<p>        <img decoding=\"async\" class=\"is_full_image\" loading=\"lazy\" alt=\"Audi, come il nuovo design essenziale sta trasformando l\u2019identit\u00e0 del marchio\" src=\"https:\/\/www.europesays.com\/it\/wp-content\/uploads\/2025\/11\/6914bc803f9c1.jpeg\" data-full-src=\"https:\/\/www.europesays.com\/it\/wp-content\/uploads\/2025\/11\/6914bc803f9c1.jpeg\"\/><\/p>\n<p>    \u00abIl design \u00e8 strategico\u00bb<\/p>\n<p class=\"paragraph\">I diversi relatori hanno condiviso la loro visione con il pubblico presente in sala, in un confronto che ha attraversato mondi diversi \u2014 automotive, tecnologia, architettura e ricerca \u2014 per scoprire come il design possa essere il linguaggio universale del futuro. Durante il suo intervento <b>Timm Barlet<\/b> ha sottolineato come il design sia una forza in grado di plasmare il futuro e guidare il cambiamento: non solo dal punto di vista estetico, ma anche come elemento strategico nelle decisioni aziendali e nell&#8217;impatto sociale, capace di influenzare il mercato e la societ\u00e0 in un momento complesso e caotico come quello contingente. \u00abRicerca di chiarezza, avanguardia tecnologica ed innovazione unite ad emozione diventano le forze trainanti nel tracciare nuove rotte per il futuro e nel rispondere alle sfide odierne, semplificando e fornendo risposte concrete alle problematiche emerse, sia per Audi che per la societ\u00e0 stessa\u00bb ha detto Barlet. Il nuovo approccio abbraccia cos\u00ec ogni aspetto dell&#8217;esperienza Audi, \u00e8 un principio imprenditoriale che plasma il futuro del brand e che influenzer\u00e0 l&#8217;intera filosofia, struttura e organizzazione dell&#8217;azienda.<\/p>\n<p>    Audi e H-Farm<\/p>\n<p class=\"paragraph\">Non \u00e8 un caso che Audi abbia scelto H-FARM per raccontare il nuovo concetto. Le due realt\u00e0 condividono dal 2017 u<b>n percorso che unisce impresa, formazione e sperimentazione tecnologica<\/b>. La partnership si articola in quattro aree: cultura e eventi sull\u2019innovazione, come il ciclo di incontri Audi Club e \u201cDesign the Future\u201d stesso; formazione e talent development, con il <b>progetto We Generation<\/b> che coinvolge ogni anno studenti universitari in attivit\u00e0 di mentoring e approfondimento; formazione interna, con iniziative come AUDInsieme e programmi esperienziali nel campus; e comunicazione e innovazione, dando vita a progetti pionieristici come Mountain Progress Lab e Digital Window nelle localit\u00e0 montane di Madonna di Campiglio e Cortina, partner del brand. <br \/>Inoltre, Audi e H-FARM stanno esplorando assieme il ruolo dell\u2019<b>intelligenza artificiale<\/b> e delle nuove tecnologie come strumenti per generare valore, promuovere conoscenza e costruire una visione condivisa di futuro.<\/p>\n<p class=\"is-last-update\" datetime=\"2025-11-12T18:30:50+01:00\">12 novembre 2025 ( modifica il 12 novembre 2025 | 18:32)<\/p>\n<p class=\"is-copyright\">\n            \u00a9 RIPRODUZIONE RISERVATA\n        <\/p>\n","protected":false},"excerpt":{"rendered":"\u00abDesign the Future\u00bb: un incontro tra la Casa dei quattro anelli e la community di H-Farm sul ruolo&hellip;\n","protected":false},"author":3,"featured_media":211883,"comment_status":"","ping_status":"","sticky":false,"template":"","format":"standard","meta":{"footnotes":"","_share_on_mastodon":"0"},"categories":[173],"tags":[10213,3359,126419,126413,11256,126420,126421,126414,12522,4913,38612,126422,126423,6350,38062,2491,1644,1612,126424,126425,126415,126416,61949,2391,64886,38069,126426,126427,15343,10427,1974,4252,1561,13968,126417,7808,3264,399,4909,1537,90,89,2508,48160,138,195,198,199,197,200,201,194,196,33183,628,126418],"class_list":["post-211882","post","type-post","status-publish","format-standard","has-post-thumbnail","category-scienza-e-tecnologia","tag-anelli","tag-audi","tag-audi-design","tag-audi-farm","tag-aziendali","tag-aziendali-guidare","tag-aziendali-guidare-cambiamento","tag-barlet","tag-brand","tag-cambiamento","tag-community","tag-community-farm","tag-community-farm-ruolo","tag-complesso","tag-concept","tag-confronto","tag-cultura","tag-design","tag-design-strategie","tag-design-strategie-aziendali","tag-design-the","tag-design-the-future","tag-director","tag-diversi","tag-essenziale","tag-farm","tag-farm-ruolo","tag-farm-ruolo-design","tag-filosofia","tag-for","tag-formazione","tag-future","tag-generation","tag-guidare","tag-guidare-cambiamento","tag-identita","tag-impresa","tag-incontro","tag-innovazione","tag-it","tag-italia","tag-italy","tag-nuove","tag-partnership","tag-ruolo","tag-science","tag-science-and-technology","tag-scienceandtechnology","tag-scienza","tag-scienza-e-tecnologia","tag-scienzaetecnologia","tag-technology","tag-tecnologia","tag-tecnologica","tag-the","tag-the-future"],"share_on_mastodon":{"url":"","error":"Validation failed: Text character limit of 500 exceeded"},"_links":{"self":[{"href":"https:\/\/www.europesays.com\/it\/wp-json\/wp\/v2\/posts\/211882","targetHints":{"allow":["GET"]}}],"collection":[{"href":"https:\/\/www.europesays.com\/it\/wp-json\/wp\/v2\/posts"}],"about":[{"href":"https:\/\/www.europesays.com\/it\/wp-json\/wp\/v2\/types\/post"}],"author":[{"embeddable":true,"href":"https:\/\/www.europesays.com\/it\/wp-json\/wp\/v2\/users\/3"}],"replies":[{"embeddable":true,"href":"https:\/\/www.europesays.com\/it\/wp-json\/wp\/v2\/comments?post=211882"}],"version-history":[{"count":0,"href":"https:\/\/www.europesays.com\/it\/wp-json\/wp\/v2\/posts\/211882\/revisions"}],"wp:featuredmedia":[{"embeddable":true,"href":"https:\/\/www.europesays.com\/it\/wp-json\/wp\/v2\/media\/211883"}],"wp:attachment":[{"href":"https:\/\/www.europesays.com\/it\/wp-json\/wp\/v2\/media?parent=211882"}],"wp:term":[{"taxonomy":"category","embeddable":true,"href":"https:\/\/www.europesays.com\/it\/wp-json\/wp\/v2\/categories?post=211882"},{"taxonomy":"post_tag","embeddable":true,"href":"https:\/\/www.europesays.com\/it\/wp-json\/wp\/v2\/tags?post=211882"}],"curies":[{"name":"wp","href":"https:\/\/api.w.org\/{rel}","templated":true}]}}