{"id":211963,"date":"2025-11-12T21:29:16","date_gmt":"2025-11-12T21:29:16","guid":{"rendered":"https:\/\/www.europesays.com\/it\/211963\/"},"modified":"2025-11-12T21:29:16","modified_gmt":"2025-11-12T21:29:16","slug":"il-napoli-si-allena-ma-conte-non-ce-out-anche-anguissa-calcio","status":"publish","type":"post","link":"https:\/\/www.europesays.com\/it\/211963\/","title":{"rendered":"Il Napoli si allena ma Conte non c&#8217;\u00e8, out anche Anguissa &#8211; Calcio"},"content":{"rendered":"<p>I colpi di scena in casa Napoli sono ormai all&#8217;ordine del giorno. Alla ripresa degli allenamenti dopo i giorni di permesso concessi in concomitanza degli impegni con le Nazionali dei giocatori non convocati, a Castel Volturno non era presente Antonio Conte.<\/p>\n<p>Appena si \u00e8 diffusa la voce dell&#8217;assenza del tecnico hanno cominciato a girare le illazioni e i commenti e anche i social sono diventati bollenti per i commenti dei tifosi. E&#8217; stata necessaria una precisazione della Societ\u00e0 che sul proprio sito ha pubblicato una nota per spiegare che &#8220;Mister Antonio Conte, come gi\u00e0 programmato e concordato da tempo con il club, rientrer\u00e0 al SSC Napoli Training Center luned\u00ec 17 novembre&#8221;.<\/p>\n<p>Il giallo dunque si \u00e8 chiarito in pochissimo tempo. Conte ha semplicemente staccato la spina per qualche giorno e si \u00e8 trasferito a Torino, dove peraltro risiede, in compagnia dei propri familiari. Anche le voci di un suo viaggio a Roma per incontrare Aurelio De Laurentiis si sono rivelate prive di ogni fondamento perch\u00e9 il presidente in questi giorni si trova all&#8217;estero.<\/p>\n<p>Gli impegni con le Nazionali riguardano undici calciatori &#8211; Buongiorno, Di Lorenzo, Politano, Elmas, Hojlund, Lobotka, McTominay, Lang, Rrahmani, Olivera e Anguissa &#8211; ai quali vanno aggiunti gli infortunati De Bruyne e Meret che pure sono assenti perch\u00e9 impegnati nella fase di recupero. Dai raduni, secondo quella che \u00e8 diventata ormai una spiacevole consuetudine, arriva un&#8217;altra cattiva notizia.<\/p>\n<p>Continua infatti la serie degli infortuni. Ora \u00e8 il turno di Frank Zambo Anguissa che ha avuto un problema a un flessore durante l&#8217;allenamento della Nazionale. Il Napoli ha chiesto alla Federazione del Camerun di autorizzare il rientro anticipato del calciatore per farlo sottoporre agli esami strumentali. Nelle prossime ore Anguissa effettuer\u00e0 una risonanza magnetica che chiarir\u00e0 l&#8217;entit\u00e0 dell&#8217;infortunio e i tempi di recupero. Le ipotesi pi\u00f9 pessimistiche sono di una sosta forzata di 30-40 giorni.<\/p>\n<p>Insomma l&#8217;inevitabile chiarimento tra l&#8217;allenatore e la squadra, dopo le polemiche interne seguite alla sconfitta subita a Bologna, dovr\u00e0 essere rimandato per cause di forza maggiore alla prossima settimana quando alla spicciolata rientreranno tutti i convocati.<\/p>\n<p>Il lavoro che attende Conte e la squadra \u00e8 notevole. Alla ripresa, infatti, il Napoli \u00e8 atteso da un nuovo tour de force: Atalanta e Roma in campionato e Qarabag in Champions in una sfida che potrebbe risultare decisiva per il futuro degli azzurri nella pi\u00f9 importante competizione internazionale.<\/p>\n<p class=\"article-copyright\">\n<p>Riproduzione riservata \u00a9 Copyright ANSA<\/p>\n","protected":false},"excerpt":{"rendered":"I colpi di scena in casa Napoli sono ormai all&#8217;ordine del giorno. Alla ripresa degli allenamenti dopo i&hellip;\n","protected":false},"author":3,"featured_media":211964,"comment_status":"","ping_status":"","sticky":false,"template":"","format":"standard","meta":{"footnotes":"","_share_on_mastodon":"0"},"categories":[1452],"tags":[57037,721,1740,1537,90,89,248,1739,245,244],"class_list":["post-211963","post","type-post","status-publish","format-standard","has-post-thumbnail","category-calcio","tag-anguissa","tag-calcio","tag-football","tag-it","tag-italia","tag-italy","tag-napoli","tag-soccer","tag-sport","tag-sports"],"share_on_mastodon":{"url":"https:\/\/pubeurope.com\/@it\/115538858271975073","error":""},"_links":{"self":[{"href":"https:\/\/www.europesays.com\/it\/wp-json\/wp\/v2\/posts\/211963","targetHints":{"allow":["GET"]}}],"collection":[{"href":"https:\/\/www.europesays.com\/it\/wp-json\/wp\/v2\/posts"}],"about":[{"href":"https:\/\/www.europesays.com\/it\/wp-json\/wp\/v2\/types\/post"}],"author":[{"embeddable":true,"href":"https:\/\/www.europesays.com\/it\/wp-json\/wp\/v2\/users\/3"}],"replies":[{"embeddable":true,"href":"https:\/\/www.europesays.com\/it\/wp-json\/wp\/v2\/comments?post=211963"}],"version-history":[{"count":0,"href":"https:\/\/www.europesays.com\/it\/wp-json\/wp\/v2\/posts\/211963\/revisions"}],"wp:featuredmedia":[{"embeddable":true,"href":"https:\/\/www.europesays.com\/it\/wp-json\/wp\/v2\/media\/211964"}],"wp:attachment":[{"href":"https:\/\/www.europesays.com\/it\/wp-json\/wp\/v2\/media?parent=211963"}],"wp:term":[{"taxonomy":"category","embeddable":true,"href":"https:\/\/www.europesays.com\/it\/wp-json\/wp\/v2\/categories?post=211963"},{"taxonomy":"post_tag","embeddable":true,"href":"https:\/\/www.europesays.com\/it\/wp-json\/wp\/v2\/tags?post=211963"}],"curies":[{"name":"wp","href":"https:\/\/api.w.org\/{rel}","templated":true}]}}